{"id":4278,"date":"2023-09-12T13:33:09","date_gmt":"2023-09-12T11:33:09","guid":{"rendered":"https:\/\/agora.xtec.cat\/insrosetamauri\/?p=4278"},"modified":"2023-09-12T13:33:09","modified_gmt":"2023-09-12T11:33:09","slug":"condol-i-solidaritat-cap-a-la-comunitat-marroquina","status":"publish","type":"post","link":"https:\/\/agora.xtec.cat\/insrosetamauri\/general\/condol-i-solidaritat-cap-a-la-comunitat-marroquina\/","title":{"rendered":"Condol i solidaritat cap a la comunitat marroquina"},"content":{"rendered":"<p>Des de l&#8217;Institut Roseta Mauri volem mostrar el nostre suport i solidaritat a totes les v\u00edctimes del terratr\u00e8mol que va sacsejar la regi\u00f3 de l&#8217;Atles marroqu\u00ed la passada matinada de dissabte 9 de setembre.<\/p>\n<p>Aquest mat\u00ed hem realitzat un minut de silenci com a mostra de condol a la comunitat marroquina.<\/p>\n<p><img loading=\"lazy\" decoding=\"async\" class=\"aligncenter size-medium wp-image-4279\" src=\"https:\/\/agora.xtec.cat\/insrosetamauri\/wp-content\/uploads\/usu605\/2023\/09\/Condol-marroc-300x300.png\" alt=\"\" width=\"300\" height=\"300\" srcset=\"https:\/\/agora.xtec.cat\/insrosetamauri\/wp-content\/uploads\/usu605\/2023\/09\/Condol-marroc-300x300.png 300w, https:\/\/agora.xtec.cat\/insrosetamauri\/wp-content\/uploads\/usu605\/2023\/09\/Condol-marroc-1024x1024.png 1024w, https:\/\/agora.xtec.cat\/insrosetamauri\/wp-content\/uploads\/usu605\/2023\/09\/Condol-marroc-150x150.png 150w, https:\/\/agora.xtec.cat\/insrosetamauri\/wp-content\/uploads\/usu605\/2023\/09\/Condol-marroc-768x768.png 768w, https:\/\/agora.xtec.cat\/insrosetamauri\/wp-content\/uploads\/usu605\/2023\/09\/Condol-marroc.png 1080w\" sizes=\"auto, (max-width: 300px) 100vw, 300px\" \/><\/p>\n","protected":false},"excerpt":{"rendered":"<p>Des de l&#8217;Institut Roseta Mauri volem mostrar el nostre suport i solidaritat a totes les v\u00edctimes del terratr\u00e8mol que va sacsejar la regi\u00f3 de l&#8217;Atles marroqu\u00ed la passada matinada de dissabte 9 de setembre.<br \/>\nAquest mat\u00ed hem realitzat un minut de silenci com a mostra de&hellip;  <a href=\"https:\/\/agora.xtec.cat\/insrosetamauri\/general\/condol-i-solidaritat-cap-a-la-comunitat-marroquina\/\" title=\"Read Condol i solidaritat cap a la comunitat marroquina\">Llegeix m\u00e9s\u00bb<\/a><\/p>\n","protected":false},"author":3,"featured_media":4279,"comment_status":"closed","ping_status":"closed","sticky":false,"template":"","format":"standard","meta":{"_bbp_topic_count":0,"_bbp_reply_count":0,"_bbp_total_topic_count":0,"_bbp_total_reply_count":0,"_bbp_voice_count":0,"_bbp_anonymous_reply_count":0,"_bbp_topic_count_hidden":0,"_bbp_reply_count_hidden":0,"_bbp_forum_subforum_count":0,"footnotes":""},"categories":[1,29],"tags":[],"class_list":["post-4278","post","type-post","status-publish","format-standard","has-post-thumbnail","hentry","category-general","category-portada"],"post_mailing_queue_ids":[],"_links":{"self":[{"href":"https:\/\/agora.xtec.cat\/insrosetamauri\/wp-json\/wp\/v2\/posts\/4278","targetHints":{"allow":["GET"]}}],"collection":[{"href":"https:\/\/agora.xtec.cat\/insrosetamauri\/wp-json\/wp\/v2\/posts"}],"about":[{"href":"https:\/\/agora.xtec.cat\/insrosetamauri\/wp-json\/wp\/v2\/types\/post"}],"author":[{"embeddable":true,"href":"https:\/\/agora.xtec.cat\/insrosetamauri\/wp-json\/wp\/v2\/users\/3"}],"replies":[{"embeddable":true,"href":"https:\/\/agora.xtec.cat\/insrosetamauri\/wp-json\/wp\/v2\/comments?post=4278"}],"version-history":[{"count":1,"href":"https:\/\/agora.xtec.cat\/insrosetamauri\/wp-json\/wp\/v2\/posts\/4278\/revisions"}],"predecessor-version":[{"id":4280,"href":"https:\/\/agora.xtec.cat\/insrosetamauri\/wp-json\/wp\/v2\/posts\/4278\/revisions\/4280"}],"wp:featuredmedia":[{"embeddable":true,"href":"https:\/\/agora.xtec.cat\/insrosetamauri\/wp-json\/wp\/v2\/media\/4279"}],"wp:attachment":[{"href":"https:\/\/agora.xtec.cat\/insrosetamauri\/wp-json\/wp\/v2\/media?parent=4278"}],"wp:term":[{"taxonomy":"category","embeddable":true,"href":"https:\/\/agora.xtec.cat\/insrosetamauri\/wp-json\/wp\/v2\/categories?post=4278"},{"taxonomy":"post_tag","embeddable":true,"href":"https:\/\/agora.xtec.cat\/insrosetamauri\/wp-json\/wp\/v2\/tags?post=4278"}],"curies":[{"name":"wp","href":"https:\/\/api.w.org\/{rel}","templated":true}]}}