{"id":4229,"date":"2023-07-03T16:19:26","date_gmt":"2023-07-03T14:19:26","guid":{"rendered":"https:\/\/agora.xtec.cat\/insrosetamauri\/?p=4229"},"modified":"2023-07-10T16:53:32","modified_gmt":"2023-07-10T14:53:32","slug":"activitats-destiu-gratuites-de-planet-reus","status":"publish","type":"post","link":"https:\/\/agora.xtec.cat\/insrosetamauri\/general\/activitats-destiu-gratuites-de-planet-reus\/","title":{"rendered":"Activitats d&#8217;estiu gratu\u00eftes de Planet Reus"},"content":{"rendered":"<p>Us proposem que aprofiteu les vacances per dur a terme algunes de les m\u00e9s de 100 activitats gratu\u00eftes de Planet Reus!<\/p>\n<p>Aquesta oferta d&#8217;activitats estiuenques est\u00e0 adre\u00e7ada a joves a partir de 12 anys i es podran realitzar des del 3 de juliol fins al 4 d\u2019agost.<\/p>\n<p>Inscripcions: <a href=\"https:\/\/inscripcions.reus.cat\" target=\"_blank\" rel=\"noopener\">https:\/\/inscripcions.reus.cat<\/a><\/p>\n<p><img loading=\"lazy\" decoding=\"async\" class=\"aligncenter size-medium wp-image-4243\" src=\"https:\/\/agora.xtec.cat\/insrosetamauri\/wp-content\/uploads\/usu605\/2023\/06\/estiu-jove-2023-cartell-214x300.jpeg\" alt=\"\" width=\"214\" height=\"300\" srcset=\"https:\/\/agora.xtec.cat\/insrosetamauri\/wp-content\/uploads\/usu605\/2023\/06\/estiu-jove-2023-cartell-214x300.jpeg 214w, https:\/\/agora.xtec.cat\/insrosetamauri\/wp-content\/uploads\/usu605\/2023\/06\/estiu-jove-2023-cartell-731x1024.jpeg 731w, https:\/\/agora.xtec.cat\/insrosetamauri\/wp-content\/uploads\/usu605\/2023\/06\/estiu-jove-2023-cartell-768x1076.jpeg 768w, https:\/\/agora.xtec.cat\/insrosetamauri\/wp-content\/uploads\/usu605\/2023\/06\/estiu-jove-2023-cartell-1096x1536.jpeg 1096w, https:\/\/agora.xtec.cat\/insrosetamauri\/wp-content\/uploads\/usu605\/2023\/06\/estiu-jove-2023-cartell.jpeg 1142w\" sizes=\"auto, (max-width: 214px) 100vw, 214px\" \/><\/p>\n","protected":false},"excerpt":{"rendered":"<p>Us proposem que aprofiteu les vacances per dur a terme algunes de les m\u00e9s de 100 activitats gratu\u00eftes de Planet Reus!<br \/>\nAquesta oferta d&#8217;activitats estiuenques est\u00e0 adre\u00e7ada a joves a partir de 12 anys i es podran realitzar des del 3 de juliol fins al 4&hellip;  <a href=\"https:\/\/agora.xtec.cat\/insrosetamauri\/general\/activitats-destiu-gratuites-de-planet-reus\/\" title=\"Read Activitats d&#8217;estiu gratu\u00eftes de Planet Reus\">Llegeix m\u00e9s\u00bb<\/a><\/p>\n","protected":false},"author":3,"featured_media":4243,"comment_status":"closed","ping_status":"closed","sticky":false,"template":"","format":"standard","meta":{"_bbp_topic_count":0,"_bbp_reply_count":0,"_bbp_total_topic_count":0,"_bbp_total_reply_count":0,"_bbp_voice_count":0,"_bbp_anonymous_reply_count":0,"_bbp_topic_count_hidden":0,"_bbp_reply_count_hidden":0,"_bbp_forum_subforum_count":0,"footnotes":""},"categories":[1,29],"tags":[],"class_list":["post-4229","post","type-post","status-publish","format-standard","has-post-thumbnail","hentry","category-general","category-portada"],"post_mailing_queue_ids":[],"_links":{"self":[{"href":"https:\/\/agora.xtec.cat\/insrosetamauri\/wp-json\/wp\/v2\/posts\/4229","targetHints":{"allow":["GET"]}}],"collection":[{"href":"https:\/\/agora.xtec.cat\/insrosetamauri\/wp-json\/wp\/v2\/posts"}],"about":[{"href":"https:\/\/agora.xtec.cat\/insrosetamauri\/wp-json\/wp\/v2\/types\/post"}],"author":[{"embeddable":true,"href":"https:\/\/agora.xtec.cat\/insrosetamauri\/wp-json\/wp\/v2\/users\/3"}],"replies":[{"embeddable":true,"href":"https:\/\/agora.xtec.cat\/insrosetamauri\/wp-json\/wp\/v2\/comments?post=4229"}],"version-history":[{"count":2,"href":"https:\/\/agora.xtec.cat\/insrosetamauri\/wp-json\/wp\/v2\/posts\/4229\/revisions"}],"predecessor-version":[{"id":4245,"href":"https:\/\/agora.xtec.cat\/insrosetamauri\/wp-json\/wp\/v2\/posts\/4229\/revisions\/4245"}],"wp:featuredmedia":[{"embeddable":true,"href":"https:\/\/agora.xtec.cat\/insrosetamauri\/wp-json\/wp\/v2\/media\/4243"}],"wp:attachment":[{"href":"https:\/\/agora.xtec.cat\/insrosetamauri\/wp-json\/wp\/v2\/media?parent=4229"}],"wp:term":[{"taxonomy":"category","embeddable":true,"href":"https:\/\/agora.xtec.cat\/insrosetamauri\/wp-json\/wp\/v2\/categories?post=4229"},{"taxonomy":"post_tag","embeddable":true,"href":"https:\/\/agora.xtec.cat\/insrosetamauri\/wp-json\/wp\/v2\/tags?post=4229"}],"curies":[{"name":"wp","href":"https:\/\/api.w.org\/{rel}","templated":true}]}}