{"id":4150,"date":"2023-05-04T20:23:42","date_gmt":"2023-05-04T18:23:42","guid":{"rendered":"https:\/\/agora.xtec.cat\/insrosetamauri\/?p=4150"},"modified":"2023-05-22T12:34:40","modified_gmt":"2023-05-22T10:34:40","slug":"ruta-dels-primers-cristians-a-tarraco","status":"publish","type":"post","link":"https:\/\/agora.xtec.cat\/insrosetamauri\/general\/ruta-dels-primers-cristians-a-tarraco\/","title":{"rendered":"Ruta dels primers cristians a T\u00e0rraco"},"content":{"rendered":"<p>L&#8217;alumnat de 1r de Religi\u00f3 hem resseguit avui els passos dels primers cristians a T\u00e0rraco. Per aix\u00f2 hem visitat l&#8217;amfiteatre, la part alta identificant les tres terrasses, la Necr\u00f2polis i les restes de la Bas\u00edlica Paleocristiana del Parc Central. Amb l&#8217;ajuda de la t\u00e8cnica hem pogut veure-ho amb realitat virtual.<\/p>\n<p>Tota una lli\u00e7\u00f3 d&#8217;hist\u00f2ria!<\/p>\n<p><img loading=\"lazy\" decoding=\"async\" class=\"aligncenter size-medium wp-image-4151\" src=\"https:\/\/agora.xtec.cat\/insrosetamauri\/wp-content\/uploads\/usu605\/2023\/05\/1684751376661-300x275.jpg\" alt=\"\" width=\"300\" height=\"275\" srcset=\"https:\/\/agora.xtec.cat\/insrosetamauri\/wp-content\/uploads\/usu605\/2023\/05\/1684751376661-300x275.jpg 300w, https:\/\/agora.xtec.cat\/insrosetamauri\/wp-content\/uploads\/usu605\/2023\/05\/1684751376661-1024x940.jpg 1024w, https:\/\/agora.xtec.cat\/insrosetamauri\/wp-content\/uploads\/usu605\/2023\/05\/1684751376661-768x705.jpg 768w, https:\/\/agora.xtec.cat\/insrosetamauri\/wp-content\/uploads\/usu605\/2023\/05\/1684751376661.jpg 1069w\" sizes=\"auto, (max-width: 300px) 100vw, 300px\" \/><\/p>\n<p>&nbsp;<\/p>\n<p>&nbsp;<\/p>\n","protected":false},"excerpt":{"rendered":"<p>L&#8217;alumnat de 1r de Religi\u00f3 hem resseguit avui els passos dels primers cristians a T\u00e0rraco. Per aix\u00f2 hem visitat l&#8217;amfiteatre, la part alta identificant les tres terrasses, la Necr\u00f2polis i les restes de la Bas\u00edlica Paleocristiana del Parc Central. Amb l&#8217;ajuda de la t\u00e8cnica hem&hellip;  <a href=\"https:\/\/agora.xtec.cat\/insrosetamauri\/general\/ruta-dels-primers-cristians-a-tarraco\/\" title=\"Read Ruta dels primers cristians a T\u00e0rraco\">Llegeix m\u00e9s\u00bb<\/a><\/p>\n","protected":false},"author":3,"featured_media":4151,"comment_status":"closed","ping_status":"closed","sticky":false,"template":"","format":"standard","meta":{"_bbp_topic_count":0,"_bbp_reply_count":0,"_bbp_total_topic_count":0,"_bbp_total_reply_count":0,"_bbp_voice_count":0,"_bbp_anonymous_reply_count":0,"_bbp_topic_count_hidden":0,"_bbp_reply_count_hidden":0,"_bbp_forum_subforum_count":0,"footnotes":""},"categories":[3,1,29,116],"tags":[],"class_list":["post-4150","post","type-post","status-publish","format-standard","has-post-thumbnail","hentry","category-eso","category-general","category-portada","category-religio"],"post_mailing_queue_ids":[],"_links":{"self":[{"href":"https:\/\/agora.xtec.cat\/insrosetamauri\/wp-json\/wp\/v2\/posts\/4150","targetHints":{"allow":["GET"]}}],"collection":[{"href":"https:\/\/agora.xtec.cat\/insrosetamauri\/wp-json\/wp\/v2\/posts"}],"about":[{"href":"https:\/\/agora.xtec.cat\/insrosetamauri\/wp-json\/wp\/v2\/types\/post"}],"author":[{"embeddable":true,"href":"https:\/\/agora.xtec.cat\/insrosetamauri\/wp-json\/wp\/v2\/users\/3"}],"replies":[{"embeddable":true,"href":"https:\/\/agora.xtec.cat\/insrosetamauri\/wp-json\/wp\/v2\/comments?post=4150"}],"version-history":[{"count":1,"href":"https:\/\/agora.xtec.cat\/insrosetamauri\/wp-json\/wp\/v2\/posts\/4150\/revisions"}],"predecessor-version":[{"id":4152,"href":"https:\/\/agora.xtec.cat\/insrosetamauri\/wp-json\/wp\/v2\/posts\/4150\/revisions\/4152"}],"wp:featuredmedia":[{"embeddable":true,"href":"https:\/\/agora.xtec.cat\/insrosetamauri\/wp-json\/wp\/v2\/media\/4151"}],"wp:attachment":[{"href":"https:\/\/agora.xtec.cat\/insrosetamauri\/wp-json\/wp\/v2\/media?parent=4150"}],"wp:term":[{"taxonomy":"category","embeddable":true,"href":"https:\/\/agora.xtec.cat\/insrosetamauri\/wp-json\/wp\/v2\/categories?post=4150"},{"taxonomy":"post_tag","embeddable":true,"href":"https:\/\/agora.xtec.cat\/insrosetamauri\/wp-json\/wp\/v2\/tags?post=4150"}],"curies":[{"name":"wp","href":"https:\/\/api.w.org\/{rel}","templated":true}]}}