{"id":4110,"date":"2023-04-13T17:25:21","date_gmt":"2023-04-13T15:25:21","guid":{"rendered":"https:\/\/agora.xtec.cat\/insrosetamauri\/?p=4110"},"modified":"2023-04-17T12:46:39","modified_gmt":"2023-04-17T10:46:39","slug":"2n-assaig-del-tots-dansen","status":"publish","type":"post","link":"https:\/\/agora.xtec.cat\/insrosetamauri\/general\/2n-assaig-del-tots-dansen\/","title":{"rendered":"2n assaig del Tots dansen"},"content":{"rendered":"<p>Els alumnes de l&#8217;optativa d&#8217;Arts Esc\u00e8niques de 4t d&#8217;ESO han realitzat el segon assaig del <em>Tots dansen<\/em> al Teatre Bartrina.<\/p>\n<p>Aquest projecte t\u00e9 l&#8217;objectiu de refor\u00e7ar el comprom\u00eds de la dansa en l&#8217;\u00e0mbit educatiu per tal de treballar els valors que pot aportar la pr\u00e0ctica d&#8217;aquesta art.<\/p>\n<p>Seguim treballant amb moltes ganes per tal de preparar-nos per l&#8217;exhibici\u00f3 final, que tindr\u00e0 lloc dimecres, 26 d&#8217;abril.<\/p>\n<p><img loading=\"lazy\" decoding=\"async\" class=\"aligncenter size-medium wp-image-4111\" src=\"https:\/\/agora.xtec.cat\/insrosetamauri\/wp-content\/uploads\/usu605\/2023\/04\/Arts-esceniques-300x208.jpg\" alt=\"\" width=\"300\" height=\"208\" srcset=\"https:\/\/agora.xtec.cat\/insrosetamauri\/wp-content\/uploads\/usu605\/2023\/04\/Arts-esceniques-300x208.jpg 300w, https:\/\/agora.xtec.cat\/insrosetamauri\/wp-content\/uploads\/usu605\/2023\/04\/Arts-esceniques-1024x710.jpg 1024w, https:\/\/agora.xtec.cat\/insrosetamauri\/wp-content\/uploads\/usu605\/2023\/04\/Arts-esceniques-768x533.jpg 768w, https:\/\/agora.xtec.cat\/insrosetamauri\/wp-content\/uploads\/usu605\/2023\/04\/Arts-esceniques.jpg 1080w\" sizes=\"auto, (max-width: 300px) 100vw, 300px\" \/><\/p>\n","protected":false},"excerpt":{"rendered":"<p>Els alumnes de l&#8217;optativa d&#8217;Arts Esc\u00e8niques de 4t d&#8217;ESO han realitzat el segon assaig del Tots dansen al Teatre Bartrina.<br \/>\nAquest projecte t\u00e9 l&#8217;objectiu de refor\u00e7ar el comprom\u00eds de la dansa en l&#8217;\u00e0mbit educatiu per tal de treballar els valors que pot aportar la pr\u00e0ctica d&#8217;aquesta&hellip;  <a href=\"https:\/\/agora.xtec.cat\/insrosetamauri\/general\/2n-assaig-del-tots-dansen\/\" title=\"Read 2n assaig del Tots dansen\">Llegeix m\u00e9s\u00bb<\/a><\/p>\n","protected":false},"author":3,"featured_media":4111,"comment_status":"closed","ping_status":"closed","sticky":false,"template":"","format":"standard","meta":{"_bbp_topic_count":0,"_bbp_reply_count":0,"_bbp_total_topic_count":0,"_bbp_total_reply_count":0,"_bbp_voice_count":0,"_bbp_anonymous_reply_count":0,"_bbp_topic_count_hidden":0,"_bbp_reply_count_hidden":0,"_bbp_forum_subforum_count":0,"footnotes":""},"categories":[135,3,7,1,29],"tags":[],"class_list":["post-4110","post","type-post","status-publish","format-standard","has-post-thumbnail","hentry","category-arts-esceniques","category-eso","category-eso-4","category-general","category-portada"],"post_mailing_queue_ids":[],"_links":{"self":[{"href":"https:\/\/agora.xtec.cat\/insrosetamauri\/wp-json\/wp\/v2\/posts\/4110","targetHints":{"allow":["GET"]}}],"collection":[{"href":"https:\/\/agora.xtec.cat\/insrosetamauri\/wp-json\/wp\/v2\/posts"}],"about":[{"href":"https:\/\/agora.xtec.cat\/insrosetamauri\/wp-json\/wp\/v2\/types\/post"}],"author":[{"embeddable":true,"href":"https:\/\/agora.xtec.cat\/insrosetamauri\/wp-json\/wp\/v2\/users\/3"}],"replies":[{"embeddable":true,"href":"https:\/\/agora.xtec.cat\/insrosetamauri\/wp-json\/wp\/v2\/comments?post=4110"}],"version-history":[{"count":1,"href":"https:\/\/agora.xtec.cat\/insrosetamauri\/wp-json\/wp\/v2\/posts\/4110\/revisions"}],"predecessor-version":[{"id":4112,"href":"https:\/\/agora.xtec.cat\/insrosetamauri\/wp-json\/wp\/v2\/posts\/4110\/revisions\/4112"}],"wp:featuredmedia":[{"embeddable":true,"href":"https:\/\/agora.xtec.cat\/insrosetamauri\/wp-json\/wp\/v2\/media\/4111"}],"wp:attachment":[{"href":"https:\/\/agora.xtec.cat\/insrosetamauri\/wp-json\/wp\/v2\/media?parent=4110"}],"wp:term":[{"taxonomy":"category","embeddable":true,"href":"https:\/\/agora.xtec.cat\/insrosetamauri\/wp-json\/wp\/v2\/categories?post=4110"},{"taxonomy":"post_tag","embeddable":true,"href":"https:\/\/agora.xtec.cat\/insrosetamauri\/wp-json\/wp\/v2\/tags?post=4110"}],"curies":[{"name":"wp","href":"https:\/\/api.w.org\/{rel}","templated":true}]}}