{"id":4084,"date":"2023-03-30T21:41:24","date_gmt":"2023-03-30T19:41:24","guid":{"rendered":"https:\/\/agora.xtec.cat\/insrosetamauri\/?p=4084"},"modified":"2023-03-30T21:50:23","modified_gmt":"2023-03-30T19:50:23","slug":"la-nostra-collita-dhivern","status":"publish","type":"post","link":"https:\/\/agora.xtec.cat\/insrosetamauri\/general\/la-nostra-collita-dhivern\/","title":{"rendered":"La nostra collita d&#8217;hivern"},"content":{"rendered":"<div dir=\"auto\">\n<div dir=\"auto\">Tot esfor\u00e7 t\u00e9 la seva recompensa!<\/div>\n<div dir=\"auto\"><\/div>\n<div dir=\"auto\">Aix\u00ed ens ho demostra el nostre hort. L&#8217;hivern ens ha portat pastanagues, faves, espinacs i escaroles.<\/div>\n<div dir=\"auto\">Ara ens trobem conreant enciam meravella i itali\u00e0, carbass\u00f3, cogombre, maduixes, tom\u00e0quet cherry, remolatxa, pebrot i plantes arom\u00e0tiques, com farigola, esp\u00edgol, menta, orenga o poliol.<\/div>\n<div dir=\"auto\"><\/div>\n<div dir=\"auto\">\n<p>Haurem de continuar treballant i tenir cura dels cultius i esperar a la pr\u00f2xima collita!<\/p>\n\n\t\t<style type=\"text\/css\">\n\t\t\t#gallery-1 {\n\t\t\t\tmargin: auto;\n\t\t\t}\n\t\t\t#gallery-1 .gallery-item {\n\t\t\t\tfloat: left;\n\t\t\t\tmargin-top: 10px;\n\t\t\t\ttext-align: center;\n\t\t\t\twidth: 33%;\n\t\t\t}\n\t\t\t#gallery-1 img {\n\t\t\t\tborder: 2px solid #cfcfcf;\n\t\t\t}\n\t\t\t#gallery-1 .gallery-caption {\n\t\t\t\tmargin-left: 0;\n\t\t\t}\n\t\t\t\/* see gallery_shortcode() in wp-includes\/media.php *\/\n\t\t<\/style>\n\t\t<div id='gallery-1' class='gallery galleryid-4084 gallery-columns-3 gallery-size-thumbnail'><dl class='gallery-item'>\n\t\t\t<dt class='gallery-icon landscape'>\n\t\t\t\t<a href='https:\/\/agora.xtec.cat\/insrosetamauri\/general\/la-nostra-collita-dhivern\/attachment\/1680205464348\/'><img loading=\"lazy\" decoding=\"async\" width=\"150\" height=\"150\" src=\"https:\/\/agora.xtec.cat\/insrosetamauri\/wp-content\/uploads\/usu605\/2023\/03\/1680205464348-150x150.jpg\" class=\"attachment-thumbnail size-thumbnail\" alt=\"\" aria-describedby=\"gallery-1-4089\" \/><\/a>\n\t\t\t<\/dt>\n\t\t\t\t<dd class='wp-caption-text gallery-caption' id='gallery-1-4089'>\n\t\t\t\tCollita de l&#8217;hort\n\t\t\t\t<\/dd><\/dl><dl class='gallery-item'>\n\t\t\t<dt class='gallery-icon landscape'>\n\t\t\t\t<a href='https:\/\/agora.xtec.cat\/insrosetamauri\/general\/la-nostra-collita-dhivern\/attachment\/1680204378685\/'><img loading=\"lazy\" decoding=\"async\" width=\"150\" height=\"150\" src=\"https:\/\/agora.xtec.cat\/insrosetamauri\/wp-content\/uploads\/usu605\/2023\/03\/1680204378685-150x150.jpg\" class=\"attachment-thumbnail size-thumbnail\" alt=\"\" aria-describedby=\"gallery-1-4086\" \/><\/a>\n\t\t\t<\/dt>\n\t\t\t\t<dd class='wp-caption-text gallery-caption' id='gallery-1-4086'>\n\t\t\t\tAmpliem la collita\n\t\t\t\t<\/dd><\/dl><dl class='gallery-item'>\n\t\t\t<dt class='gallery-icon landscape'>\n\t\t\t\t<a href='https:\/\/agora.xtec.cat\/insrosetamauri\/general\/la-nostra-collita-dhivern\/attachment\/1680204378664\/'><img loading=\"lazy\" decoding=\"async\" width=\"150\" height=\"150\" src=\"https:\/\/agora.xtec.cat\/insrosetamauri\/wp-content\/uploads\/usu605\/2023\/03\/1680204378664-150x150.jpg\" class=\"attachment-thumbnail size-thumbnail\" alt=\"\" aria-describedby=\"gallery-1-4085\" \/><\/a>\n\t\t\t<\/dt>\n\t\t\t\t<dd class='wp-caption-text gallery-caption' id='gallery-1-4085'>\n\t\t\t\tTreballem a l&#8217;hort\n\t\t\t\t<\/dd><\/dl><br style=\"clear: both\" \/>\n\t\t<\/div>\n\n<\/div>\n<\/div>\n","protected":false},"excerpt":{"rendered":"<p>Tot esfor\u00e7 t\u00e9 la seva recompensa!<\/p>\n<p>Aix\u00ed ens ho demostra el nostre hort. L&#8217;hivern ens ha portat pastanagues, faves, espinacs i escaroles.<br \/>\nAra ens trobem conreant enciam meravella i itali\u00e0, carbass\u00f3, cogombre, maduixes, tom\u00e0quet cherry, remolatxa, pebrot i plantes arom\u00e0tiques, com farigola, esp\u00edgol, menta, orenga o poliol.<\/p>\n<p>Haurem&hellip;  <a href=\"https:\/\/agora.xtec.cat\/insrosetamauri\/general\/la-nostra-collita-dhivern\/\" title=\"Read La nostra collita d&#8217;hivern\">Llegeix m\u00e9s\u00bb<\/a><\/p>\n","protected":false},"author":3,"featured_media":4089,"comment_status":"closed","ping_status":"closed","sticky":false,"template":"","format":"standard","meta":{"_bbp_topic_count":0,"_bbp_reply_count":0,"_bbp_total_topic_count":0,"_bbp_total_reply_count":0,"_bbp_voice_count":0,"_bbp_anonymous_reply_count":0,"_bbp_topic_count_hidden":0,"_bbp_reply_count_hidden":0,"_bbp_forum_subforum_count":0,"footnotes":""},"categories":[3,1,133,29],"tags":[],"class_list":["post-4084","post","type-post","status-publish","format-standard","has-post-thumbnail","hentry","category-eso","category-general","category-hort","category-portada"],"post_mailing_queue_ids":[],"_links":{"self":[{"href":"https:\/\/agora.xtec.cat\/insrosetamauri\/wp-json\/wp\/v2\/posts\/4084","targetHints":{"allow":["GET"]}}],"collection":[{"href":"https:\/\/agora.xtec.cat\/insrosetamauri\/wp-json\/wp\/v2\/posts"}],"about":[{"href":"https:\/\/agora.xtec.cat\/insrosetamauri\/wp-json\/wp\/v2\/types\/post"}],"author":[{"embeddable":true,"href":"https:\/\/agora.xtec.cat\/insrosetamauri\/wp-json\/wp\/v2\/users\/3"}],"replies":[{"embeddable":true,"href":"https:\/\/agora.xtec.cat\/insrosetamauri\/wp-json\/wp\/v2\/comments?post=4084"}],"version-history":[{"count":3,"href":"https:\/\/agora.xtec.cat\/insrosetamauri\/wp-json\/wp\/v2\/posts\/4084\/revisions"}],"predecessor-version":[{"id":4090,"href":"https:\/\/agora.xtec.cat\/insrosetamauri\/wp-json\/wp\/v2\/posts\/4084\/revisions\/4090"}],"wp:featuredmedia":[{"embeddable":true,"href":"https:\/\/agora.xtec.cat\/insrosetamauri\/wp-json\/wp\/v2\/media\/4089"}],"wp:attachment":[{"href":"https:\/\/agora.xtec.cat\/insrosetamauri\/wp-json\/wp\/v2\/media?parent=4084"}],"wp:term":[{"taxonomy":"category","embeddable":true,"href":"https:\/\/agora.xtec.cat\/insrosetamauri\/wp-json\/wp\/v2\/categories?post=4084"},{"taxonomy":"post_tag","embeddable":true,"href":"https:\/\/agora.xtec.cat\/insrosetamauri\/wp-json\/wp\/v2\/tags?post=4084"}],"curies":[{"name":"wp","href":"https:\/\/api.w.org\/{rel}","templated":true}]}}