{"id":4065,"date":"2023-02-09T10:36:14","date_gmt":"2023-02-09T09:36:14","guid":{"rendered":"https:\/\/agora.xtec.cat\/insrosetamauri\/?p=4065"},"modified":"2023-02-14T10:38:33","modified_gmt":"2023-02-14T09:38:33","slug":"fem-recerca-sobre-projeccions-climatiques","status":"publish","type":"post","link":"https:\/\/agora.xtec.cat\/insrosetamauri\/general\/fem-recerca-sobre-projeccions-climatiques\/","title":{"rendered":"Fem recerca sobre projeccions clim\u00e0tiques"},"content":{"rendered":"<p>Dijous, dia 9 de febrer, l&#8217;alumnat de 2n de batxillerat va realitzar el taller <em>Fem recerca! Projeccions clim\u00e0tiques<\/em>, en el qual va poder experimentar i analitzar els efectes de diversos escenaris de canvi clim\u00e0tic a la Pen\u00ednsula Ib\u00e8rica.<\/p>\n<p><img loading=\"lazy\" decoding=\"async\" class=\"aligncenter size-medium wp-image-4066\" src=\"https:\/\/agora.xtec.cat\/insrosetamauri\/wp-content\/uploads\/usu605\/2023\/02\/Projeccions-climatiques-300x137.jpg\" alt=\"\" width=\"300\" height=\"137\" srcset=\"https:\/\/agora.xtec.cat\/insrosetamauri\/wp-content\/uploads\/usu605\/2023\/02\/Projeccions-climatiques-300x137.jpg 300w, https:\/\/agora.xtec.cat\/insrosetamauri\/wp-content\/uploads\/usu605\/2023\/02\/Projeccions-climatiques-1024x466.jpg 1024w, https:\/\/agora.xtec.cat\/insrosetamauri\/wp-content\/uploads\/usu605\/2023\/02\/Projeccions-climatiques-768x350.jpg 768w, https:\/\/agora.xtec.cat\/insrosetamauri\/wp-content\/uploads\/usu605\/2023\/02\/Projeccions-climatiques.jpg 1080w\" sizes=\"auto, (max-width: 300px) 100vw, 300px\" \/><\/p>\n","protected":false},"excerpt":{"rendered":"<p>Dijous, dia 9 de febrer, l&#8217;alumnat de 2n de batxillerat va realitzar el taller Fem recerca! Projeccions clim\u00e0tiques, en el qual va poder experimentar i analitzar els efectes de diversos escenaris de canvi clim\u00e0tic a la Pen\u00ednsula Ib\u00e8rica.<\/p>\n","protected":false},"author":3,"featured_media":4066,"comment_status":"closed","ping_status":"closed","sticky":false,"template":"","format":"standard","meta":{"_bbp_topic_count":0,"_bbp_reply_count":0,"_bbp_total_topic_count":0,"_bbp_total_reply_count":0,"_bbp_voice_count":0,"_bbp_anonymous_reply_count":0,"_bbp_topic_count_hidden":0,"_bbp_reply_count_hidden":0,"_bbp_forum_subforum_count":0,"footnotes":""},"categories":[100,8,1,107,29],"tags":[],"class_list":["post-4065","post","type-post","status-publish","format-standard","has-post-thumbnail","hentry","category-bat-2","category-batxillerat","category-general","category-geografia-i-historia","category-portada"],"post_mailing_queue_ids":[],"_links":{"self":[{"href":"https:\/\/agora.xtec.cat\/insrosetamauri\/wp-json\/wp\/v2\/posts\/4065","targetHints":{"allow":["GET"]}}],"collection":[{"href":"https:\/\/agora.xtec.cat\/insrosetamauri\/wp-json\/wp\/v2\/posts"}],"about":[{"href":"https:\/\/agora.xtec.cat\/insrosetamauri\/wp-json\/wp\/v2\/types\/post"}],"author":[{"embeddable":true,"href":"https:\/\/agora.xtec.cat\/insrosetamauri\/wp-json\/wp\/v2\/users\/3"}],"replies":[{"embeddable":true,"href":"https:\/\/agora.xtec.cat\/insrosetamauri\/wp-json\/wp\/v2\/comments?post=4065"}],"version-history":[{"count":1,"href":"https:\/\/agora.xtec.cat\/insrosetamauri\/wp-json\/wp\/v2\/posts\/4065\/revisions"}],"predecessor-version":[{"id":4067,"href":"https:\/\/agora.xtec.cat\/insrosetamauri\/wp-json\/wp\/v2\/posts\/4065\/revisions\/4067"}],"wp:featuredmedia":[{"embeddable":true,"href":"https:\/\/agora.xtec.cat\/insrosetamauri\/wp-json\/wp\/v2\/media\/4066"}],"wp:attachment":[{"href":"https:\/\/agora.xtec.cat\/insrosetamauri\/wp-json\/wp\/v2\/media?parent=4065"}],"wp:term":[{"taxonomy":"category","embeddable":true,"href":"https:\/\/agora.xtec.cat\/insrosetamauri\/wp-json\/wp\/v2\/categories?post=4065"},{"taxonomy":"post_tag","embeddable":true,"href":"https:\/\/agora.xtec.cat\/insrosetamauri\/wp-json\/wp\/v2\/tags?post=4065"}],"curies":[{"name":"wp","href":"https:\/\/api.w.org\/{rel}","templated":true}]}}