{"id":4028,"date":"2026-01-15T12:00:32","date_gmt":"2026-01-15T11:00:32","guid":{"rendered":"https:\/\/agora.xtec.cat\/insrosetamauri\/?p=4028"},"modified":"2026-02-20T16:13:32","modified_gmt":"2026-02-20T15:13:32","slug":"proves-geso-2","status":"publish","type":"post","link":"https:\/\/agora.xtec.cat\/insrosetamauri\/general\/proves-geso-2\/","title":{"rendered":"Proves per a l&#8217;obtenci\u00f3 del t\u00edtol de l&#8217;ESO"},"content":{"rendered":"<h5><img loading=\"lazy\" decoding=\"async\" class=\"aligncenter wp-image-4836\" src=\"https:\/\/agora.xtec.cat\/insrosetamauri\/wp-content\/uploads\/usu605\/2025\/01\/Presentacion-Diapositivas-Proyecto-Academico-Universitario-Doodle-Azul-y-Blanco-300x169.png\" alt=\"\" width=\"423\" height=\"238\" srcset=\"https:\/\/agora.xtec.cat\/insrosetamauri\/wp-content\/uploads\/usu605\/2025\/01\/Presentacion-Diapositivas-Proyecto-Academico-Universitario-Doodle-Azul-y-Blanco-300x169.png 300w, https:\/\/agora.xtec.cat\/insrosetamauri\/wp-content\/uploads\/usu605\/2025\/01\/Presentacion-Diapositivas-Proyecto-Academico-Universitario-Doodle-Azul-y-Blanco-1024x576.png 1024w, https:\/\/agora.xtec.cat\/insrosetamauri\/wp-content\/uploads\/usu605\/2025\/01\/Presentacion-Diapositivas-Proyecto-Academico-Universitario-Doodle-Azul-y-Blanco-768x432.png 768w, https:\/\/agora.xtec.cat\/insrosetamauri\/wp-content\/uploads\/usu605\/2025\/01\/Presentacion-Diapositivas-Proyecto-Academico-Universitario-Doodle-Azul-y-Blanco-1536x864.png 1536w, https:\/\/agora.xtec.cat\/insrosetamauri\/wp-content\/uploads\/usu605\/2025\/01\/Presentacion-Diapositivas-Proyecto-Academico-Universitario-Doodle-Azul-y-Blanco.png 1920w\" sizes=\"auto, (max-width: 423px) 100vw, 423px\" \/><\/h5>\n<h5 style=\"text-align: center;\">Graduat en educaci\u00f3 secund\u00e0ria obligat\u00f2ria<\/h5>\n<h5 style=\"text-align: center;\">(alumnat que no l&#8217;ha obtingut en finalitzar l&#8217;etapa)<\/h5>\n<p>L&#8217;alumnat que no va obtenir el t\u00edtol de graduat en educaci\u00f3 secund\u00e0ria obligat\u00f2ria (ESO) en finalitzar l&#8217;etapa, es pot presentar a les proves que el mes de mar\u00e7 de cada any organitzen els centres educatius.<\/p>\n<p><strong>Criteris d&#8217;avaluaci\u00f3 per mat\u00e8ries:<\/strong><\/p>\n<p style=\"text-align: center;\"><a href=\"https:\/\/drive.google.com\/file\/d\/1hOlNU97hgG6fblbFQI2nieB2-2AYl6t-\/view?usp=sharing\" target=\"_blank\" rel=\"noopener\">Biologia i Geologia<\/a> \u00b7\u00a0<a href=\"https:\/\/drive.google.com\/file\/d\/1uYlBXfbIDoXcAceYce3bs1zgzfffoz4x\/view?usp=sharing\" target=\"_blank\" rel=\"noopener\">Educaci\u00f3 F\u00edsica<\/a> \u00b7 <a href=\"https:\/\/drive.google.com\/file\/d\/1So24X3xFhDuYmSbKIcfUo7kQELf6FAfr\/view?usp=sharing\" target=\"_blank\" rel=\"noopener\">Educaci\u00f3 Visual i Pl\u00e0stica<\/a> \u00b7 <a href=\"https:\/\/drive.google.com\/file\/d\/1MAEQA5oHTSWiKTyVo7PRnJAYpeq1Aksc\/view?usp=sharing\" target=\"_blank\" rel=\"noopener\">F\u00edsica i Qu\u00edmica <\/a>\u00b7<a href=\"https:\/\/drive.google.com\/file\/d\/1Yetfsxy0OQ0lip4PvH1--flhbyAw_7ye\/view?usp=sharing\" target=\"_blank\" rel=\"noopener\"> Ci\u00e8ncies<\/a> \u00b7 <a href=\"https:\/\/drive.google.com\/file\/d\/1lqAx4Fqgvjr2JAEX7wYg26JUulqU8wcu\/view?usp=sharing\" target=\"_blank\" rel=\"noopener\">Llat\u00ed<\/a> \u00b7 \u00a0 <a href=\"https:\/\/drive.google.com\/file\/d\/160UcgXjFRh0HfABWxHZSD3jUX3yqJOfe\/view?usp=sharing\" target=\"_blank\" rel=\"noopener\">Llengua Anglesa<\/a> \u00b7 <a href=\"https:\/\/drive.google.com\/file\/d\/1HBmWBh9tbeD_C7-lIkjppDQbnqz6MSQ3\/view?usp=sharing\" target=\"_blank\" rel=\"noopener\">Llengua Castellana<\/a> \u00b7 <a href=\"https:\/\/drive.google.com\/file\/d\/1YG7Jq8eyfn03pU02_CqsTPeGnyBXYz2C\/view?usp=sharing\" target=\"_blank\" rel=\"noopener\">Llengua Catalana<\/a> \u00b7<a href=\"https:\/\/drive.google.com\/file\/d\/1X3zGkWCcBwehg4JlZP7pdIqxx_qPf154\/view?usp=sharing\" target=\"_blank\" rel=\"noopener\">\u00a0Matem\u00e0tiques<\/a> \u00b7 <a href=\"https:\/\/drive.google.com\/file\/d\/1htI_IeyAIIH3KVxgq8qjreq4bmGB7N4Y\/view?usp=sharing\" target=\"_blank\" rel=\"noopener\">Optativa Cultura Cient\u00edfica<\/a> \u00b7\u00a0 <a href=\"https:\/\/drive.google.com\/file\/d\/1qM8h_WtEBEjL4YNv0Zb7FxjK_1PPO0q5\/view?usp=sharing\" target=\"_blank\" rel=\"noopener\">Optativa Filosofia<\/a> \u00b7 <a href=\"https:\/\/drive.google.com\/file\/d\/1bG3Yaui7RhMKokZjuzw40vhee_0D3B02\/view?usp=sharing\" target=\"_blank\" rel=\"noopener\">Socials<\/a> \u00b7 <a href=\"https:\/\/drive.google.com\/file\/d\/19kMSc-a73Rhq2No-wSYiSzzXAHIlVvku\/view?usp=sharing\" target=\"_blank\" rel=\"noopener\">Tecnologies<\/a> \u00b7 <a href=\"https:\/\/drive.google.com\/file\/d\/1LoBFBUNoVyoKCiU9MDghjTY7GD-1LdhM\/view?usp=sharing\" target=\"_blank\" rel=\"noopener\">Cultura i Valors<\/a> \u00b7 <a href=\"https:\/\/drive.google.com\/file\/d\/1uPTa0N_XpFYdulIwdbAO8I74bgdC2qDE\/view?usp=sharing\" target=\"_blank\" rel=\"noopener\">Franc\u00e8s<\/a>\u00a0 \u00b7 <a href=\"https:\/\/agora.xtec.cat\/insrosetamauri\/wp-content\/uploads\/usu605\/2026\/01\/Contingut-Digitalitzacio.pdf\" target=\"_blank\" rel=\"noopener\">Digitalitzacio\u0301<\/a><\/p>\n<table style=\"border-collapse: collapse; width: 100%;\">\n<tbody>\n<tr>\n<td style=\"width: 100%; text-align: center;\"><strong>Preinscripci\u00f3 a les proves<\/strong><\/p>\n<p>Del 2 de febrer al 13 de febrer de 2026<\/td>\n<\/tr>\n<\/tbody>\n<\/table>\n<p><span style=\"font-weight: 400;\">Requisits que ha de reunir l\u2019alumnat per poder presentar-se a aquestes proves:<\/span><\/p>\n<ol>\n<li><span style=\"font-family: inherit; font-size: 1em;\">Tenir almenys 18 anys o complir-los l&#8217;any 2026. <\/span><\/li>\n<\/ol>\n<p>2. L&#8217;edat requerida es podr\u00e0 rebaixar fins als setze anys sempre que l&#8217;alumne o alumna compleixi alguna de les condicions seg\u00fcents:<\/p>\n<ul>\n<li style=\"font-weight: 400;\" aria-level=\"1\"><span style=\"font-weight: 400;\">tenir un contracte laboral que els impedeixi assistir al centre en r\u00e8gim ordinari<\/span><\/li>\n<li style=\"font-weight: 400;\" aria-level=\"1\"><span style=\"font-weight: 400;\">trobar-se en proc\u00e9s d&#8217;obtenir un perm\u00eds de treball<\/span><\/li>\n<li style=\"font-weight: 400;\" aria-level=\"1\"><span style=\"font-weight: 400;\">ser esportista d&#8217;alt rendiment (cal presentar una certificaci\u00f3 del Consell Catal\u00e0 de l&#8217;Esport que acredita que consta en el programa de tecnificaci\u00f3 -ARC- de la federaci\u00f3 catalana corresponent) o<\/span><\/li>\n<li style=\"font-weight: 400;\" aria-level=\"1\"><span style=\"font-weight: 400;\">tenir un expedient d&#8217;homologaci\u00f3 obert d&#8217;estudis estrangers al t\u00edtol de GESO.<\/span><\/li>\n<\/ul>\n<p>3. Haver finalitzat l&#8217;ESO l&#8217;any 2024 o 2025 sense haver obtingut el t\u00edtol o haver finalitzat l&#8217;equivalent del quart curs de l&#8217;ESO en un sistema educatiu estranger amb mat\u00e8ries amb avaluaci\u00f3 negativa en cursos anteriors.<\/p>\n<p><span style=\"font-family: inherit; font-size: 1em;\">4. De manera excepcional, tamb\u00e9 s&#8217;hi poden acollir alumnes amb informe de reconeixement de necessitats educatives especials, em\u00e8s per l&#8217;equip d&#8217;assessorament psicopedag\u00f2gic (EAP), per als quals es va elaborar un pla de suport individualitzat durant el per\u00edode compr\u00e8s entre els cursos 2017-2018 i 2022-2023.<\/span><\/p>\n<p>Per fer la <strong>preinscripci\u00f3<\/strong> l\u2019alumnat ha de:<\/p>\n<ol>\n<li aria-level=\"1\">Demanar <strong>cita pr\u00e8via<\/strong> per formalitzar la preinscripci\u00f3 al tel\u00e8fon 977 301 189 (Institut Roseta Mauri)<\/li>\n<li aria-level=\"1\">Presentar la<strong> <a href=\"https:\/\/documents.espai.educacio.gencat.cat\/FormularisModels\/CentresGestioAcademica\/A665.pdf\" target=\"_blank\" rel=\"noopener\">sol\u00b7licitud<\/a><\/strong> a la secretaria del centre degudament emplenada i adjuntar la fotoc\u00f2pia del DNI o NIE.<\/li>\n<\/ol>\n<p><strong>Calendari de procediment<br \/>\n<\/strong><\/p>\n<table style=\"border-collapse: collapse; width: 100%;\">\n<tbody>\n<tr style=\"height: 32px;\">\n<td style=\"text-align: center; height: 32px; width: 69.5771%;\"><strong>TASQUES<\/strong><\/td>\n<td style=\"text-align: center; height: 32px; width: 30.2865%;\"><strong>CALENDARI 2026<\/strong><\/td>\n<\/tr>\n<tr style=\"height: 48px;\">\n<td style=\"height: 48px; width: 69.5771%;\">Publicaci\u00f3 al tauler d&#8217;anuncis del centre o al seu web dels continguts i els criteris d&#8217;avaluaci\u00f3 m\u00ednims exigibles per a la superaci\u00f3 de cadascuna de les mat\u00e8ries.<\/td>\n<td style=\"height: 48px; width: 30.2865%;\">Abans d&#8217;obrir-se el per\u00edode d&#8217;inscripci\u00f3<\/td>\n<\/tr>\n<tr style=\"height: 48px;\">\n<td style=\"height: 48px; width: 69.5771%;\">Termini de presentaci\u00f3 de sol\u00b7licituds d&#8217;inscripci\u00f3.<\/td>\n<td style=\"height: 48px; width: 30.2865%;\">Entre el 2 i el 13 de febrer de 2026<\/td>\n<\/tr>\n<tr style=\"height: 48px;\">\n<td style=\"height: 48px; width: 69.5771%;\">Publicaci\u00f3 al tauler d\u2019anuncis del centre del calendari de les proves i de les llistes d&#8217;admesos i exclosos.<\/td>\n<td style=\"height: 48px; width: 30.2865%;\">Del 13 de febrer al 2 de mar\u00e7 de 2026<\/td>\n<\/tr>\n<tr style=\"height: 48px;\">\n<td style=\"height: 48px; width: 69.5771%;\">Termini de presentaci\u00f3 de reclamacions a les llistes d&#8217;admesos i exclosos.<\/td>\n<td style=\"height: 48px; width: 30.2865%;\">Del 3 al 5 de mar\u00e7 de 2026<\/td>\n<\/tr>\n<tr style=\"height: 48px;\">\n<td style=\"height: 48px; width: 69.5771%;\">Realitzaci\u00f3 de les proves.<\/td>\n<td style=\"height: 48px; width: 30.2865%;\">Durant el mes de mar\u00e7 de 2026<\/td>\n<\/tr>\n<tr>\n<td style=\"width: 69.5771%;\"><span style=\"font-weight: 400;\">Relaci\u00f3 d\u2019alumnes presentats i de les qualificaci\u200bons obtingudes.<\/span><\/td>\n<td style=\"width: 30.2865%;\"><span style=\"font-weight: 400;\">\u200b10 dies lectius seg\u00fcents a la realitzaci\u00f3 de la prova<\/span><\/td>\n<\/tr>\n<\/tbody>\n<\/table>\n<p><strong>Horari de les proves<\/strong><\/p>\n<p><img loading=\"lazy\" decoding=\"async\" class=\"aligncenter wp-image-4862\" src=\"https:\/\/agora.xtec.cat\/insrosetamauri\/wp-content\/uploads\/usu605\/2026\/01\/horari-de-les-proves-300x85.png\" alt=\"\" width=\"585\" height=\"166\" srcset=\"https:\/\/agora.xtec.cat\/insrosetamauri\/wp-content\/uploads\/usu605\/2026\/01\/horari-de-les-proves-300x85.png 300w, https:\/\/agora.xtec.cat\/insrosetamauri\/wp-content\/uploads\/usu605\/2026\/01\/horari-de-les-proves-768x217.png 768w, https:\/\/agora.xtec.cat\/insrosetamauri\/wp-content\/uploads\/usu605\/2026\/01\/horari-de-les-proves.png 929w\" sizes=\"auto, (max-width: 585px) 100vw, 585px\" \/><\/p>\n<p>Si vols m\u00e9s informaci\u00f3, accedeix al seg\u00fcent enlla\u00e7:<br \/>\n<a href=\"https:\/\/educacio.gencat.cat\/ca\/serveis-tramits\/proves\/proves-lliures-obtencio-titols\/obtencio-titol-eso\/index.html\" target=\"_blank\" rel=\"noopener\">Proves Graduat ESO<\/a><\/p>\n","protected":false},"excerpt":{"rendered":"<p>Graduat en educaci\u00f3 secund\u00e0ria obligat\u00f2ria<br \/>\n(alumnat que no l&#8217;ha obtingut en finalitzar l&#8217;etapa)<br \/>\nL&#8217;alumnat que no va obtenir el t\u00edtol de graduat en educaci\u00f3 secund\u00e0ria obligat\u00f2ria (ESO) en finalitzar l&#8217;etapa, es pot presentar a les proves que el mes de mar\u00e7 de cada any organitzen els centres&hellip;  <a href=\"https:\/\/agora.xtec.cat\/insrosetamauri\/general\/proves-geso-2\/\" title=\"Read Proves per a l&#8217;obtenci\u00f3 del t\u00edtol de l&#8217;ESO\">Llegeix m\u00e9s\u00bb<\/a><\/p>\n","protected":false},"author":3,"featured_media":4836,"comment_status":"closed","ping_status":"closed","sticky":false,"template":"","format":"standard","meta":{"_bbp_topic_count":0,"_bbp_reply_count":0,"_bbp_total_topic_count":0,"_bbp_total_reply_count":0,"_bbp_voice_count":0,"_bbp_anonymous_reply_count":0,"_bbp_topic_count_hidden":0,"_bbp_reply_count_hidden":0,"_bbp_forum_subforum_count":0,"footnotes":""},"categories":[1,29],"tags":[],"class_list":["post-4028","post","type-post","status-publish","format-standard","has-post-thumbnail","hentry","category-general","category-portada"],"post_mailing_queue_ids":[],"_links":{"self":[{"href":"https:\/\/agora.xtec.cat\/insrosetamauri\/wp-json\/wp\/v2\/posts\/4028","targetHints":{"allow":["GET"]}}],"collection":[{"href":"https:\/\/agora.xtec.cat\/insrosetamauri\/wp-json\/wp\/v2\/posts"}],"about":[{"href":"https:\/\/agora.xtec.cat\/insrosetamauri\/wp-json\/wp\/v2\/types\/post"}],"author":[{"embeddable":true,"href":"https:\/\/agora.xtec.cat\/insrosetamauri\/wp-json\/wp\/v2\/users\/3"}],"replies":[{"embeddable":true,"href":"https:\/\/agora.xtec.cat\/insrosetamauri\/wp-json\/wp\/v2\/comments?post=4028"}],"version-history":[{"count":7,"href":"https:\/\/agora.xtec.cat\/insrosetamauri\/wp-json\/wp\/v2\/posts\/4028\/revisions"}],"predecessor-version":[{"id":4866,"href":"https:\/\/agora.xtec.cat\/insrosetamauri\/wp-json\/wp\/v2\/posts\/4028\/revisions\/4866"}],"wp:featuredmedia":[{"embeddable":true,"href":"https:\/\/agora.xtec.cat\/insrosetamauri\/wp-json\/wp\/v2\/media\/4836"}],"wp:attachment":[{"href":"https:\/\/agora.xtec.cat\/insrosetamauri\/wp-json\/wp\/v2\/media?parent=4028"}],"wp:term":[{"taxonomy":"category","embeddable":true,"href":"https:\/\/agora.xtec.cat\/insrosetamauri\/wp-json\/wp\/v2\/categories?post=4028"},{"taxonomy":"post_tag","embeddable":true,"href":"https:\/\/agora.xtec.cat\/insrosetamauri\/wp-json\/wp\/v2\/tags?post=4028"}],"curies":[{"name":"wp","href":"https:\/\/api.w.org\/{rel}","templated":true}]}}