{"id":3810,"date":"2022-04-06T12:55:24","date_gmt":"2022-04-06T10:55:24","guid":{"rendered":"https:\/\/agora.xtec.cat\/insrosetamauri\/?p=3810"},"modified":"2022-04-06T12:55:24","modified_gmt":"2022-04-06T10:55:24","slug":"sapiens-posat-elegant","status":"publish","type":"post","link":"https:\/\/agora.xtec.cat\/insrosetamauri\/general\/sapiens-posat-elegant\/","title":{"rendered":"S\u00e0piens, posa\u2019t elegant!"},"content":{"rendered":"<p>Ahir els grups de 1r d&#8217;ESO A i F van visitat el Museu Salvador Vilaseca per realitzar un taller dirigit a reflexionar sobre els nostres or\u00edgens i ser capa\u00e7os de posar-nos a la pell dels homes i dones prehist\u00f2rics del neol\u00edtic.<\/p>\n<p>Entre avui i divendres hi aniran la resta de grups de 1r d&#8217;ESO.<\/p>\n<p><img loading=\"lazy\" decoding=\"async\" class=\"aligncenter size-medium wp-image-3811\" src=\"https:\/\/agora.xtec.cat\/insrosetamauri\/wp-content\/uploads\/usu605\/2022\/04\/Sapiens-posat-elegant-300x300.jpg\" alt=\"\" width=\"300\" height=\"300\" srcset=\"https:\/\/agora.xtec.cat\/insrosetamauri\/wp-content\/uploads\/usu605\/2022\/04\/Sapiens-posat-elegant-300x300.jpg 300w, https:\/\/agora.xtec.cat\/insrosetamauri\/wp-content\/uploads\/usu605\/2022\/04\/Sapiens-posat-elegant-1024x1024.jpg 1024w, https:\/\/agora.xtec.cat\/insrosetamauri\/wp-content\/uploads\/usu605\/2022\/04\/Sapiens-posat-elegant-150x150.jpg 150w, https:\/\/agora.xtec.cat\/insrosetamauri\/wp-content\/uploads\/usu605\/2022\/04\/Sapiens-posat-elegant-768x767.jpg 768w, https:\/\/agora.xtec.cat\/insrosetamauri\/wp-content\/uploads\/usu605\/2022\/04\/Sapiens-posat-elegant-1536x1536.jpg 1536w, https:\/\/agora.xtec.cat\/insrosetamauri\/wp-content\/uploads\/usu605\/2022\/04\/Sapiens-posat-elegant-2048x2046.jpg 2048w\" sizes=\"auto, (max-width: 300px) 100vw, 300px\" \/><\/p>\n","protected":false},"excerpt":{"rendered":"<p>Ahir els grups de 1r d&#8217;ESO A i F van visitat el Museu Salvador Vilaseca per realitzar un taller dirigit a reflexionar sobre els nostres or\u00edgens i ser capa\u00e7os de posar-nos a la pell dels homes i dones prehist\u00f2rics del neol\u00edtic.<br \/>\nEntre avui i divendres hi&hellip;  <a href=\"https:\/\/agora.xtec.cat\/insrosetamauri\/general\/sapiens-posat-elegant\/\" title=\"Read S\u00e0piens, posa\u2019t elegant!\">Llegeix m\u00e9s\u00bb<\/a><\/p>\n","protected":false},"author":3,"featured_media":3811,"comment_status":"closed","ping_status":"closed","sticky":false,"template":"","format":"standard","meta":{"_bbp_topic_count":0,"_bbp_reply_count":0,"_bbp_total_topic_count":0,"_bbp_total_reply_count":0,"_bbp_voice_count":0,"_bbp_anonymous_reply_count":0,"_bbp_topic_count_hidden":0,"_bbp_reply_count_hidden":0,"_bbp_forum_subforum_count":0,"footnotes":""},"categories":[3,4,1,107,29],"tags":[],"class_list":["post-3810","post","type-post","status-publish","format-standard","has-post-thumbnail","hentry","category-eso","category-eso-1","category-general","category-geografia-i-historia","category-portada"],"post_mailing_queue_ids":[],"_links":{"self":[{"href":"https:\/\/agora.xtec.cat\/insrosetamauri\/wp-json\/wp\/v2\/posts\/3810","targetHints":{"allow":["GET"]}}],"collection":[{"href":"https:\/\/agora.xtec.cat\/insrosetamauri\/wp-json\/wp\/v2\/posts"}],"about":[{"href":"https:\/\/agora.xtec.cat\/insrosetamauri\/wp-json\/wp\/v2\/types\/post"}],"author":[{"embeddable":true,"href":"https:\/\/agora.xtec.cat\/insrosetamauri\/wp-json\/wp\/v2\/users\/3"}],"replies":[{"embeddable":true,"href":"https:\/\/agora.xtec.cat\/insrosetamauri\/wp-json\/wp\/v2\/comments?post=3810"}],"version-history":[{"count":1,"href":"https:\/\/agora.xtec.cat\/insrosetamauri\/wp-json\/wp\/v2\/posts\/3810\/revisions"}],"predecessor-version":[{"id":3812,"href":"https:\/\/agora.xtec.cat\/insrosetamauri\/wp-json\/wp\/v2\/posts\/3810\/revisions\/3812"}],"wp:featuredmedia":[{"embeddable":true,"href":"https:\/\/agora.xtec.cat\/insrosetamauri\/wp-json\/wp\/v2\/media\/3811"}],"wp:attachment":[{"href":"https:\/\/agora.xtec.cat\/insrosetamauri\/wp-json\/wp\/v2\/media?parent=3810"}],"wp:term":[{"taxonomy":"category","embeddable":true,"href":"https:\/\/agora.xtec.cat\/insrosetamauri\/wp-json\/wp\/v2\/categories?post=3810"},{"taxonomy":"post_tag","embeddable":true,"href":"https:\/\/agora.xtec.cat\/insrosetamauri\/wp-json\/wp\/v2\/tags?post=3810"}],"curies":[{"name":"wp","href":"https:\/\/api.w.org\/{rel}","templated":true}]}}