{"id":3796,"date":"2022-03-22T10:05:01","date_gmt":"2022-03-22T09:05:01","guid":{"rendered":"https:\/\/agora.xtec.cat\/insrosetamauri\/?p=3796"},"modified":"2022-03-24T10:10:48","modified_gmt":"2022-03-24T09:10:48","slug":"compte-enrere-pel-cami-del-roseta","status":"publish","type":"post","link":"https:\/\/agora.xtec.cat\/insrosetamauri\/general\/compte-enrere-pel-cami-del-roseta\/","title":{"rendered":"Compte enrere pel Cam\u00ed del Roseta!"},"content":{"rendered":"<p>Despr\u00e9s de dos anys sense poder-lo fer, reprenem el Cam\u00ed del Roseta.<\/p>\n<p>Dos grups, un de 3r d&#8217;ESO i un altre format per alumnat de 4t d&#8217;ESO, marxaran una setmana a fer el Cam\u00ed de Santiago. Una aventura de molts quil\u00f2metres per la qual s&#8217;han anat preparant aquestes \u00faltimes setmanes i que ben segur ser\u00e0 inoblidable.<\/p>\n<p><img loading=\"lazy\" decoding=\"async\" class=\"aligncenter size-medium wp-image-3797\" src=\"https:\/\/agora.xtec.cat\/insrosetamauri\/wp-content\/uploads\/usu605\/2022\/03\/Cami-del-Roseta-I-300x170.jpg\" alt=\"\" width=\"300\" height=\"170\" srcset=\"https:\/\/agora.xtec.cat\/insrosetamauri\/wp-content\/uploads\/usu605\/2022\/03\/Cami-del-Roseta-I-300x170.jpg 300w, https:\/\/agora.xtec.cat\/insrosetamauri\/wp-content\/uploads\/usu605\/2022\/03\/Cami-del-Roseta-I-1024x581.jpg 1024w, https:\/\/agora.xtec.cat\/insrosetamauri\/wp-content\/uploads\/usu605\/2022\/03\/Cami-del-Roseta-I-768x436.jpg 768w, https:\/\/agora.xtec.cat\/insrosetamauri\/wp-content\/uploads\/usu605\/2022\/03\/Cami-del-Roseta-I-1536x872.jpg 1536w, https:\/\/agora.xtec.cat\/insrosetamauri\/wp-content\/uploads\/usu605\/2022\/03\/Cami-del-Roseta-I.jpg 1600w\" sizes=\"auto, (max-width: 300px) 100vw, 300px\" \/><\/p>\n","protected":false},"excerpt":{"rendered":"<p>Despr\u00e9s de dos anys sense poder-lo fer, reprenem el Cam\u00ed del Roseta.<br \/>\nDos grups, un de 3r d&#8217;ESO i un altre format per alumnat de 4t d&#8217;ESO, marxaran una setmana a fer el Cam\u00ed de Santiago. Una aventura de molts quil\u00f2metres per la qual s&#8217;han anat&hellip;  <a href=\"https:\/\/agora.xtec.cat\/insrosetamauri\/general\/compte-enrere-pel-cami-del-roseta\/\" title=\"Read Compte enrere pel Cam\u00ed del Roseta!\">Llegeix m\u00e9s\u00bb<\/a><\/p>\n","protected":false},"author":3,"featured_media":3797,"comment_status":"closed","ping_status":"closed","sticky":false,"template":"","format":"standard","meta":{"_bbp_topic_count":0,"_bbp_reply_count":0,"_bbp_total_topic_count":0,"_bbp_total_reply_count":0,"_bbp_voice_count":0,"_bbp_anonymous_reply_count":0,"_bbp_topic_count_hidden":0,"_bbp_reply_count_hidden":0,"_bbp_forum_subforum_count":0,"footnotes":""},"categories":[6,7,1,29],"tags":[],"class_list":["post-3796","post","type-post","status-publish","format-standard","has-post-thumbnail","hentry","category-eso-3","category-eso-4","category-general","category-portada"],"post_mailing_queue_ids":[],"_links":{"self":[{"href":"https:\/\/agora.xtec.cat\/insrosetamauri\/wp-json\/wp\/v2\/posts\/3796","targetHints":{"allow":["GET"]}}],"collection":[{"href":"https:\/\/agora.xtec.cat\/insrosetamauri\/wp-json\/wp\/v2\/posts"}],"about":[{"href":"https:\/\/agora.xtec.cat\/insrosetamauri\/wp-json\/wp\/v2\/types\/post"}],"author":[{"embeddable":true,"href":"https:\/\/agora.xtec.cat\/insrosetamauri\/wp-json\/wp\/v2\/users\/3"}],"replies":[{"embeddable":true,"href":"https:\/\/agora.xtec.cat\/insrosetamauri\/wp-json\/wp\/v2\/comments?post=3796"}],"version-history":[{"count":2,"href":"https:\/\/agora.xtec.cat\/insrosetamauri\/wp-json\/wp\/v2\/posts\/3796\/revisions"}],"predecessor-version":[{"id":3799,"href":"https:\/\/agora.xtec.cat\/insrosetamauri\/wp-json\/wp\/v2\/posts\/3796\/revisions\/3799"}],"wp:featuredmedia":[{"embeddable":true,"href":"https:\/\/agora.xtec.cat\/insrosetamauri\/wp-json\/wp\/v2\/media\/3797"}],"wp:attachment":[{"href":"https:\/\/agora.xtec.cat\/insrosetamauri\/wp-json\/wp\/v2\/media?parent=3796"}],"wp:term":[{"taxonomy":"category","embeddable":true,"href":"https:\/\/agora.xtec.cat\/insrosetamauri\/wp-json\/wp\/v2\/categories?post=3796"},{"taxonomy":"post_tag","embeddable":true,"href":"https:\/\/agora.xtec.cat\/insrosetamauri\/wp-json\/wp\/v2\/tags?post=3796"}],"curies":[{"name":"wp","href":"https:\/\/api.w.org\/{rel}","templated":true}]}}