{"id":3592,"date":"2021-11-22T13:00:10","date_gmt":"2021-11-22T12:00:10","guid":{"rendered":"https:\/\/agora.xtec.cat\/insrosetamauri\/?p=3592"},"modified":"2021-11-22T13:02:15","modified_gmt":"2021-11-22T12:02:15","slug":"estem-denhorabona-2","status":"publish","type":"post","link":"https:\/\/agora.xtec.cat\/insrosetamauri\/general\/estem-denhorabona-2\/","title":{"rendered":"Estem d&#8217;enhorabona"},"content":{"rendered":"<p>El Pla Catal\u00e0 d\u2019Esport a l\u2019Escola ha atorgat, per segon any consecutiu, el premi al millor projecte singular de secund\u00e0ria al departament d\u2019Educaci\u00f3 F\u00edsica de l\u2019Institut Roseta Mauri.<\/p>\n<p>Aquest reconeixement no nom\u00e9s \u00e9s institucional, sin\u00f3 que inclou una dotaci\u00f3 econ\u00f2mica que permetr\u00e0 abastir l\u2019Institut de m\u00e9s recursos per tal de fomentar la pr\u00e0ctica d\u2019activitats f\u00edsiques i esportives i aprofitar el seu gran potencial en la formaci\u00f3 personal i c\u00edvica de l\u2019alumnat.<\/p>\n<p>Enhorabona al professorat d\u2019Educaci\u00f3 F\u00edsica: Meri, Jose, Jose A. i Encarna!<\/p>\n<p>L\u2019acte institucional va tenir lloc el passat dia 18 de novembre a l\u2019INEFC de Barcelona i, l\u2019endem\u00e0, a l\u2019Institut tamb\u00e9 vam voler fer el nostre acte de lliurament particular.<\/p>\n<p><img loading=\"lazy\" decoding=\"async\" class=\"aligncenter size-medium wp-image-3593\" src=\"https:\/\/agora.xtec.cat\/insrosetamauri\/wp-content\/uploads\/usu605\/2021\/11\/premi-pla-catala-esport-RM-300x300.jpg\" alt=\"\" width=\"300\" height=\"300\" srcset=\"https:\/\/agora.xtec.cat\/insrosetamauri\/wp-content\/uploads\/usu605\/2021\/11\/premi-pla-catala-esport-RM-300x300.jpg 300w, https:\/\/agora.xtec.cat\/insrosetamauri\/wp-content\/uploads\/usu605\/2021\/11\/premi-pla-catala-esport-RM-1024x1024.jpg 1024w, https:\/\/agora.xtec.cat\/insrosetamauri\/wp-content\/uploads\/usu605\/2021\/11\/premi-pla-catala-esport-RM-150x150.jpg 150w, https:\/\/agora.xtec.cat\/insrosetamauri\/wp-content\/uploads\/usu605\/2021\/11\/premi-pla-catala-esport-RM-768x768.jpg 768w, https:\/\/agora.xtec.cat\/insrosetamauri\/wp-content\/uploads\/usu605\/2021\/11\/premi-pla-catala-esport-RM.jpg 1140w\" sizes=\"auto, (max-width: 300px) 100vw, 300px\" \/><\/p>\n","protected":false},"excerpt":{"rendered":"<p>El Pla Catal\u00e0 d\u2019Esport a l\u2019Escola ha atorgat, per segon any consecutiu, el premi al millor projecte singular de secund\u00e0ria al departament d\u2019Educaci\u00f3 F\u00edsica de l\u2019Institut Roseta Mauri.<br \/>\nAquest reconeixement no nom\u00e9s \u00e9s institucional, sin\u00f3 que inclou una dotaci\u00f3 econ\u00f2mica que permetr\u00e0 abastir l\u2019Institut de m\u00e9s&hellip;  <a href=\"https:\/\/agora.xtec.cat\/insrosetamauri\/general\/estem-denhorabona-2\/\" title=\"Read Estem d&#8217;enhorabona\">Llegeix m\u00e9s\u00bb<\/a><\/p>\n","protected":false},"author":3,"featured_media":3593,"comment_status":"closed","ping_status":"closed","sticky":false,"template":"","format":"standard","meta":{"_bbp_topic_count":0,"_bbp_reply_count":0,"_bbp_total_topic_count":0,"_bbp_total_reply_count":0,"_bbp_voice_count":0,"_bbp_anonymous_reply_count":0,"_bbp_topic_count_hidden":0,"_bbp_reply_count_hidden":0,"_bbp_forum_subforum_count":0,"footnotes":""},"categories":[106,3,1,29],"tags":[],"class_list":["post-3592","post","type-post","status-publish","format-standard","has-post-thumbnail","hentry","category-educacio-fisica","category-eso","category-general","category-portada"],"post_mailing_queue_ids":[],"_links":{"self":[{"href":"https:\/\/agora.xtec.cat\/insrosetamauri\/wp-json\/wp\/v2\/posts\/3592","targetHints":{"allow":["GET"]}}],"collection":[{"href":"https:\/\/agora.xtec.cat\/insrosetamauri\/wp-json\/wp\/v2\/posts"}],"about":[{"href":"https:\/\/agora.xtec.cat\/insrosetamauri\/wp-json\/wp\/v2\/types\/post"}],"author":[{"embeddable":true,"href":"https:\/\/agora.xtec.cat\/insrosetamauri\/wp-json\/wp\/v2\/users\/3"}],"replies":[{"embeddable":true,"href":"https:\/\/agora.xtec.cat\/insrosetamauri\/wp-json\/wp\/v2\/comments?post=3592"}],"version-history":[{"count":1,"href":"https:\/\/agora.xtec.cat\/insrosetamauri\/wp-json\/wp\/v2\/posts\/3592\/revisions"}],"predecessor-version":[{"id":3594,"href":"https:\/\/agora.xtec.cat\/insrosetamauri\/wp-json\/wp\/v2\/posts\/3592\/revisions\/3594"}],"wp:featuredmedia":[{"embeddable":true,"href":"https:\/\/agora.xtec.cat\/insrosetamauri\/wp-json\/wp\/v2\/media\/3593"}],"wp:attachment":[{"href":"https:\/\/agora.xtec.cat\/insrosetamauri\/wp-json\/wp\/v2\/media?parent=3592"}],"wp:term":[{"taxonomy":"category","embeddable":true,"href":"https:\/\/agora.xtec.cat\/insrosetamauri\/wp-json\/wp\/v2\/categories?post=3592"},{"taxonomy":"post_tag","embeddable":true,"href":"https:\/\/agora.xtec.cat\/insrosetamauri\/wp-json\/wp\/v2\/tags?post=3592"}],"curies":[{"name":"wp","href":"https:\/\/api.w.org\/{rel}","templated":true}]}}