{"id":3490,"date":"2021-11-08T12:32:07","date_gmt":"2021-11-08T11:32:07","guid":{"rendered":"https:\/\/agora.xtec.cat\/insrosetamauri\/?p=3490"},"modified":"2021-11-09T08:54:54","modified_gmt":"2021-11-09T07:54:54","slug":"eleccions-consell-escolar-2021","status":"publish","type":"post","link":"https:\/\/agora.xtec.cat\/insrosetamauri\/general\/eleccions-consell-escolar-2021\/","title":{"rendered":"Eleccions consell escolar 2021"},"content":{"rendered":"<p><span style=\"font-family: Arial, sans-serif;\">Us informem que iniciarem el proc\u00e9s de renovaci\u00f3 dels representats del consell escolar a partir del <strong>2 de novembre de 2021. <\/strong><\/span><\/p>\n<p><span style=\"color: #222222;\"><span style=\"font-family: Arial, sans-serif;\"><span style=\"font-size: medium;\">La constituci\u00f3 de les meses electorals ser\u00e0 abans del dia <strong>11 de novembre de 2021<\/strong>\u00a0i les votacions es produiran entre els dies <strong>22 i 26 de novembre de 2021<\/strong>, ambd\u00f3s inclosos. <\/span><\/span><\/span><\/p>\n<p><span style=\"color: #222222;\"><span style=\"font-family: Arial, sans-serif;\"><span style=\"font-size: medium;\"><span style=\"color: #444444;\">La <\/span><span style=\"color: #444444;\">Constituci\u00f3 del Consell Escolar i la presa de possessi\u00f3 dels seus membres no <\/span><span style=\"color: #444444;\">ser\u00e0 <\/span><span style=\"color: #444444;\">m\u00e9s tard del dia <strong>20 de desembre de 2021.<br \/>\n<\/strong><\/span><\/span><\/span><\/span><\/p>\n<p>El <strong>calendari<\/strong> complet el podeu consultar <a href=\"https:\/\/agora.xtec.cat\/insrosetamauri\/wp-content\/uploads\/usu605\/2021\/11\/calendari-eleccions-consell-escolar-21-22.pdf\" target=\"_blank\" rel=\"noopener\">aqu\u00ed.<\/a><\/p>\n<p><span style=\"color: #222222;\"><span style=\"font-family: Arial, sans-serif;\"><span style=\"font-size: medium;\"><span style=\"color: #444444;\">Com ja sabeu, el consell escolar \u00e9s <\/span><span style=\"color: #444444;\">l\u2019\u00f2rgan de participaci\u00f3 de la comunitat escolar en el govern del centre. <\/span><span style=\"color: #444444;\">La seva funci\u00f3 principal \u00e9s participar en la presa de decisions en relaci\u00f3 amb aquelles temes importants per al funcionament i l\u2019organitzaci\u00f3 del centre.<\/span><\/span><\/span><\/span><\/p>\n<p>Concretament, est\u00e0 format per representants del sector professors\/es, del sector pares i mares, per un representant de l\u2019ajuntament, del sector PAS i l\u2019alumnat i per la directora del centre, la cap d\u2019estudis i la secret\u00e0ria.<\/p>\n<p><strong>Presentaci\u00f3 de candidatures:<\/strong> cal seguir <a href=\"https:\/\/agora.xtec.cat\/insrosetamauri\/wp-content\/uploads\/usu605\/2021\/11\/model-candidatura.pdf\" target=\"_blank\" rel=\"noopener\">aquest model.<\/a><\/p>\n<p><strong><a href=\"https:\/\/educacio.gencat.cat\/ca\/arees-actuacio\/families\/recursos\/recomanacions\/eleccions-consells-escolars\/\" target=\"_blank\" rel=\"noopener\">Per qu\u00e8 \u00e9s important que les fam\u00edlies participem en les eleccions al consell escolar?<\/a>\u00a0<\/strong>Perqu\u00e8 l\u2019\u00e8xit educatiu \u00e9s responsabilitat de tota la comunitat educativa!<\/p>\n<p><img loading=\"lazy\" decoding=\"async\" class=\"aligncenter size-medium wp-image-3493\" src=\"https:\/\/agora.xtec.cat\/insrosetamauri\/wp-content\/uploads\/usu605\/2021\/11\/Eleccions-consell-escolar-211x300.jpg\" alt=\"\" width=\"211\" height=\"300\" srcset=\"https:\/\/agora.xtec.cat\/insrosetamauri\/wp-content\/uploads\/usu605\/2021\/11\/Eleccions-consell-escolar-211x300.jpg 211w, https:\/\/agora.xtec.cat\/insrosetamauri\/wp-content\/uploads\/usu605\/2021\/11\/Eleccions-consell-escolar-721x1024.jpg 721w, https:\/\/agora.xtec.cat\/insrosetamauri\/wp-content\/uploads\/usu605\/2021\/11\/Eleccions-consell-escolar-768x1090.jpg 768w, https:\/\/agora.xtec.cat\/insrosetamauri\/wp-content\/uploads\/usu605\/2021\/11\/Eleccions-consell-escolar.jpg 973w\" sizes=\"auto, (max-width: 211px) 100vw, 211px\" \/><\/p>\n<div class=\"gmail_default\"><b>Normativa<\/b><\/div>\n<div class=\"gmail_default\"><a title=\"Ves al DOGC\" href=\"https:\/\/dogc.gencat.cat\/ca\/document-del-dogc\/?documentId=912090\" target=\"_blank\" rel=\"noopener\" data-saferedirecturl=\"https:\/\/www.google.com\/url?q=https:\/\/dogc.gencat.cat\/ca\/document-del-dogc\/?documentId%3D912090&amp;source=gmail&amp;ust=1636529265009000&amp;usg=AFQjCNFM1XB_Box0rWejAvnmErAuYa7PHg\">Resoluci\u00f3 EDU\/3043\/2021<\/a>, de 6 d\u2019octubre, per la qual s&#8217;estableix el calendari i el r\u00e8gim del proc\u00e9s electoral per renovar els membres dels consells escolars dels centres p\u00fablics i privats sostinguts amb fons p\u00fablics.<\/div>\n<div class=\"gmail_default\"><a title=\"Ves al portal jur\u00eddic\" href=\"https:\/\/portaljuridic.gencat.cat\/ca\/pjur_ocults\/pjur_resultats_fitxa\/?action=fitxa&amp;mode=single&amp;documentId=627338&amp;language=ca_ES\" target=\"_blank\" rel=\"noopener\" data-saferedirecturl=\"https:\/\/www.google.com\/url?q=https:\/\/portaljuridic.gencat.cat\/ca\/pjur_ocults\/pjur_resultats_fitxa\/?action%3Dfitxa%26mode%3Dsingle%26documentId%3D627338%26language%3Dca_ES&amp;source=gmail&amp;ust=1636529265009000&amp;usg=AFQjCNE9X7y74dc0nB_-AisK3j580konFw\">Llei org\u00e0nica 2\/2006<\/a>, de 3 de maig, d&#8217;educaci\u00f3.<\/div>\n<div class=\"gmail_default\"><a title=\"Ves al portal jur\u00eddic\" href=\"https:\/\/portaljuridic.gencat.cat\/ca\/pjur_ocults\/pjur_resultats_fitxa\/?action=fitxa&amp;documentId=628910&amp;language=ca_ES&amp;textWords=Llei%2520org%25C3%25A0nica%25208\/1985%2c%2520de%25203%2520de%2520juliol%2c%2520reguladora%2520del%2520dret%2520a%2520l%27educaci%25C3%25B3&amp;mode=single\" target=\"_blank\" rel=\"noopener\" data-saferedirecturl=\"https:\/\/www.google.com\/url?q=https:\/\/portaljuridic.gencat.cat\/ca\/pjur_ocults\/pjur_resultats_fitxa\/?action%3Dfitxa%26documentId%3D628910%26language%3Dca_ES%26textWords%3DLlei%252520org%2525C3%2525A0nica%2525208\/1985%252c%252520de%2525203%252520de%252520juliol%252c%252520reguladora%252520del%252520dret%252520a%252520l%2527educaci%2525C3%2525B3%26mode%3Dsingle&amp;source=gmail&amp;ust=1636529265009000&amp;usg=AFQjCNG5L6uvQPiSe5tYcgWgQ-g1e6OVmw\">Llei org\u00e0nica 8\/1985<\/a>, de 3 de juliol, reguladora del dret a l&#8217;educaci\u00f3.<\/div>\n<div class=\"gmail_default\"><a title=\"Ves al Portal jur\u00eddic\" href=\"https:\/\/portaljuridic.gencat.cat\/ca\/pjur_ocults\/pjur_resultats_fitxa\/?action=fitxa&amp;documentId=545262&amp;language=ca_ES&amp;textWords=Decret%2520102\/2010%2c%2520de%25203%2520d%27agost%2c%2520d%27autonomia%2520dels%2520centres%2520educatius&amp;mode=single\" target=\"_blank\" rel=\"noopener\" data-saferedirecturl=\"https:\/\/www.google.com\/url?q=https:\/\/portaljuridic.gencat.cat\/ca\/pjur_ocults\/pjur_resultats_fitxa\/?action%3Dfitxa%26documentId%3D545262%26language%3Dca_ES%26textWords%3DDecret%252520102\/2010%252c%252520de%2525203%252520d%2527agost%252c%252520d%2527autonomia%252520dels%252520centres%252520educatius%26mode%3Dsingle&amp;source=gmail&amp;ust=1636529265009000&amp;usg=AFQjCNFuQ0YU3eSAGBEdA9MQ9744E_q_eA\">Decret 102\/2010<\/a>, de 3 d&#8217;agost, d&#8217;autonomia dels centres educatius.<\/div>\n","protected":false},"excerpt":{"rendered":"<p>Us informem que iniciarem el proc\u00e9s de renovaci\u00f3 dels representats del consell escolar a partir del 2 de novembre de 2021.<br \/>\nLa constituci\u00f3 de les meses electorals ser\u00e0 abans del dia 11 de novembre de 2021\u00a0i les votacions es produiran entre els dies 22 i&hellip;  <a href=\"https:\/\/agora.xtec.cat\/insrosetamauri\/general\/eleccions-consell-escolar-2021\/\" title=\"Read Eleccions consell escolar 2021\">Llegeix m\u00e9s\u00bb<\/a><\/p>\n","protected":false},"author":3,"featured_media":3493,"comment_status":"closed","ping_status":"closed","sticky":false,"template":"","format":"standard","meta":{"_bbp_topic_count":0,"_bbp_reply_count":0,"_bbp_total_topic_count":0,"_bbp_total_reply_count":0,"_bbp_voice_count":0,"_bbp_anonymous_reply_count":0,"_bbp_topic_count_hidden":0,"_bbp_reply_count_hidden":0,"_bbp_forum_subforum_count":0,"footnotes":""},"categories":[1,29],"tags":[],"class_list":["post-3490","post","type-post","status-publish","format-standard","has-post-thumbnail","hentry","category-general","category-portada"],"post_mailing_queue_ids":[],"_links":{"self":[{"href":"https:\/\/agora.xtec.cat\/insrosetamauri\/wp-json\/wp\/v2\/posts\/3490","targetHints":{"allow":["GET"]}}],"collection":[{"href":"https:\/\/agora.xtec.cat\/insrosetamauri\/wp-json\/wp\/v2\/posts"}],"about":[{"href":"https:\/\/agora.xtec.cat\/insrosetamauri\/wp-json\/wp\/v2\/types\/post"}],"author":[{"embeddable":true,"href":"https:\/\/agora.xtec.cat\/insrosetamauri\/wp-json\/wp\/v2\/users\/3"}],"replies":[{"embeddable":true,"href":"https:\/\/agora.xtec.cat\/insrosetamauri\/wp-json\/wp\/v2\/comments?post=3490"}],"version-history":[{"count":3,"href":"https:\/\/agora.xtec.cat\/insrosetamauri\/wp-json\/wp\/v2\/posts\/3490\/revisions"}],"predecessor-version":[{"id":3499,"href":"https:\/\/agora.xtec.cat\/insrosetamauri\/wp-json\/wp\/v2\/posts\/3490\/revisions\/3499"}],"wp:featuredmedia":[{"embeddable":true,"href":"https:\/\/agora.xtec.cat\/insrosetamauri\/wp-json\/wp\/v2\/media\/3493"}],"wp:attachment":[{"href":"https:\/\/agora.xtec.cat\/insrosetamauri\/wp-json\/wp\/v2\/media?parent=3490"}],"wp:term":[{"taxonomy":"category","embeddable":true,"href":"https:\/\/agora.xtec.cat\/insrosetamauri\/wp-json\/wp\/v2\/categories?post=3490"},{"taxonomy":"post_tag","embeddable":true,"href":"https:\/\/agora.xtec.cat\/insrosetamauri\/wp-json\/wp\/v2\/tags?post=3490"}],"curies":[{"name":"wp","href":"https:\/\/api.w.org\/{rel}","templated":true}]}}