{"id":3111,"date":"2021-04-14T17:41:46","date_gmt":"2021-04-14T15:41:46","guid":{"rendered":"http:\/\/agora.xtec.cat\/insrosetamauri\/?p=3111"},"modified":"2021-04-26T17:45:20","modified_gmt":"2021-04-26T15:45:20","slug":"refugi-antiaeri-i-exposicio-ciutadanes-de-la-republica","status":"publish","type":"post","link":"https:\/\/agora.xtec.cat\/insrosetamauri\/general\/refugi-antiaeri-i-exposicio-ciutadanes-de-la-republica\/","title":{"rendered":"Refugi antiaeri i Exposici\u00f3 \u2018Ciutadanes de la Rep\u00fablica\u2019"},"content":{"rendered":"<p><img loading=\"lazy\" decoding=\"async\" class=\"aligncenter size-medium wp-image-3112\" src=\"https:\/\/agora.xtec.cat\/insrosetamauri\/wp-content\/uploads\/usu605\/2021\/04\/Sense-t\u00edtol-26-300x160.jpg\" alt=\"\" width=\"300\" height=\"160\" srcset=\"https:\/\/agora.xtec.cat\/insrosetamauri\/wp-content\/uploads\/usu605\/2021\/04\/Sense-t\u00edtol-26-300x160.jpg 300w, https:\/\/agora.xtec.cat\/insrosetamauri\/wp-content\/uploads\/usu605\/2021\/04\/Sense-t\u00edtol-26.jpg 701w\" sizes=\"auto, (max-width: 300px) 100vw, 300px\" \/> L\u2019alumnat de 4t d\u2019ESO ha visitat el Refugi antiaeri de la Patacada i l\u2019Exposici\u00f3 \u2018Ciutadanes de la Rep\u00fablica\u2019 al Museu de Reus.<br \/>\nA trav\u00e9s de cartells de l\u2019\u00e8poca, han pogut descobrir la representaci\u00f3 de la figura femenina en la propaganda pol\u00edtica i social, aix\u00ed com altres aspectes de la situaci\u00f3 i condici\u00f3 de les dones durant els anys 30 del S. XX.<br \/>\nAl refugi de la Patacada s\u2019han endinsat per alguns dels 500 m de galeries, del refugi constru\u00eft entre 1937 i 1938.<\/p>\n","protected":false},"excerpt":{"rendered":"<p>L\u2019alumnat de 4t d\u2019ESO ha visitat el Refugi antiaeri de la Patacada i l\u2019Exposici\u00f3 \u2018Ciutadanes de la Rep\u00fablica\u2019 al Museu de Reus.&hellip;  <a href=\"https:\/\/agora.xtec.cat\/insrosetamauri\/general\/refugi-antiaeri-i-exposicio-ciutadanes-de-la-republica\/\" title=\"Read Refugi antiaeri i Exposici\u00f3 \u2018Ciutadanes de la Rep\u00fablica\u2019\">Llegeix m\u00e9s\u00bb<\/a><\/p>\n","protected":false},"author":3,"featured_media":3112,"comment_status":"closed","ping_status":"closed","sticky":false,"template":"","format":"standard","meta":{"_bbp_topic_count":0,"_bbp_reply_count":0,"_bbp_total_topic_count":0,"_bbp_total_reply_count":0,"_bbp_voice_count":0,"_bbp_anonymous_reply_count":0,"_bbp_topic_count_hidden":0,"_bbp_reply_count_hidden":0,"_bbp_forum_subforum_count":0,"footnotes":""},"categories":[3,7,1,107,29],"tags":[],"class_list":["post-3111","post","type-post","status-publish","format-standard","has-post-thumbnail","hentry","category-eso","category-eso-4","category-general","category-geografia-i-historia","category-portada"],"post_mailing_queue_ids":[],"_links":{"self":[{"href":"https:\/\/agora.xtec.cat\/insrosetamauri\/wp-json\/wp\/v2\/posts\/3111","targetHints":{"allow":["GET"]}}],"collection":[{"href":"https:\/\/agora.xtec.cat\/insrosetamauri\/wp-json\/wp\/v2\/posts"}],"about":[{"href":"https:\/\/agora.xtec.cat\/insrosetamauri\/wp-json\/wp\/v2\/types\/post"}],"author":[{"embeddable":true,"href":"https:\/\/agora.xtec.cat\/insrosetamauri\/wp-json\/wp\/v2\/users\/3"}],"replies":[{"embeddable":true,"href":"https:\/\/agora.xtec.cat\/insrosetamauri\/wp-json\/wp\/v2\/comments?post=3111"}],"version-history":[{"count":1,"href":"https:\/\/agora.xtec.cat\/insrosetamauri\/wp-json\/wp\/v2\/posts\/3111\/revisions"}],"predecessor-version":[{"id":3113,"href":"https:\/\/agora.xtec.cat\/insrosetamauri\/wp-json\/wp\/v2\/posts\/3111\/revisions\/3113"}],"wp:featuredmedia":[{"embeddable":true,"href":"https:\/\/agora.xtec.cat\/insrosetamauri\/wp-json\/wp\/v2\/media\/3112"}],"wp:attachment":[{"href":"https:\/\/agora.xtec.cat\/insrosetamauri\/wp-json\/wp\/v2\/media?parent=3111"}],"wp:term":[{"taxonomy":"category","embeddable":true,"href":"https:\/\/agora.xtec.cat\/insrosetamauri\/wp-json\/wp\/v2\/categories?post=3111"},{"taxonomy":"post_tag","embeddable":true,"href":"https:\/\/agora.xtec.cat\/insrosetamauri\/wp-json\/wp\/v2\/tags?post=3111"}],"curies":[{"name":"wp","href":"https:\/\/api.w.org\/{rel}","templated":true}]}}