{"id":2745,"date":"2021-02-15T19:45:58","date_gmt":"2021-02-15T18:45:58","guid":{"rendered":"http:\/\/agora.xtec.cat\/insrosetamauri\/?p=2745"},"modified":"2021-02-15T18:42:05","modified_gmt":"2021-02-15T17:42:05","slug":"graduat-en-educacio-secundaria-obligatoria","status":"publish","type":"post","link":"https:\/\/agora.xtec.cat\/insrosetamauri\/general\/graduat-en-educacio-secundaria-obligatoria\/","title":{"rendered":"Graduat en educaci\u00f3 secund\u00e0ria obligat\u00f2ria\u00a0"},"content":{"rendered":"<p>15<img loading=\"lazy\" decoding=\"async\" class=\"aligncenter size-large wp-image-2746\" src=\"https:\/\/agora.xtec.cat\/insrosetamauri\/wp-content\/uploads\/usu605\/2021\/01\/grad-1024x306.png\" alt=\"\" width=\"1024\" height=\"306\" srcset=\"https:\/\/agora.xtec.cat\/insrosetamauri\/wp-content\/uploads\/usu605\/2021\/01\/grad-1024x306.png 1024w, https:\/\/agora.xtec.cat\/insrosetamauri\/wp-content\/uploads\/usu605\/2021\/01\/grad-300x90.png 300w, https:\/\/agora.xtec.cat\/insrosetamauri\/wp-content\/uploads\/usu605\/2021\/01\/grad-768x230.png 768w, https:\/\/agora.xtec.cat\/insrosetamauri\/wp-content\/uploads\/usu605\/2021\/01\/grad.png 1258w\" sizes=\"auto, (max-width: 1024px) 100vw, 1024px\" \/><\/p>\n<p><b>Graduat en educaci\u00f3 secund\u00e0ria obligat\u00f2ria\u00a0<\/b><\/p>\n<p><b>(alumnes que no l&#8217;han obtingut en finalitzar l&#8217;etapa)<\/b><\/p>\n<p><span style=\"font-weight: 400;\">Els alumnes que no van obtenir el t\u00edtol de graduat en educaci\u00f3 secund\u00e0ria obligat\u00f2ria (ESO) en finalitzar l&#8217;etapa, es poden presentar a les proves que el mes de mar\u00e7 de cada any organitzen els centres educatius.<\/span><\/p>\n<p><span style=\"font-weight: 400;\">Criteris avaluaci\u00f3 per mat\u00e8ries: <\/span><a href=\"https:\/\/drive.google.com\/drive\/folders\/10I_bzh_VLlpFoU6y1t7Cxt6Xwfdb46yX?usp=sharing\" target=\"_blank\" rel=\"noopener noreferrer\"><span style=\"font-weight: 400;\">enlla\u00e7<\/span><\/a><\/p>\n<table>\n<tbody>\n<tr>\n<td><b>Preinscripci\u00f3 a les proves<\/b><\/p>\n<p><span style=\"font-weight: 400;\">De l\u20191 al 12 de febrer<\/span><\/td>\n<\/tr>\n<\/tbody>\n<\/table>\n<p>&nbsp;<\/p>\n<p><span style=\"font-weight: 400;\">Per tal de poder realitzar-la cal:<\/span><\/p>\n<ul>\n<li style=\"font-weight: 400;\" aria-level=\"1\"><span style=\"font-weight: 400;\">presentar la <a href=\"https:\/\/drive.google.com\/file\/d\/1NxYLtfTzGg-miPWSKwzoFZm-3r5EwHq9\/view\" target=\"_blank\" rel=\"noopener noreferrer\">sol\u00b7licitud<\/a> a la secretaria del centre degudament emplenada<\/span><\/li>\n<li style=\"font-weight: 400;\" aria-level=\"1\"><span style=\"font-weight: 400;\">una fotocopia del DNI<\/span><\/li>\n<li style=\"font-weight: 400;\" aria-level=\"1\"><span style=\"font-weight: 400;\">demanar cita pr\u00e8via per formalitzar la preinscripci\u00f3 al tel\u00e8fon <strong>977 301 189<\/strong>.\u00a0<\/span><\/li>\n<\/ul>\n<p>&nbsp;<\/p>\n<table>\n<tbody>\n<tr>\n<td colspan=\"2\"><b>Calendari<\/b><\/td>\n<\/tr>\n<tr>\n<td><span style=\"font-weight: 400;\">Termini de presentaci\u00f3 de sol\u00b7licituds d&#8217;inscripci\u00f3<\/span><\/td>\n<td><span style=\"font-weight: 400;\">De l\u20191 al 12 de febrer de 2021\u200b<\/span><\/td>\n<\/tr>\n<tr>\n<td><span style=\"font-weight: 400;\">Publicaci\u00f3 al tauler d\u2019anuncis del centre del calendari de les proves i de les llistes d&#8217;admesos i exclosos<\/span><\/td>\n<td><span style=\"font-weight: 400;\">Entre el 15 i el 19 de febrer de 2021<\/span><\/td>\n<\/tr>\n<tr>\n<td><span style=\"font-weight: 400;\">Termini de presentaci\u00f3 de reclamacions a les llistes d&#8217;admesos i exclosos<\/span><\/td>\n<td><span style=\"font-weight: 400;\">Del 22 al 24 de febrer de 2021<\/span><\/td>\n<\/tr>\n<tr>\n<td><span style=\"font-weight: 400;\">Realitzaci\u00f3 de les proves<\/span><\/td>\n<td><span style=\"font-weight: 400;\">1 de mar\u00e7 de 2021 (tarda)<\/span><\/td>\n<\/tr>\n<\/tbody>\n<\/table>\n<p>&nbsp;<\/p>\n<p><span style=\"font-weight: 400;\">Per m\u00e9s informaci\u00f3, entrar al seg\u00fcent enlla\u00e7: <\/span><a href=\"http:\/\/educacio.gencat.cat\/ca\/serveis-tramits\/proves\/proves-lliures-obtencio-titols\/obtencio-titol-eso\/\" target=\"_blank\" rel=\"noopener noreferrer\"><span style=\"font-weight: 400;\">Proves Graduat ESO<\/span><\/a><\/p>\n<p>&nbsp;<\/p>\n<p>&nbsp;<\/p>\n","protected":false},"excerpt":{"rendered":"<p>Graduat en educaci\u00f3 secund\u00e0ria obligat\u00f2ria\u00a0<br \/>\n(alumnes que no l&#8217;han obtingut en finalitzar l&#8217;etapa)&hellip;  <a href=\"https:\/\/agora.xtec.cat\/insrosetamauri\/general\/graduat-en-educacio-secundaria-obligatoria\/\" title=\"Read Graduat en educaci\u00f3 secund\u00e0ria obligat\u00f2ria\u00a0\">Llegeix m\u00e9s\u00bb<\/a><\/p>\n","protected":false},"author":3,"featured_media":2746,"comment_status":"closed","ping_status":"closed","sticky":false,"template":"","format":"standard","meta":{"_bbp_topic_count":0,"_bbp_reply_count":0,"_bbp_total_topic_count":0,"_bbp_total_reply_count":0,"_bbp_voice_count":0,"_bbp_anonymous_reply_count":0,"_bbp_topic_count_hidden":0,"_bbp_reply_count_hidden":0,"_bbp_forum_subforum_count":0,"footnotes":""},"categories":[1,29],"tags":[],"class_list":["post-2745","post","type-post","status-publish","format-standard","has-post-thumbnail","hentry","category-general","category-portada"],"post_mailing_queue_ids":[],"_links":{"self":[{"href":"https:\/\/agora.xtec.cat\/insrosetamauri\/wp-json\/wp\/v2\/posts\/2745","targetHints":{"allow":["GET"]}}],"collection":[{"href":"https:\/\/agora.xtec.cat\/insrosetamauri\/wp-json\/wp\/v2\/posts"}],"about":[{"href":"https:\/\/agora.xtec.cat\/insrosetamauri\/wp-json\/wp\/v2\/types\/post"}],"author":[{"embeddable":true,"href":"https:\/\/agora.xtec.cat\/insrosetamauri\/wp-json\/wp\/v2\/users\/3"}],"replies":[{"embeddable":true,"href":"https:\/\/agora.xtec.cat\/insrosetamauri\/wp-json\/wp\/v2\/comments?post=2745"}],"version-history":[{"count":3,"href":"https:\/\/agora.xtec.cat\/insrosetamauri\/wp-json\/wp\/v2\/posts\/2745\/revisions"}],"predecessor-version":[{"id":2798,"href":"https:\/\/agora.xtec.cat\/insrosetamauri\/wp-json\/wp\/v2\/posts\/2745\/revisions\/2798"}],"wp:featuredmedia":[{"embeddable":true,"href":"https:\/\/agora.xtec.cat\/insrosetamauri\/wp-json\/wp\/v2\/media\/2746"}],"wp:attachment":[{"href":"https:\/\/agora.xtec.cat\/insrosetamauri\/wp-json\/wp\/v2\/media?parent=2745"}],"wp:term":[{"taxonomy":"category","embeddable":true,"href":"https:\/\/agora.xtec.cat\/insrosetamauri\/wp-json\/wp\/v2\/categories?post=2745"},{"taxonomy":"post_tag","embeddable":true,"href":"https:\/\/agora.xtec.cat\/insrosetamauri\/wp-json\/wp\/v2\/tags?post=2745"}],"curies":[{"name":"wp","href":"https:\/\/api.w.org\/{rel}","templated":true}]}}