{"id":2698,"date":"2020-12-10T08:27:55","date_gmt":"2020-12-10T07:27:55","guid":{"rendered":"http:\/\/agora.xtec.cat\/insrosetamauri\/?p=2698"},"modified":"2020-12-11T08:28:38","modified_gmt":"2020-12-11T07:28:38","slug":"xvii-trobada-descoles-verdes","status":"publish","type":"post","link":"https:\/\/agora.xtec.cat\/insrosetamauri\/general\/xvii-trobada-descoles-verdes\/","title":{"rendered":"XVII Trobada d\u2019escoles verdes"},"content":{"rendered":"<p style=\"font-weight: 400;\">Avui ha tingut lloc la\u00a0<strong>XVII Trobada d\u2019escoles verdes<\/strong>, un acte on s&#8217;ha donat la benvinguda als nous centres que s&#8217;han incorporat aquest curs a la Xarxa d\u2019Escoles Verdes. Enguany, aquest acte ha estat virtual i\u00a0 ha comptat amb la pres\u00e8ncia del Conseller d&#8217;Educaci\u00f3, l&#8217;Honorable Sr. Josep Bargall\u00f3, i la del Conseller de Territori i Sostenibilitat, l&#8217;Honorable Sr. Dami\u00e0 Calvet. Us en deixem l&#8217;enlla\u00e7 per si voleu veure&#8217;l.<img loading=\"lazy\" decoding=\"async\" class=\"aligncenter wp-image-2701\" src=\"https:\/\/agora.xtec.cat\/insrosetamauri\/wp-content\/uploads\/usu605\/2020\/12\/IMG_6882-1024x594.jpg\" alt=\"\" width=\"506\" height=\"294\" srcset=\"https:\/\/agora.xtec.cat\/insrosetamauri\/wp-content\/uploads\/usu605\/2020\/12\/IMG_6882-1024x594.jpg 1024w, https:\/\/agora.xtec.cat\/insrosetamauri\/wp-content\/uploads\/usu605\/2020\/12\/IMG_6882-300x174.jpg 300w, https:\/\/agora.xtec.cat\/insrosetamauri\/wp-content\/uploads\/usu605\/2020\/12\/IMG_6882-768x446.jpg 768w\" sizes=\"auto, (max-width: 506px) 100vw, 506px\" \/> <img loading=\"lazy\" decoding=\"async\" class=\"aligncenter wp-image-2700\" src=\"https:\/\/agora.xtec.cat\/insrosetamauri\/wp-content\/uploads\/usu605\/2020\/12\/IMG_6887-1024x588.jpg\" alt=\"\" width=\"508\" height=\"292\" srcset=\"https:\/\/agora.xtec.cat\/insrosetamauri\/wp-content\/uploads\/usu605\/2020\/12\/IMG_6887-1024x588.jpg 1024w, https:\/\/agora.xtec.cat\/insrosetamauri\/wp-content\/uploads\/usu605\/2020\/12\/IMG_6887-300x172.jpg 300w, https:\/\/agora.xtec.cat\/insrosetamauri\/wp-content\/uploads\/usu605\/2020\/12\/IMG_6887-768x441.jpg 768w\" sizes=\"auto, (max-width: 508px) 100vw, 508px\" \/> <img loading=\"lazy\" decoding=\"async\" class=\"aligncenter size-full wp-image-2699\" src=\"https:\/\/agora.xtec.cat\/insrosetamauri\/wp-content\/uploads\/usu605\/2020\/12\/image.png\" alt=\"\" width=\"243\" height=\"243\" srcset=\"https:\/\/agora.xtec.cat\/insrosetamauri\/wp-content\/uploads\/usu605\/2020\/12\/image.png 243w, https:\/\/agora.xtec.cat\/insrosetamauri\/wp-content\/uploads\/usu605\/2020\/12\/image-150x150.png 150w\" sizes=\"auto, (max-width: 243px) 100vw, 243px\" \/><\/p>\n<p style=\"font-weight: 400;\">Seguim treballant pel medi ambient i per viure en un m\u00f3n m\u00e9s sostenible! Entre tots ser\u00e0 millor!<\/p>\n<p><br style=\"font-weight: 400;\" \/><br style=\"font-weight: 400;\" \/><\/p>\n","protected":false},"excerpt":{"rendered":"<p>Avui ha tingut lloc la\u00a0XVII Trobada d\u2019escoles verdes, un acte on s&#8217;ha donat la benvinguda als nous centres que s&#8217;han incorporat aquest curs a la Xarxa d\u2019Escoles Verdes. Enguany, aquest acte ha estat virtual i\u00a0 ha comptat amb la pres\u00e8ncia del Conseller d&#8217;Educaci\u00f3, l&#8217;Honorable Sr. Josep Bargall\u00f3, i la del Conseller de Territori i Sostenibilitat, l&#8217;Honorable Sr. Dami\u00e0 Calvet. Us en deixem l&#8217;enlla\u00e7 per si voleu veure&#8217;l.&hellip;  <a href=\"https:\/\/agora.xtec.cat\/insrosetamauri\/general\/xvii-trobada-descoles-verdes\/\" title=\"Read XVII Trobada d\u2019escoles verdes\">Llegeix m\u00e9s\u00bb<\/a><\/p>\n","protected":false},"author":3,"featured_media":2699,"comment_status":"closed","ping_status":"closed","sticky":false,"template":"","format":"standard","meta":{"_bbp_topic_count":0,"_bbp_reply_count":0,"_bbp_total_topic_count":0,"_bbp_total_reply_count":0,"_bbp_voice_count":0,"_bbp_anonymous_reply_count":0,"_bbp_topic_count_hidden":0,"_bbp_reply_count_hidden":0,"_bbp_forum_subforum_count":0,"footnotes":""},"categories":[1,29],"tags":[],"class_list":["post-2698","post","type-post","status-publish","format-standard","has-post-thumbnail","hentry","category-general","category-portada"],"post_mailing_queue_ids":[],"_links":{"self":[{"href":"https:\/\/agora.xtec.cat\/insrosetamauri\/wp-json\/wp\/v2\/posts\/2698","targetHints":{"allow":["GET"]}}],"collection":[{"href":"https:\/\/agora.xtec.cat\/insrosetamauri\/wp-json\/wp\/v2\/posts"}],"about":[{"href":"https:\/\/agora.xtec.cat\/insrosetamauri\/wp-json\/wp\/v2\/types\/post"}],"author":[{"embeddable":true,"href":"https:\/\/agora.xtec.cat\/insrosetamauri\/wp-json\/wp\/v2\/users\/3"}],"replies":[{"embeddable":true,"href":"https:\/\/agora.xtec.cat\/insrosetamauri\/wp-json\/wp\/v2\/comments?post=2698"}],"version-history":[{"count":2,"href":"https:\/\/agora.xtec.cat\/insrosetamauri\/wp-json\/wp\/v2\/posts\/2698\/revisions"}],"predecessor-version":[{"id":2703,"href":"https:\/\/agora.xtec.cat\/insrosetamauri\/wp-json\/wp\/v2\/posts\/2698\/revisions\/2703"}],"wp:featuredmedia":[{"embeddable":true,"href":"https:\/\/agora.xtec.cat\/insrosetamauri\/wp-json\/wp\/v2\/media\/2699"}],"wp:attachment":[{"href":"https:\/\/agora.xtec.cat\/insrosetamauri\/wp-json\/wp\/v2\/media?parent=2698"}],"wp:term":[{"taxonomy":"category","embeddable":true,"href":"https:\/\/agora.xtec.cat\/insrosetamauri\/wp-json\/wp\/v2\/categories?post=2698"},{"taxonomy":"post_tag","embeddable":true,"href":"https:\/\/agora.xtec.cat\/insrosetamauri\/wp-json\/wp\/v2\/tags?post=2698"}],"curies":[{"name":"wp","href":"https:\/\/api.w.org\/{rel}","templated":true}]}}