{"id":2671,"date":"2020-11-20T13:34:47","date_gmt":"2020-11-20T12:34:47","guid":{"rendered":"http:\/\/agora.xtec.cat\/insrosetamauri\/?p=2671"},"modified":"2020-12-09T13:43:05","modified_gmt":"2020-12-09T12:43:05","slug":"cultura-i-valors-xerrada","status":"publish","type":"post","link":"https:\/\/agora.xtec.cat\/insrosetamauri\/general\/cultura-i-valors-xerrada\/","title":{"rendered":"Cultura i valors. Xerrada"},"content":{"rendered":"<p><img loading=\"lazy\" decoding=\"async\" class=\"aligncenter wp-image-2672\" src=\"https:\/\/agora.xtec.cat\/insrosetamauri\/wp-content\/uploads\/usu605\/2020\/12\/EnSRYxDXYAE_yUE.jpg\" alt=\"\" width=\"526\" height=\"431\" srcset=\"https:\/\/agora.xtec.cat\/insrosetamauri\/wp-content\/uploads\/usu605\/2020\/12\/EnSRYxDXYAE_yUE.jpg 900w, https:\/\/agora.xtec.cat\/insrosetamauri\/wp-content\/uploads\/usu605\/2020\/12\/EnSRYxDXYAE_yUE-300x245.jpg 300w, https:\/\/agora.xtec.cat\/insrosetamauri\/wp-content\/uploads\/usu605\/2020\/12\/EnSRYxDXYAE_yUE-768x628.jpg 768w\" sizes=\"auto, (max-width: 526px) 100vw, 526px\" \/><\/p>\n<p><span class=\"css-901oao css-16my406 r-1qd0xha r-ad9z0x r-bcqeeo r-qvutc0\">A la mat\u00e8ria de Cultura i valors \u00e8tics, els i les alumn@s de 3r d\u2019ESO de l\u2019institut hem pogut gaudir de la pres\u00e8ncia en l\u00ednia de l&#8217;arque\u00f2leg i investigador, de l&#8217;Institut Catal\u00e0 de Paleoecologia Humana i Evoluci\u00f3 Social<\/span><span style=\"font-family: inherit; font-size: 1em;\">, Miquel Guardiola.<\/span><\/p>\n","protected":false},"excerpt":{"rendered":"<p>A la mat\u00e8ria de Cultura i valors \u00e8tics, els i les alumn@s de 3r d\u2019ESO de l\u2019institut hem pogut gaudir de la pres\u00e8ncia en l\u00ednia de l&#8217;arque\u00f2leg i investigador, de l&#8217;Institut Catal\u00e0 de Paleoecologia Humana i Evoluci\u00f3 Social, Miquel Guardiola.<\/p>\n","protected":false},"author":3,"featured_media":0,"comment_status":"open","ping_status":"closed","sticky":false,"template":"","format":"standard","meta":{"_bbp_topic_count":0,"_bbp_reply_count":0,"_bbp_total_topic_count":0,"_bbp_total_reply_count":0,"_bbp_voice_count":0,"_bbp_anonymous_reply_count":0,"_bbp_topic_count_hidden":0,"_bbp_reply_count_hidden":0,"_bbp_forum_subforum_count":0,"footnotes":""},"categories":[115,6,1,29],"tags":[],"class_list":["post-2671","post","type-post","status-publish","format-standard","hentry","category-cultura-i-valors","category-eso-3","category-general","category-portada"],"post_mailing_queue_ids":[],"_links":{"self":[{"href":"https:\/\/agora.xtec.cat\/insrosetamauri\/wp-json\/wp\/v2\/posts\/2671","targetHints":{"allow":["GET"]}}],"collection":[{"href":"https:\/\/agora.xtec.cat\/insrosetamauri\/wp-json\/wp\/v2\/posts"}],"about":[{"href":"https:\/\/agora.xtec.cat\/insrosetamauri\/wp-json\/wp\/v2\/types\/post"}],"author":[{"embeddable":true,"href":"https:\/\/agora.xtec.cat\/insrosetamauri\/wp-json\/wp\/v2\/users\/3"}],"replies":[{"embeddable":true,"href":"https:\/\/agora.xtec.cat\/insrosetamauri\/wp-json\/wp\/v2\/comments?post=2671"}],"version-history":[{"count":1,"href":"https:\/\/agora.xtec.cat\/insrosetamauri\/wp-json\/wp\/v2\/posts\/2671\/revisions"}],"predecessor-version":[{"id":2673,"href":"https:\/\/agora.xtec.cat\/insrosetamauri\/wp-json\/wp\/v2\/posts\/2671\/revisions\/2673"}],"wp:attachment":[{"href":"https:\/\/agora.xtec.cat\/insrosetamauri\/wp-json\/wp\/v2\/media?parent=2671"}],"wp:term":[{"taxonomy":"category","embeddable":true,"href":"https:\/\/agora.xtec.cat\/insrosetamauri\/wp-json\/wp\/v2\/categories?post=2671"},{"taxonomy":"post_tag","embeddable":true,"href":"https:\/\/agora.xtec.cat\/insrosetamauri\/wp-json\/wp\/v2\/tags?post=2671"}],"curies":[{"name":"wp","href":"https:\/\/api.w.org\/{rel}","templated":true}]}}