{"id":2097,"date":"2020-06-25T23:11:32","date_gmt":"2020-06-25T21:11:32","guid":{"rendered":"http:\/\/agora.xtec.cat\/insrosetamauri\/?p=2097"},"modified":"2020-07-07T12:57:01","modified_gmt":"2020-07-07T10:57:01","slug":"llistat-del-barem-provisional-de-les-preinscripcions-2020-21","status":"publish","type":"post","link":"https:\/\/agora.xtec.cat\/insrosetamauri\/general\/llistat-del-barem-provisional-de-les-preinscripcions-2020-21\/","title":{"rendered":"Matr\u00edcula 1r ESO 2020-21"},"content":{"rendered":"<div><\/div>\n<h3 class=\"gmail_default\"><a href=\"https:\/\/agora.xtec.cat\/insrosetamauri\/wp-content\/uploads\/usu605\/2020\/06\/LLISTA-ALUMNES-ASSIGNATS.pdf\" target=\"_blank\" rel=\"noopener noreferrer\"><span style=\"font-size: large;\">LLISTAT DEFINITIU<\/span><\/a><\/h3>\n<h3><\/h3>\n<h3 class=\"gmail_default\"><span style=\"font-size: large;\"><a href=\"https:\/\/agora.xtec.cat\/insrosetamauri\/wp-content\/uploads\/usu605\/2020\/06\/LLISTA-DESPERA-ESO.pdf\" target=\"_blank\" rel=\"noopener noreferrer\">LLISTA D&#8217;ESPERA<\/a>\u00a0<\/span><\/h3>\n<div><\/div>\n<div><\/div>\n<div class=\"gmail_default\"><\/div>\n<div class=\"gmail_default\"><b>\u00a0\u00a0 <u>Informaci\u00f3 important<\/u><\/b><\/div>\n<ul>\n<li>Els alumnes admesos hauran de passar per la consergeria del centre per recollir la documentaci\u00f3 que cal lliurar el dia de la matr\u00edcula i demanar <b>CITA PR\u00c8VIA<\/b>.<\/li>\n<li>El per\u00edode de matr\u00edcula \u00e9s del 13 al 17 de juliol (ambd\u00f3s inclosos)<span class=\"gmail_default\">.<\/span><\/li>\n<li>Cal\u00a0<span class=\"gmail_default\">portar<\/span>\u00a0 mascareta i nom\u00e9s podr\u00e0 venir\u00a0<span class=\"gmail_default\">a formalitzar-la\u00a0<\/span>una persona per matr\u00edcula.<\/li>\n<li>Si s&#8217;ha presentat la preinscripci\u00f3 telem\u00e0ticament, cal portar l&#8217;original i una fotoc\u00f2pia del DNI del pare i de la mare (i\/o tutors legals), de l&#8217;alumne (si en t\u00e9) i del llibre de fam\u00edlia.<\/li>\n<li>Si no es\u00a0<span class=\"gmail_default\">formalitza<\/span>\u00a0la matr\u00edcula, es podr\u00e0 perdre la pla\u00e7a adjudicada.<\/li>\n<\/ul>\n","protected":false},"excerpt":{"rendered":"<p><a href=\"https:\/\/agora.xtec.cat\/insrosetamauri\/wp-content\/uploads\/usu605\/2020\/06\/LLISTA-ALUMNES-ASSIGNATS.pdf\" target=\"_blank\" rel=\"noopener noreferrer\">LLISTAT DEFINITIU<\/a><\/p>\n<p><a href=\"https:\/\/agora.xtec.cat\/insrosetamauri\/wp-content\/uploads\/usu605\/2020\/06\/LLISTA-DESPERA-ESO.pdf\" target=\"_blank\" rel=\"noopener noreferrer\">LLISTA D&#8217;ESPERA<\/a>\u00a0<\/p>\n<p>\u00a0\u00a0 Informaci\u00f3 important<\/p>\n<ul>\n<li>Els alumnes admesos hauran de passar per la consergeria del centre per recollir la documentaci\u00f3 que cal lliurar el dia de la matr\u00edcula i demanar CITA PR\u00c8VIA.<\/li>\n<li>El per\u00edode de matr\u00edcula \u00e9s del 13&hellip;  <a href=\"https:\/\/agora.xtec.cat\/insrosetamauri\/general\/llistat-del-barem-provisional-de-les-preinscripcions-2020-21\/\" title=\"Read Matr\u00edcula 1r ESO 2020-21\">Llegeix m\u00e9s\u00bb<\/a><br \/>\n","protected":false},"author":3,"featured_media":0,"comment_status":"closed","ping_status":"closed","sticky":false,"template":"","format":"standard","meta":{"_bbp_topic_count":0,"_bbp_reply_count":0,"_bbp_total_topic_count":0,"_bbp_total_reply_count":0,"_bbp_voice_count":0,"_bbp_anonymous_reply_count":0,"_bbp_topic_count_hidden":0,"_bbp_reply_count_hidden":0,"_bbp_forum_subforum_count":0,"footnotes":""},"categories":[1,29],"tags":[],"class_list":["post-2097","post","type-post","status-publish","format-standard","hentry","category-general","category-portada"],"post_mailing_queue_ids":[],"_links":{"self":[{"href":"https:\/\/agora.xtec.cat\/insrosetamauri\/wp-json\/wp\/v2\/posts\/2097","targetHints":{"allow":["GET"]}}],"collection":[{"href":"https:\/\/agora.xtec.cat\/insrosetamauri\/wp-json\/wp\/v2\/posts"}],"about":[{"href":"https:\/\/agora.xtec.cat\/insrosetamauri\/wp-json\/wp\/v2\/types\/post"}],"author":[{"embeddable":true,"href":"https:\/\/agora.xtec.cat\/insrosetamauri\/wp-json\/wp\/v2\/users\/3"}],"replies":[{"embeddable":true,"href":"https:\/\/agora.xtec.cat\/insrosetamauri\/wp-json\/wp\/v2\/comments?post=2097"}],"version-history":[{"count":4,"href":"https:\/\/agora.xtec.cat\/insrosetamauri\/wp-json\/wp\/v2\/posts\/2097\/revisions"}],"predecessor-version":[{"id":2191,"href":"https:\/\/agora.xtec.cat\/insrosetamauri\/wp-json\/wp\/v2\/posts\/2097\/revisions\/2191"}],"wp:attachment":[{"href":"https:\/\/agora.xtec.cat\/insrosetamauri\/wp-json\/wp\/v2\/media?parent=2097"}],"wp:term":[{"taxonomy":"category","embeddable":true,"href":"https:\/\/agora.xtec.cat\/insrosetamauri\/wp-json\/wp\/v2\/categories?post=2097"},{"taxonomy":"post_tag","embeddable":true,"href":"https:\/\/agora.xtec.cat\/insrosetamauri\/wp-json\/wp\/v2\/tags?post=2097"}],"curies":[{"name":"wp","href":"https:\/\/api.w.org\/{rel}","templated":true}]}}