{"id":1765,"date":"2020-03-02T09:16:48","date_gmt":"2020-03-02T08:16:48","guid":{"rendered":"http:\/\/agora.xtec.cat\/insrosetamauri\/?p=1765"},"modified":"2020-12-08T12:10:14","modified_gmt":"2020-12-08T11:10:14","slug":"xerrada-economia","status":"publish","type":"post","link":"https:\/\/agora.xtec.cat\/insrosetamauri\/general\/xerrada-economia\/","title":{"rendered":"Xerrada economia"},"content":{"rendered":"<p><span style=\"font-weight: 400;\">Dins del programa \u00abEscola i Empresa\u00bb ens va visitar el passat 19 de febrer l\u2019empres\u00e0ria <\/span><b>Anna Cuadrat<\/b><span style=\"font-weight: 400;\">.\u00a0 Actualment \u00e9s gerent de <\/span><b>Priorat Natur<\/b><span style=\"font-weight: 400;\"> i Assessora del celler <\/span><b>Buil&amp;Gin\u00e9<\/b><span style=\"font-weight: 400;\">.\u00a0<\/span><\/p>\n<p><span style=\"font-weight: 400;\">Els alumnes de primer de batxillerat i de quart d\u2019ESO <\/span><span style=\"font-weight: 400;\">que fan la mat\u00e8ria d\u2019economia van poder gaudir de les seves explicacions: A qu\u00e8 es dedica l\u2019empresa, quin \u00e9s el seu segment de mercat, qu\u00e8 va haver d\u2019estudiar, qu\u00e8 li va motivar a ser empres\u00e0ria, quins projectes de futur t\u00e9, amb quines dificultats s\u2019ha trobat, qu\u00e8 \u00e9s el que m\u00e9s valora de la seva feina&#8230;\u00a0<\/span><\/p>\n<p><span style=\"font-weight: 400;\">Moltes gr\u00e0cies per la teva proximitat i les teves explicacions.<\/span><\/p>\n<p><img loading=\"lazy\" decoding=\"async\" class=\"aligncenter wp-image-1766\" src=\"https:\/\/agora.xtec.cat\/insrosetamauri\/wp-content\/uploads\/usu605\/2020\/03\/IMG_4213-min-300x225.jpg\" alt=\"\" width=\"300\" height=\"225\" srcset=\"https:\/\/agora.xtec.cat\/insrosetamauri\/wp-content\/uploads\/usu605\/2020\/03\/IMG_4213-min-300x225.jpg 300w, https:\/\/agora.xtec.cat\/insrosetamauri\/wp-content\/uploads\/usu605\/2020\/03\/IMG_4213-min-768x576.jpg 768w, https:\/\/agora.xtec.cat\/insrosetamauri\/wp-content\/uploads\/usu605\/2020\/03\/IMG_4213-min-1024x768.jpg 1024w, https:\/\/agora.xtec.cat\/insrosetamauri\/wp-content\/uploads\/usu605\/2020\/03\/IMG_4213-min-200x150.jpg 200w\" sizes=\"auto, (max-width: 300px) 100vw, 300px\" \/><\/p>\n","protected":false},"excerpt":{"rendered":"<p>Dins del programa \u00abEscola i Empresa\u00bb ens va visitar el passat 19 de febrer l\u2019empres\u00e0ria Anna Cuadrat.\u00a0 Actualment \u00e9s gerent de Priorat Natur i Assessora del celler Buil&amp;Gin\u00e9.\u00a0<br \/>\nEls alumnes de primer de batxillerat i de quart d\u2019ESO que fan la mat\u00e8ria d\u2019economia van poder gaudir&hellip;  <a href=\"https:\/\/agora.xtec.cat\/insrosetamauri\/general\/xerrada-economia\/\" title=\"Read Xerrada economia\">Llegeix m\u00e9s\u00bb<\/a><\/p>\n","protected":false},"author":3,"featured_media":1766,"comment_status":"closed","ping_status":"closed","sticky":false,"template":"","format":"standard","meta":{"_bbp_topic_count":0,"_bbp_reply_count":0,"_bbp_total_topic_count":0,"_bbp_total_reply_count":0,"_bbp_voice_count":0,"_bbp_anonymous_reply_count":0,"_bbp_topic_count_hidden":0,"_bbp_reply_count_hidden":0,"_bbp_forum_subforum_count":0,"footnotes":""},"categories":[99,7,1,109,29],"tags":[],"class_list":["post-1765","post","type-post","status-publish","format-standard","has-post-thumbnail","hentry","category-bat-1","category-eso-4","category-general","category-matematiques","category-portada"],"post_mailing_queue_ids":[],"_links":{"self":[{"href":"https:\/\/agora.xtec.cat\/insrosetamauri\/wp-json\/wp\/v2\/posts\/1765","targetHints":{"allow":["GET"]}}],"collection":[{"href":"https:\/\/agora.xtec.cat\/insrosetamauri\/wp-json\/wp\/v2\/posts"}],"about":[{"href":"https:\/\/agora.xtec.cat\/insrosetamauri\/wp-json\/wp\/v2\/types\/post"}],"author":[{"embeddable":true,"href":"https:\/\/agora.xtec.cat\/insrosetamauri\/wp-json\/wp\/v2\/users\/3"}],"replies":[{"embeddable":true,"href":"https:\/\/agora.xtec.cat\/insrosetamauri\/wp-json\/wp\/v2\/comments?post=1765"}],"version-history":[{"count":2,"href":"https:\/\/agora.xtec.cat\/insrosetamauri\/wp-json\/wp\/v2\/posts\/1765\/revisions"}],"predecessor-version":[{"id":1768,"href":"https:\/\/agora.xtec.cat\/insrosetamauri\/wp-json\/wp\/v2\/posts\/1765\/revisions\/1768"}],"wp:featuredmedia":[{"embeddable":true,"href":"https:\/\/agora.xtec.cat\/insrosetamauri\/wp-json\/wp\/v2\/media\/1766"}],"wp:attachment":[{"href":"https:\/\/agora.xtec.cat\/insrosetamauri\/wp-json\/wp\/v2\/media?parent=1765"}],"wp:term":[{"taxonomy":"category","embeddable":true,"href":"https:\/\/agora.xtec.cat\/insrosetamauri\/wp-json\/wp\/v2\/categories?post=1765"},{"taxonomy":"post_tag","embeddable":true,"href":"https:\/\/agora.xtec.cat\/insrosetamauri\/wp-json\/wp\/v2\/tags?post=1765"}],"curies":[{"name":"wp","href":"https:\/\/api.w.org\/{rel}","templated":true}]}}