{"id":1271,"date":"2019-03-13T08:50:39","date_gmt":"2019-03-13T07:50:39","guid":{"rendered":"http:\/\/agora.xtec.cat\/insrosetamauri\/?p=1271"},"modified":"2019-03-13T08:56:03","modified_gmt":"2019-03-13T07:56:03","slug":"campio-despanya-2019-de-taekwondo","status":"publish","type":"post","link":"https:\/\/agora.xtec.cat\/insrosetamauri\/general\/campio-despanya-2019-de-taekwondo\/","title":{"rendered":"Campi\u00f3 d&#8217;Espanya 2019 de Taekwondo"},"content":{"rendered":"<p>L&#8217;Hugo Torres ha competit al campionat d&#8217;Espanya celebrat a Alacant els dies 9 i 10 Mar\u00e7 representant a Catalunya, quedant Campi\u00f3 d&#8217;Espanya 2019 en parella i Bronze individual, obtenint aix\u00ed el passi al campionat d&#8217;Europa representant a la selecci\u00f3 espanyola, que se celebrar\u00e0 a Turquia.<\/p>\n<p><a href=\"https:\/\/agora.xtec.cat\/insrosetamauri\/wp-content\/uploads\/usu605\/2019\/03\/20190310_153935.jpg\"><img loading=\"lazy\" decoding=\"async\" class=\"aligncenter size-medium wp-image-1272\" src=\"https:\/\/agora.xtec.cat\/insrosetamauri\/wp-content\/uploads\/usu605\/2019\/03\/20190310_153935-158x300.jpg\" alt=\"\" width=\"158\" height=\"300\" srcset=\"https:\/\/agora.xtec.cat\/insrosetamauri\/wp-content\/uploads\/usu605\/2019\/03\/20190310_153935-158x300.jpg 158w, https:\/\/agora.xtec.cat\/insrosetamauri\/wp-content\/uploads\/usu605\/2019\/03\/20190310_153935-538x1024.jpg 538w, https:\/\/agora.xtec.cat\/insrosetamauri\/wp-content\/uploads\/usu605\/2019\/03\/20190310_153935.jpg 763w\" sizes=\"auto, (max-width: 158px) 100vw, 158px\" \/><\/a> <a href=\"https:\/\/agora.xtec.cat\/insrosetamauri\/wp-content\/uploads\/usu605\/2019\/03\/IMG-20190310-WA0006.jpg\"><img loading=\"lazy\" decoding=\"async\" class=\"aligncenter size-medium wp-image-1273\" src=\"https:\/\/agora.xtec.cat\/insrosetamauri\/wp-content\/uploads\/usu605\/2019\/03\/IMG-20190310-WA0006-225x300.jpg\" alt=\"\" width=\"225\" height=\"300\" srcset=\"https:\/\/agora.xtec.cat\/insrosetamauri\/wp-content\/uploads\/usu605\/2019\/03\/IMG-20190310-WA0006-225x300.jpg 225w, https:\/\/agora.xtec.cat\/insrosetamauri\/wp-content\/uploads\/usu605\/2019\/03\/IMG-20190310-WA0006.jpg 768w\" sizes=\"auto, (max-width: 225px) 100vw, 225px\" \/><\/a> <a href=\"https:\/\/agora.xtec.cat\/insrosetamauri\/wp-content\/uploads\/usu605\/2019\/03\/20190310_171231.jpg\"><img loading=\"lazy\" decoding=\"async\" class=\"aligncenter size-medium wp-image-1274\" src=\"https:\/\/agora.xtec.cat\/insrosetamauri\/wp-content\/uploads\/usu605\/2019\/03\/20190310_171231-199x300.jpg\" alt=\"\" width=\"199\" height=\"300\" srcset=\"https:\/\/agora.xtec.cat\/insrosetamauri\/wp-content\/uploads\/usu605\/2019\/03\/20190310_171231-199x300.jpg 199w, https:\/\/agora.xtec.cat\/insrosetamauri\/wp-content\/uploads\/usu605\/2019\/03\/20190310_171231-768x1158.jpg 768w, https:\/\/agora.xtec.cat\/insrosetamauri\/wp-content\/uploads\/usu605\/2019\/03\/20190310_171231-679x1024.jpg 679w, https:\/\/agora.xtec.cat\/insrosetamauri\/wp-content\/uploads\/usu605\/2019\/03\/20190310_171231.jpg 769w\" sizes=\"auto, (max-width: 199px) 100vw, 199px\" \/><\/a><\/p>\n","protected":false},"excerpt":{"rendered":"<p>L&#8217;Hugo Torres ha competit al campionat d&#8217;Espanya celebrat a Alacant els dies 9 i 10 Mar\u00e7 representant a Catalunya, quedant Campi\u00f3 d&#8217;Espanya 2019 en parella i Bronze individual, obtenint aix\u00ed el passi al campionat d&#8217;Europa representant a la selecci\u00f3 espanyola, que se celebrar\u00e0 a Turquia.<br \/>\n<a&hellip;  <a href=\"https:\/\/agora.xtec.cat\/insrosetamauri\/general\/campio-despanya-2019-de-taekwondo\/\" title=\"Read Campi\u00f3 d&#8217;Espanya 2019 de Taekwondo\">Llegeix m\u00e9s\u00bb<\/a><\/p>\n","protected":false},"author":3,"featured_media":1277,"comment_status":"closed","ping_status":"closed","sticky":false,"template":"","format":"standard","meta":{"_bbp_topic_count":0,"_bbp_reply_count":0,"_bbp_total_topic_count":0,"_bbp_total_reply_count":0,"_bbp_voice_count":0,"_bbp_anonymous_reply_count":0,"_bbp_topic_count_hidden":0,"_bbp_reply_count_hidden":0,"_bbp_forum_subforum_count":0,"footnotes":""},"categories":[1,29],"tags":[],"class_list":["post-1271","post","type-post","status-publish","format-standard","has-post-thumbnail","hentry","category-general","category-portada"],"post_mailing_queue_ids":[],"_links":{"self":[{"href":"https:\/\/agora.xtec.cat\/insrosetamauri\/wp-json\/wp\/v2\/posts\/1271","targetHints":{"allow":["GET"]}}],"collection":[{"href":"https:\/\/agora.xtec.cat\/insrosetamauri\/wp-json\/wp\/v2\/posts"}],"about":[{"href":"https:\/\/agora.xtec.cat\/insrosetamauri\/wp-json\/wp\/v2\/types\/post"}],"author":[{"embeddable":true,"href":"https:\/\/agora.xtec.cat\/insrosetamauri\/wp-json\/wp\/v2\/users\/3"}],"replies":[{"embeddable":true,"href":"https:\/\/agora.xtec.cat\/insrosetamauri\/wp-json\/wp\/v2\/comments?post=1271"}],"version-history":[{"count":2,"href":"https:\/\/agora.xtec.cat\/insrosetamauri\/wp-json\/wp\/v2\/posts\/1271\/revisions"}],"predecessor-version":[{"id":1276,"href":"https:\/\/agora.xtec.cat\/insrosetamauri\/wp-json\/wp\/v2\/posts\/1271\/revisions\/1276"}],"wp:featuredmedia":[{"embeddable":true,"href":"https:\/\/agora.xtec.cat\/insrosetamauri\/wp-json\/wp\/v2\/media\/1277"}],"wp:attachment":[{"href":"https:\/\/agora.xtec.cat\/insrosetamauri\/wp-json\/wp\/v2\/media?parent=1271"}],"wp:term":[{"taxonomy":"category","embeddable":true,"href":"https:\/\/agora.xtec.cat\/insrosetamauri\/wp-json\/wp\/v2\/categories?post=1271"},{"taxonomy":"post_tag","embeddable":true,"href":"https:\/\/agora.xtec.cat\/insrosetamauri\/wp-json\/wp\/v2\/tags?post=1271"}],"curies":[{"name":"wp","href":"https:\/\/api.w.org\/{rel}","templated":true}]}}