{"id":106,"count":10,"description":"<strong>L\u2019EDUCACI\u00d3 F\u00cdSICA A L\u2019INSTITUT ROSETA MAURI<\/strong>\r\n\r\nL\u2019ensenyament i l\u2019aprenentatge de l\u2019educaci\u00f3 f\u00edsica en l\u2019etapa de l\u2019educaci\u00f3 secund\u00e0ria obligat\u00f2ria es fonamenta en el treball de les compet\u00e8ncies relacionades amb el cos i la seva activitat motriu, que contribueixin al desenvolupament integral de la persona i a la millora de la seva qualitat de vida.\r\n\r\nLa mat\u00e8ria d\u2019educaci\u00f3 f\u00edsica t\u00e9 com a principal finalitat el coneixement i el desenvolupament del propi cos, la reflexi\u00f3 sobre el sentit i els efectes de l\u2019activitat motriu, la interioritzaci\u00f3 d\u2019h\u00e0bits saludables, regulars i continuats, i el fet de sentir-se b\u00e9 amb el propi cos, cosa que millora l\u2019autoconcepte i l\u2019autoestima.\r\n\r\nPer aconseguir-ho es treballa des de quatre dimensions:\r\n<ul>\r\n \t<li>Dimensi\u00f3 de l\u2019Activitat f\u00edsica saludable<\/li>\r\n \t<li>Dimensi\u00f3 de l\u2019Esport<\/li>\r\n \t<li>Dimensi\u00f3 de l\u2019Activitat f\u00edsica i el temps de lleure<\/li>\r\n \t<li>Dimensi\u00f3 de l\u2019Expressi\u00f3 i comunicaci\u00f3 corporal\r\n(Font:\u00a0Compet\u00e8ncies b\u00e0siques de l\u2019\u00e0mbit de l\u2019educaci\u00f3 f\u00edsica, Orientacions del Departament d\u2019ensenyament)<\/li>\r\n<\/ul>\r\nA l\u2019Institut Roseta Mauri hem desenvolupat el curr\u00edculum per poder treballar i aprofundir en cadascuna d\u2019aquestes dimensions i les compet\u00e8ncies relacionades en les nostres classes ordin\u00e0ries d\u2019educaci\u00f3 f\u00edsica, a m\u00e9s a m\u00e9s estem desenvolupant diferents programes i projectes per poder a m\u00e9s a m\u00e9s fer-ho d\u2019un forma atractiva i innovadora.\r\n\r\n<strong>Durant el curs 2019-2020 estem portant a terme els seg\u00fcents projectes i programes:<\/strong>\r\n<ul style=\"list-style-type: square;\">\r\n \t<li>\u201cDescobrim en moviment\u201d un projecte amb un enfocament de l\u2019educaci\u00f3 f\u00edsica innovador amb els alumnes de 1r de Batxillerat.<\/li>\r\n<\/ul>\r\n<p style=\"text-align: center;\"><a href=\"https:\/\/agora.xtec.cat\/insrosetamauri\/wp-content\/uploads\/usu605\/2019\/02\/descobrim-en-moviment.jpg\"><img class=\"size-medium wp-image-1251 aligncenter\" src=\"https:\/\/agora.xtec.cat\/insrosetamauri\/wp-content\/uploads\/usu605\/2019\/02\/descobrim-en-moviment-300x225.jpg\" alt=\"\" width=\"300\" height=\"225\" \/><\/a><\/p>\r\n<p style=\"text-align: center;\"><a href=\"https:\/\/photos.app.goo.gl\/Mq843x91J8Lxhwj96\" target=\"_blank\" rel=\"noopener noreferrer\" data-saferedirecturl=\"https:\/\/www.google.com\/url?q=https:\/\/photos.app.goo.gl\/Mq843x91J8Lxhwj96&amp;source=gmail&amp;ust=1573817445622000&amp;usg=AFQjCNEJdarb_iMjxmH-sZSXX19pjxNGHw\">DESCOBRIM EN MOVIMENT 2019-2020<\/a><\/p>\r\n<p style=\"text-align: center;\"><a href=\"https:\/\/photos.google.com\/share\/AF1QipMGnoObK39uvTkWPz4XDQ13Ck6nWV0od4J2siexzNnj7lYmf66gGrMCjHa7OyH3kA?key=Z0V3cXVNWGJHMXdRZ0RxTWFNcnN0d2lrNDBVV2Fn\">DESCOBRIM EN MOVIMENT 2018-2019<\/a><\/p>\r\n<p style=\"text-align: center;\"><a href=\"https:\/\/photos.app.goo.gl\/ia8t6YYRv0WP6t9b2\">DESCOBRIM EN MOVIMENT 2017-2018<\/a><\/p>\r\n<p style=\"text-align: center;\"><a href=\"https:\/\/photos.google.com\/share\/AF1QipPQjCAQtlAxc8ZT-Hd2tglhV6oMYRoW341D6KcOyA4rLqPSy8f-V-vJUv-19ZJcxw?key=YUJwOHN3M0ZDcjVSRlFkbVg5YWNqQ2pmR1kzalNR\">DESCOBRIM EN MOVIMENT 2016-2017<\/a><\/p>\r\n\r\n<ul style=\"list-style-type: square;\">\r\n \t<li>Participaci\u00f3 al programa \u201cFitjove\u201d de Reus amb els alumnes de 4t d\u2019ESO. Programa impulsat per la Generalitat de Catalunta i el Departament de Salut.<\/li>\r\n<\/ul>\r\n<a href=\"https:\/\/agora.xtec.cat\/insrosetamauri\/wp-content\/uploads\/usu605\/2019\/02\/fitjove.jpg\"><img class=\"size-medium wp-image-1254 aligncenter\" src=\"https:\/\/agora.xtec.cat\/insrosetamauri\/wp-content\/uploads\/usu605\/2019\/02\/fitjove-300x225.jpg\" alt=\"\" width=\"300\" height=\"225\" \/><\/a>\r\n<p style=\"text-align: center;\"><a href=\"https:\/\/photos.app.goo.gl\/mGHeBDEdEAkDALuZ7\" target=\"_blank\" rel=\"noopener noreferrer\" data-saferedirecturl=\"https:\/\/www.google.com\/url?q=https:\/\/photos.app.goo.gl\/mGHeBDEdEAkDALuZ7&amp;source=gmail&amp;ust=1573817445622000&amp;usg=AFQjCNFGST76V50kRQ2odT0OX54MH0zlRg\">PROGRAMA FIT JOVE 2019-2020<\/a><\/p>\r\n<p style=\"text-align: center;\"><a href=\"https:\/\/photos.google.com\/share\/AF1QipM7lBqD11A3nB6L1d1W-A1d1yOySQCaofC-dLv7yrszbkTIVWA0GbbeM9X2YML0gw?key=TkotUDFWeVd4N1ZiOG5xR2F4bkIzazRkd3c2Qmhn\">PROGRAMA FIT JOVE 2018-2019<\/a><\/p>\r\n<p style=\"text-align: center;\"><a href=\"https:\/\/photos.google.com\/share\/AF1QipPXz1KOieHW6neQdkm-ilLQs6dpbhOEUaupEcOVAouZikkxwFtMDMen1NIG2i3KMg?key=RU9SUkwyaEhWNUk3d2ZxNjd4c051dlo3Nkk4U3pR\">PROGRAMA FIT JOVE 2017-2018<\/a><\/p>\r\n\r\n<ul style=\"list-style-type: square;\">\r\n \t<li>Projecte de centre dirigit als alumnes de 4t d'ESO\u00a0 \"LA NATACI\u00d3 A LES NOSTRE VIDES\" creat amb dos objectius principals, que aquells alumnes que no saben nedar aprenguin i que aquells que ja en saben millorin la seva condici\u00f3 f\u00edsica i la seva t\u00e8cnica a trav\u00e9s de la nataci\u00f3 escolar, tot plegat per oferir als alumnes la nataci\u00f3 com una possible activitat saludable pel seu temps d'oci.<\/li>\r\n<\/ul>\r\n<p style=\"text-align: center;\"><a href=\"https:\/\/agora.xtec.cat\/insrosetamauri\/wp-content\/uploads\/usu605\/2019\/03\/NATACI\u00d3.jpg\"><img class=\"aligncenter size-medium wp-image-1261\" src=\"https:\/\/agora.xtec.cat\/insrosetamauri\/wp-content\/uploads\/usu605\/2019\/03\/NATACI\u00d3-300x225.jpg\" alt=\"\" width=\"300\" height=\"225\" \/><\/a><\/p>\r\n<p style=\"text-align: center;\"><a href=\"https:\/\/photos.app.goo.gl\/HYDts9E8r7KEv5k3A\">PROJECTE \"LA NATACI\u00d3 A LES NOSTRES VIDES\"<\/a><\/p>\r\n\r\n<ul style=\"list-style-type: square;\">\r\n \t<li>\u201cEl cam\u00ed del Roseta\u201d, realitzaci\u00f3 del tram del cam\u00ed de Santiago que va de S\u00e0rria a la ciutat de Santiago, amb els alumnes de 3r d\u2019ESO.<\/li>\r\n<\/ul>\r\n<a href=\"https:\/\/agora.xtec.cat\/insrosetamauri\/wp-content\/uploads\/usu605\/2019\/02\/camino.jpg\"><img class=\"size-medium wp-image-1258 aligncenter\" src=\"https:\/\/agora.xtec.cat\/insrosetamauri\/wp-content\/uploads\/usu605\/2019\/02\/camino-300x225.jpg\" alt=\"\" width=\"300\" height=\"225\" \/><\/a>\r\n<p style=\"text-align: center;\"><a href=\"https:\/\/photos.app.goo.gl\/UEkgfWCdqB2NuBqm9\">CAM\u00cd DEL ROSETA 2018-2019<\/a><\/p>\r\n<p style=\"text-align: center;\"><a href=\"https:\/\/photos.app.goo.gl\/2yZ92KRfhugFZFz63\">CAM\u00cd DEL ROSETA 2017-2018<\/a><\/p>\r\n<p style=\"text-align: center;\"><a href=\"https:\/\/photos.google.com\/share\/AF1QipOUGA7MMmV52WsrkIcBCjqpBJgmooFbzESt6fjka05ot9qV0bgpUcx7P9m7onkXgw?key=dDdPeVFDM1dKSzhoN1hPbHdfbi1zczBSek1iUGhB\">CAM\u00cd DEL ROSETA 2016-2017<\/a><\/p>\r\n\r\n<ul style=\"list-style-type: square;\">\r\n \t<li>\u201cDescoberta de les activitat de neu \/ Esquiada\u201d amb tot els nivells.<\/li>\r\n<\/ul>\r\n<a href=\"https:\/\/agora.xtec.cat\/insrosetamauri\/wp-content\/uploads\/usu605\/2019\/02\/esquiada.jpg\"><img class=\"size-medium wp-image-1252 aligncenter\" src=\"https:\/\/agora.xtec.cat\/insrosetamauri\/wp-content\/uploads\/usu605\/2019\/02\/esquiada-300x225.jpg\" alt=\"\" width=\"300\" height=\"225\" \/><\/a>\r\n<p style=\"text-align: center;\"><a href=\"https:\/\/photos.app.goo.gl\/KnMtrL81dvWjW9aK8\" target=\"_blank\" rel=\"noopener noreferrer\" data-saferedirecturl=\"https:\/\/www.google.com\/url?q=https:\/\/photos.app.goo.gl\/KnMtrL81dvWjW9aK8&amp;source=gmail&amp;ust=1573817445622000&amp;usg=AFQjCNEBjhSGca_LTzgiysu25y4mi-r69A\">ESQUIADA 2019-2020<\/a><\/p>\r\n<p style=\"text-align: center;\"><a href=\"https:\/\/photos.app.goo.gl\/bQADSiwnHnHtTWEW9\">ESQUIADA 2018-2019<\/a><\/p>\r\n<p style=\"text-align: center;\"><a href=\"https:\/\/photos.app.goo.gl\/C56f3HWuqyQVL9MC6\">ESQUIADA 2017-2018<\/a><\/p>\r\n<p style=\"text-align: center;\"><a href=\"https:\/\/goo.gl\/photos\/pWVu5yBGAKNMppm37\">ESQUIADA 2016-2017<\/a><\/p>\r\n<p style=\"text-align: center;\"><a href=\"https:\/\/photos.app.goo.gl\/qdCd2UKjsupqhR9MA\">ESQUIADA 2015-2016<\/a><\/p>\r\n\r\n<ul style=\"list-style-type: square;\">\r\n \t<li>Participaci\u00f3 en el programa oficial de SUPORT VITAL B\u00c0SIC EDUCATIU (SVBe) on cada any recordem i ampliem els nostres coneixements sobre com actuar en cas d'emerg\u00e8ncia i com atendre a una persona en aturada cardio-respirat\u00f2ria.<\/li>\r\n<\/ul>\r\n<p style=\"text-align: center;\"><a href=\"https:\/\/agora.xtec.cat\/insrosetamauri\/wp-content\/uploads\/usu605\/2019\/03\/SUPORT-VITAL-BASIC.jpg\"><img class=\"aligncenter size-medium wp-image-1262\" src=\"https:\/\/agora.xtec.cat\/insrosetamauri\/wp-content\/uploads\/usu605\/2019\/03\/SUPORT-VITAL-BASIC-300x225.jpg\" alt=\"\" width=\"300\" height=\"225\" \/><\/a><\/p>\r\n<p style=\"text-align: center;\"><a href=\"https:\/\/photos.app.goo.gl\/PF2o6fx5SN5awDs68\">PROGRAMA SUPORT VITAL B\u00c0SIC EDUCATIU 2018-2019<\/a><\/p>\r\n<p style=\"text-align: center;\"><a href=\"https:\/\/photos.app.goo.gl\/1m1MVLCs4HdcNrsUA\" target=\"_blank\" rel=\"noopener noreferrer\" data-saferedirecturl=\"https:\/\/www.google.com\/url?q=https:\/\/photos.app.goo.gl\/1m1MVLCs4HdcNrsUA&amp;source=gmail&amp;ust=1551793266205000&amp;usg=AFQjCNGP18UaSa2wEG3WGE8xflFMjCuKNg\">PROGRAMA SUPORT VITAL B\u00c0SIC EDUCATIU 2017-2018<\/a><\/p>\r\n<p style=\"text-align: center;\"><a href=\"https:\/\/photos.app.goo.gl\/m4bLfKLVgdEAN7o19\" target=\"_blank\" rel=\"noopener noreferrer\" data-saferedirecturl=\"https:\/\/www.google.com\/url?q=https:\/\/photos.app.goo.gl\/m4bLfKLVgdEAN7o19&amp;source=gmail&amp;ust=1551793266205000&amp;usg=AFQjCNGUkX4cykoDERL4BnnPAF4IvnJDrg\">PROJECTE ANDREA \"SUPORT VITAL B\u00c0SIC\" 2015-2016<\/a><\/p>\r\n\r\n<ul style=\"list-style-type: square;\">\r\n \t<li>Projecte de centre \"PATIS ESPORTIUS\" on es proposa als alumnes diferents activitats esportives per realitzar a l'hora de l'esbarjo en molts casos dinamitzades per companys de diferents cursos. Aquest any els alumnes poden participar en diferents lligues i tornejos dels seg\u00fcents esports: TENNIS TAULA, VOLEIBOL, FUTVOLEI i FUTBOL SALA.<\/li>\r\n<\/ul>\r\n<p style=\"text-align: center;\"><a href=\"https:\/\/agora.xtec.cat\/insrosetamauri\/wp-content\/uploads\/usu605\/2019\/03\/PATIS-ESPORTIUS.jpg\"><img class=\"aligncenter size-medium wp-image-1264\" src=\"https:\/\/agora.xtec.cat\/insrosetamauri\/wp-content\/uploads\/usu605\/2019\/03\/PATIS-ESPORTIUS-300x225.jpg\" alt=\"\" width=\"300\" height=\"225\" \/><\/a><\/p>\r\n<p style=\"text-align: center;\"><a href=\"https:\/\/photos.app.goo.gl\/oboXzteXCJRrLniRA\" target=\"_blank\" rel=\"noopener noreferrer\" data-saferedirecturl=\"https:\/\/www.google.com\/url?q=https:\/\/photos.app.goo.gl\/oboXzteXCJRrLniRA&amp;source=gmail&amp;ust=1551793266205000&amp;usg=AFQjCNEMeY0qqc7yauWqNIN-ENXnqG1H-A\">PATIS ESPORTIUS 2018-2019<\/a><\/p>\r\n\r\n<ul style=\"list-style-type: square;\">\r\n \t<li>Estada mar\u00edtima amb realitzaci\u00f3 d\u2019activitats n\u00e0utiques amb els alumnes de 2n ESO.<\/li>\r\n<\/ul>\r\n<a href=\"https:\/\/agora.xtec.cat\/insrosetamauri\/wp-content\/uploads\/usu605\/2019\/02\/estada-mar\u00edtima.jpg\"><img class=\"size-medium wp-image-1253 aligncenter\" src=\"https:\/\/agora.xtec.cat\/insrosetamauri\/wp-content\/uploads\/usu605\/2019\/02\/estada-mar\u00edtima-300x225.jpg\" alt=\"\" width=\"300\" height=\"225\" \/><\/a>\r\n<p style=\"text-align: center;\"><a href=\"https:\/\/photos.app.goo.gl\/zAEWRtJzar1fXA6D8\">ESTADA MAR\u00cdTIMA 2018-2019<\/a><\/p>\r\n<p style=\"text-align: center;\"><a href=\"https:\/\/photos.app.goo.gl\/WZzM54Qz27HFdNQ2A\">ESTADA MAR\u00cdTIMA 2017-2018<\/a><\/p>\r\n<p style=\"text-align: center;\"><a href=\"https:\/\/goo.gl\/photos\/CpNQWH5JmJnCzH4p7\">ESTADA MAR\u00cdTIMA 2016-2017<\/a><\/p>\r\n\r\n<ul style=\"list-style-type: square;\">\r\n \t<li>Organitzaci\u00f3 de \"La gran kermesse de Sant Jordi\"<\/li>\r\n<\/ul>\r\n<a href=\"https:\/\/agora.xtec.cat\/insrosetamauri\/wp-content\/uploads\/usu605\/2019\/02\/kermese.jpg\"><img class=\"size-medium wp-image-1256 aligncenter\" src=\"https:\/\/agora.xtec.cat\/insrosetamauri\/wp-content\/uploads\/usu605\/2019\/02\/kermese-300x225.jpg\" alt=\"\" width=\"300\" height=\"225\" \/><\/a>\r\n<p style=\"text-align: center;\"><a href=\"https:\/\/photos.app.goo.gl\/oLYZef66GTgGEBJ1A\">LA GRAN KERMESSE DE SANT JORDI 2018-2019<\/a><\/p>\r\n<p style=\"text-align: center;\"><a href=\"https:\/\/photos.app.goo.gl\/iEu49sNAVndw6EQc9\">LA GRAN KERMESSE DE SANT JORDI 2017-2018<\/a><\/p>\r\n<p style=\"text-align: center;\"><a href=\"https:\/\/goo.gl\/photos\/KTTFRqBu5qkCfhYs9\">LA GRAN KERMESSE DE SANT JORDI 2016-2017<\/a><\/p>\r\n\r\n<ul style=\"list-style-type: square;\">\r\n \t<li>Sortides per a la pr\u00e0ctica i descoberta del medi natural a tots els nivells:<\/li>\r\n<\/ul>\r\n<ul style=\"list-style-type: circle;\">\r\n \t<li>1r ESO: Visita a l\u2019h\u00edpica Mas Tallapedra per descobrir una h\u00edpica i practicar l\u2019equitaci\u00f3.<\/li>\r\n<\/ul>\r\n<a href=\"https:\/\/agora.xtec.cat\/insrosetamauri\/wp-content\/uploads\/usu605\/2019\/02\/hipica.jpg\"><img class=\"size-medium wp-image-1255 aligncenter\" src=\"https:\/\/agora.xtec.cat\/insrosetamauri\/wp-content\/uploads\/usu605\/2019\/02\/hipica-300x225.jpg\" alt=\"\" width=\"300\" height=\"225\" \/><\/a>\r\n<p style=\"text-align: center;\"><a href=\"https:\/\/photos.app.goo.gl\/4FsDAHeymfrpLaY26\" target=\"_blank\" rel=\"noopener noreferrer\" data-saferedirecturl=\"https:\/\/www.google.com\/url?q=https:\/\/photos.app.goo.gl\/4FsDAHeymfrpLaY26&amp;source=gmail&amp;ust=1573817445622000&amp;usg=AFQjCNHGl-FYI-oWDTye_8QUJhk2TIHH2w\">VISTA A LA H\u00cdPICA MAS TALLAPREDRA 2019-2020<\/a><\/p>\r\n<p style=\"text-align: center;\"><a href=\"https:\/\/photos.app.goo.gl\/2Up8TgcMAbQVgpu9A\" target=\"_blank\" rel=\"noopener noreferrer\" data-saferedirecturl=\"https:\/\/www.google.com\/url?q=https:\/\/photos.app.goo.gl\/2Up8TgcMAbQVgpu9A&amp;source=gmail&amp;ust=1551793266205000&amp;usg=AFQjCNFdV_CQHP2ckkXreU6rlx3Jq3t1Kw\">VISITA A L'H\u00cdPICA MAS TALLA PEDRA 2018-2019<\/a><\/p>\r\n<p style=\"text-align: center;\"><a href=\"https:\/\/photos.app.goo.gl\/g4BHf1VdipLZB1mK7\">VISITA A L'H\u00cdPICA\u00a0 MAS TALLA PEDRA 2017-2018<\/a><\/p>\r\n\r\n<ul style=\"list-style-type: circle;\">\r\n \t<li>2n ESO: Sortida a la poblaci\u00f3 de Prades per al descobriment i realitzaci\u00f3 de les curses d\u2019orientaci\u00f3.<\/li>\r\n<\/ul>\r\n<a href=\"https:\/\/agora.xtec.cat\/insrosetamauri\/wp-content\/uploads\/usu605\/2019\/02\/prades-e1551346045843.jpg\"><img class=\"size-medium wp-image-1257 aligncenter\" src=\"https:\/\/agora.xtec.cat\/insrosetamauri\/wp-content\/uploads\/usu605\/2019\/02\/prades-300x225.jpg\" alt=\"\" width=\"300\" height=\"225\" \/><\/a>\r\n<p style=\"text-align: center;\"><a href=\"https:\/\/photos.app.goo.gl\/XEwtNCjxUECdEcfV8\" target=\"_blank\" rel=\"noopener noreferrer\" data-saferedirecturl=\"https:\/\/www.google.com\/url?q=https:\/\/photos.app.goo.gl\/XEwtNCjxUECdEcfV8&amp;source=gmail&amp;ust=1573817445622000&amp;usg=AFQjCNHbx68xJk6WJUK-DTNZwq0YC_Rhsg\">CURSES D'ORIENTACI\u00d3 A PRADES 2019-2020<\/a><\/p>\r\n<p style=\"text-align: center;\"><a href=\"https:\/\/photos.app.goo.gl\/co265tQuQxSgACaU7\" target=\"_blank\" rel=\"noopener noreferrer\" data-saferedirecturl=\"https:\/\/www.google.com\/url?q=https:\/\/photos.app.goo.gl\/co265tQuQxSgACaU7&amp;source=gmail&amp;ust=1551793266205000&amp;usg=AFQjCNEvXbXpjkcy-kTNo1RIutEe7XpgMw\">CURSES D'ORIENTACI\u00d3 A PRADES 2018-2019<\/a><\/p>\r\n<p style=\"text-align: center;\"><a href=\"https:\/\/photos.app.goo.gl\/MhcemZUZ8bMpGesQ8\">CURSES D'ORIENTACI\u00d3 A PRADES 2017-2018<\/a><\/p>\r\n<p style=\"text-align: center;\"><a href=\"https:\/\/photos.app.goo.gl\/CQdsXddDkZ3V4K9s7\">CURSES D'ORIENTACI\u00d3 A PRADES 2016-2017<\/a><\/p>\r\n\r\n<ul style=\"list-style-type: circle;\">\r\n \t<li>3r ESO: Sortida al camp d\u2019aventura vertical \u201cJungle trek\u201d<\/li>\r\n<\/ul>\r\n<p style=\"text-align: center;\"><a href=\"https:\/\/photos.app.goo.gl\/XkXw77e3vw8tq5wB9\">SORTIDA JUNGLE TREK 2018-2019<\/a><\/p>\r\n\r\n<ul style=\"list-style-type: circle;\">\r\n \t<li>4T ESO: Sortida al cam\u00ed de Ronda, tram de Altafulla-Tamarit a Tarragona. Visita al roc\u00f2drom monobloc de Reus.<\/li>\r\n<\/ul>\r\n&nbsp;\r\n<ul style=\"list-style-type: circle;\">\r\n \t<li>1r BATXILLERAT:\r\n<div>- Travessa de senderisme amb el Recorregut de la m\u00edtica REUS-PRADES-REUS amb 54,8 km amb pernoctaci\u00f3 a Prades.<\/div><\/li>\r\n<\/ul>\r\n<p style=\"text-align: center;\"><a href=\"https:\/\/photos.app.goo.gl\/C9d5DJ6cCYJjb4WT7\">TRAVESSA DE SENDERISME \"REUS - PRADES - REUS\"<\/a><\/p>\r\n\r\n<div><\/div>\r\n- Visita al roc\u00f2drom monobloc de Reus.\"\r\n\r\n&nbsp;\r\n\r\n&nbsp;\r\n\r\n<span style=\"font-family: inherit; font-size: 1em;\">- Sortida Penelles i Estany d'Ivar i Vilasana Interdisciplinar (Visual i Pl\u00e0stica i Educaci\u00f3 F\u00edsica).<\/span>\r\n<div><\/div>\r\n<div style=\"text-align: center;\"><a href=\"https:\/\/photos.app.goo.gl\/AuASk818geFYRe8i6\" target=\"_blank\" rel=\"noopener noreferrer\" data-saferedirecturl=\"https:\/\/www.google.com\/url?q=https:\/\/photos.app.goo.gl\/AuASk818geFYRe8i6&amp;source=gmail&amp;ust=1573817445622000&amp;usg=AFQjCNH7uhWNGjwK99g4--ASZ5O_uOq7Iw\">SORTIDA INTERDISCIPLINAR 1R ESO \"PENELLES I ESTANY D'IVAR I VILASANA\"<\/a><\/div>\r\n<div><\/div>\r\n<div><\/div>\r\n<div><\/div>\r\n<div><\/div>\r\n- Sortida Cam\u00ed de Ronda Interdisciplinar (Ci\u00e8ncies de la Terra i Educaci\u00f3 F\u00edsica).\r\n<div><\/div>\r\n<p style=\"text-align: center;\"><a href=\"https:\/\/photos.app.goo.gl\/hjuLE3fk1NM91zB87\">SORTIDA CAM\u00cd DE RONDA INTERDISCIPLINAR 2015-2016<\/a><\/p>\r\n<p style=\"text-align: center;\"><a href=\"https:\/\/photos.app.goo.gl\/7JPiq33tYBZPMMNF7\">SORTIDA CAM\u00cd DE RONDA INTERDISCIPLINAR 2017-2018<\/a><\/p>\r\n\r\n<div><\/div>\r\n<div><\/div>\r\n<ul style=\"list-style-type: circle;\">\r\n \t<li>En aquest apartat trobareu un recull de diferents activitats realitzades a les classes d'educaci\u00f3 f\u00edsica:<\/li>\r\n<\/ul>\r\n<p style=\"text-align: center;\"><a href=\"https:\/\/photos.app.goo.gl\/DTm8f5AMoGEZNJMt6\">EDUCACI\u00d3 F\u00cdSICA 3r I 4t ESO 2018-2019<\/a><\/p>\r\n<p style=\"text-align: center;\"><a href=\"https:\/\/photos.app.goo.gl\/7zXJxTkkNuEuLyQv6\">EDUCACI\u00d3 F\u00cdSICA 2016-2017<\/a><\/p>\r\n<p style=\"text-align: center;\"><a href=\"https:\/\/photos.google.com\/share\/AF1QipOPy8_z6IGNazlVOp2LiHzzEcqUVEVVX6K2YEQ32W_-0kPK_89RlA1SQd7OwE5ggw?key=WmRZY2lkbnhKM0E1c2Jha3NlX29qSXQ3eGNXN21n\">PROJECTE SENDERISME INTERCURSOS 2015-2016<\/a><\/p>\r\n<p style=\"text-align: center;\"><a href=\"https:\/\/photos.app.goo.gl\/Aa7D4NAEFKxarVSD7\">TORNEIG FUTBOL DE NADAL 2011-2012<\/a><\/p>\r\n\r\n<div><\/div>\r\n<strong>ENQUESTA SOBRE H\u00c0BITS SALUDABLES<\/strong>\r\n\r\nDes de fa 3 anys a l\u2019institut recollim les dades sobre els h\u00e0bits dels nostres alumnes amb l\u2019objectiu de poder fer un an\u00e0lisi d\u2019aquest i fer propostes de millora si fos necessari.\r\n\r\nTrobareu l\u2019enquesta en aquest enlla\u00e7:\r\n<p style=\"text-align: center;\"><a href=\"https:\/\/docs.google.com\/forms\/d\/1RyphkePH9uUj9VY8MuX5FL-fJbX-krmwutHxwMOf-A0\/edit?urp=gmail_link&amp;gxids=7628\" target=\"_blank\" rel=\"noopener noreferrer\">ENQUESTA H\u00c0BITS SALUDABLES<\/a><\/p>","link":"https:\/\/agora.xtec.cat\/insrosetamauri\/categoria\/educacio-fisica\/","name":"Educaci\u00f3 F\u00edsica","slug":"educacio-fisica","taxonomy":"category","parent":0,"meta":[],"_links":{"self":[{"href":"https:\/\/agora.xtec.cat\/insrosetamauri\/wp-json\/wp\/v2\/categories\/106","targetHints":{"allow":["GET"]}}],"collection":[{"href":"https:\/\/agora.xtec.cat\/insrosetamauri\/wp-json\/wp\/v2\/categories"}],"about":[{"href":"https:\/\/agora.xtec.cat\/insrosetamauri\/wp-json\/wp\/v2\/taxonomies\/category"}],"wp:post_type":[{"href":"https:\/\/agora.xtec.cat\/insrosetamauri\/wp-json\/wp\/v2\/posts?categories=106"}],"curies":[{"name":"wp","href":"https:\/\/api.w.org\/{rel}","templated":true}]}}