{"id":17126,"date":"2026-04-23T13:39:09","date_gmt":"2026-04-23T11:39:09","guid":{"rendered":"https:\/\/agora.xtec.cat\/insrocagrossa\/?p=17126"},"modified":"2026-04-23T13:39:37","modified_gmt":"2026-04-23T11:39:37","slug":"el-rocagrossa-celebra-la-diada-de-sant-jordi-2026-amb-cultura-tradicio-i-cinema-en-catala","status":"publish","type":"post","link":"https:\/\/agora.xtec.cat\/insrocagrossa\/general\/el-rocagrossa-celebra-la-diada-de-sant-jordi-2026-amb-cultura-tradicio-i-cinema-en-catala\/","title":{"rendered":"El Rocagrossa celebra la diada de Sant Jordi 2026 amb cultura, tradici\u00f3 i cinema en catal\u00e0"},"content":{"rendered":"<p data-start=\"96\" data-end=\"211\"><a href=\"https:\/\/agora.xtec.cat\/insrocagrossa\/wp-content\/uploads\/usu1281\/2026\/04\/IMG_8700-scaled.jpg\"><img loading=\"lazy\" decoding=\"async\" class=\"wp-image-17127 alignleft\" src=\"https:\/\/agora.xtec.cat\/insrocagrossa\/wp-content\/uploads\/usu1281\/2026\/04\/IMG_8700-1024x768.jpg\" alt=\"\" width=\"700\" height=\"526\" srcset=\"https:\/\/agora.xtec.cat\/insrocagrossa\/wp-content\/uploads\/usu1281\/2026\/04\/IMG_8700-1024x768.jpg 1024w, https:\/\/agora.xtec.cat\/insrocagrossa\/wp-content\/uploads\/usu1281\/2026\/04\/IMG_8700-300x225.jpg 300w, https:\/\/agora.xtec.cat\/insrocagrossa\/wp-content\/uploads\/usu1281\/2026\/04\/IMG_8700-768x576.jpg 768w, https:\/\/agora.xtec.cat\/insrocagrossa\/wp-content\/uploads\/usu1281\/2026\/04\/IMG_8700-1536x1152.jpg 1536w, https:\/\/agora.xtec.cat\/insrocagrossa\/wp-content\/uploads\/usu1281\/2026\/04\/IMG_8700-2048x1536.jpg 2048w, https:\/\/agora.xtec.cat\/insrocagrossa\/wp-content\/uploads\/usu1281\/2026\/04\/IMG_8700-200x150.jpg 200w\" sizes=\"auto, (max-width: 700px) 100vw, 700px\" \/><\/a>Hem celebrat la diada de Sant Jordi 2026 amb un ambient espl\u00e8ndid, ple de llibres, roses, cultura i reconeixements.<\/p>\n<p data-start=\"213\" data-end=\"503\">La jornada s\u2019ha desenvolupat amb normalitat i, a tercera hora, l\u2019alumnat de l\u2019Aula d\u2019Acollida ha sortit a visitar les parades de llibres i roses i ha passejat pel passeig mar\u00edtim. Aquesta experi\u00e8ncia els ha perm\u00e8s con\u00e8ixer i aprofundir en una de les tradicions m\u00e9s arrelades de casa nostra.<\/p>\n<p data-start=\"505\" data-end=\"758\">M\u00e9s endavant, durant el segon pati, hem fet el lliurament dels premis dels Jocs Florals de les mat\u00e8ries ling\u00fc\u00edstiques i tamb\u00e9 els del Tour de Matem\u00e0tiques de l\u2019institut. Properament publicarem tots els guanyadors i les obres premiades al web del centre.<\/p>\n<p data-start=\"760\" data-end=\"1138\">A les dues darreres hores, hem celebrat la segona edici\u00f3 del Festival Cinem\u00e0tica, el nostre festival de cinema en catal\u00e0. Enguany, l\u2019hem organitzat per cursos, permetent a l\u2019alumnat gaudir d\u2019una selecci\u00f3 de pel\u00b7l\u00edcules adaptades als seus interessos. Ha estat una proposta l\u00fadica i educativa que continua reivindicant el catal\u00e0 com a llengua tamb\u00e9 present en l\u2019\u00e0mbit audiovisual.<\/p>\n<p data-start=\"1140\" data-end=\"1201\">Ha estat una diada molt completa, participativa i ben nostra.<\/p>\n<p data-start=\"1203\" data-end=\"1248\">Podeu veure les fotografies de la diada <a href=\"https:\/\/photos.app.goo.gl\/tauCAievFf9jAbMF6\">aqu\u00ed<\/a>.<\/p>\n<p data-start=\"1250\" data-end=\"1315\" data-is-last-node=\"\" data-is-only-node=\"\">Us desitgem un bon Sant Jordi a tota la comunitat educativa!<\/p>\n","protected":false},"excerpt":{"rendered":"<p><a href=\"https:\/\/agora.xtec.cat\/insrocagrossa\/wp-content\/uploads\/usu1281\/2026\/04\/IMG_8700-scaled.jpg\"><\/a>Hem celebrat la diada de Sant Jordi 2026 amb un ambient espl\u00e8ndid, ple de llibres, roses, cultura i reconeixements.<br \/>\nLa jornada s\u2019ha desenvolupat amb normalitat i, a tercera hora, l\u2019alumnat de l\u2019Aula d\u2019Acollida ha sortit a visitar les parades de llibres i roses i ha&hellip;  <a href=\"https:\/\/agora.xtec.cat\/insrocagrossa\/general\/el-rocagrossa-celebra-la-diada-de-sant-jordi-2026-amb-cultura-tradicio-i-cinema-en-catala\/\" title=\"Read El Rocagrossa celebra la diada de Sant Jordi 2026 amb cultura, tradici\u00f3 i cinema en catal\u00e0\">Llegeix m\u00e9s\u00bb<\/a><\/p>\n","protected":false},"author":958,"featured_media":17127,"comment_status":"open","ping_status":"open","sticky":false,"template":"","format":"standard","meta":{"_bbp_topic_count":0,"_bbp_reply_count":0,"_bbp_total_topic_count":0,"_bbp_total_reply_count":0,"_bbp_voice_count":0,"_bbp_anonymous_reply_count":0,"_bbp_topic_count_hidden":0,"_bbp_reply_count_hidden":0,"_bbp_forum_subforum_count":0,"footnotes":""},"categories":[244,3,4,5,6,7,1,29,318],"tags":[],"class_list":["post-17126","post","type-post","status-publish","format-standard","has-post-thumbnail","hentry","category-aa","category-eso","category-eso-1","category-eso-2","category-eso-3","category-eso-4","category-general","category-portada","category-sortides-pedagogiques"],"post_mailing_queue_ids":[],"_links":{"self":[{"href":"https:\/\/agora.xtec.cat\/insrocagrossa\/wp-json\/wp\/v2\/posts\/17126","targetHints":{"allow":["GET"]}}],"collection":[{"href":"https:\/\/agora.xtec.cat\/insrocagrossa\/wp-json\/wp\/v2\/posts"}],"about":[{"href":"https:\/\/agora.xtec.cat\/insrocagrossa\/wp-json\/wp\/v2\/types\/post"}],"author":[{"embeddable":true,"href":"https:\/\/agora.xtec.cat\/insrocagrossa\/wp-json\/wp\/v2\/users\/958"}],"replies":[{"embeddable":true,"href":"https:\/\/agora.xtec.cat\/insrocagrossa\/wp-json\/wp\/v2\/comments?post=17126"}],"version-history":[{"count":1,"href":"https:\/\/agora.xtec.cat\/insrocagrossa\/wp-json\/wp\/v2\/posts\/17126\/revisions"}],"predecessor-version":[{"id":17128,"href":"https:\/\/agora.xtec.cat\/insrocagrossa\/wp-json\/wp\/v2\/posts\/17126\/revisions\/17128"}],"wp:featuredmedia":[{"embeddable":true,"href":"https:\/\/agora.xtec.cat\/insrocagrossa\/wp-json\/wp\/v2\/media\/17127"}],"wp:attachment":[{"href":"https:\/\/agora.xtec.cat\/insrocagrossa\/wp-json\/wp\/v2\/media?parent=17126"}],"wp:term":[{"taxonomy":"category","embeddable":true,"href":"https:\/\/agora.xtec.cat\/insrocagrossa\/wp-json\/wp\/v2\/categories?post=17126"},{"taxonomy":"post_tag","embeddable":true,"href":"https:\/\/agora.xtec.cat\/insrocagrossa\/wp-json\/wp\/v2\/tags?post=17126"}],"curies":[{"name":"wp","href":"https:\/\/api.w.org\/{rel}","templated":true}]}}