{"id":16884,"date":"2026-01-29T12:45:06","date_gmt":"2026-01-29T11:45:06","guid":{"rendered":"https:\/\/agora.xtec.cat\/insrocagrossa\/?p=16884"},"modified":"2026-01-29T12:45:06","modified_gmt":"2026-01-29T11:45:06","slug":"lalumnat-daula-dacollida-participa-a-la-segona-temporada-del-podcast-veuveu","status":"publish","type":"post","link":"https:\/\/agora.xtec.cat\/insrocagrossa\/eso\/lalumnat-daula-dacollida-participa-a-la-segona-temporada-del-podcast-veuveu\/","title":{"rendered":"L&#8217;alumnat d&#8217;aula d&#8217;acollida participa a la segona temporada del p\u00f2dcast Veu@veu"},"content":{"rendered":"<p>L\u2019alumnat de l\u2019aula d\u2019acollida ha tornat a participar en el p\u00f2dcast col\u00b7laboratiu \u201cVeu @ Veu: el p\u00f2dcast de l\u2019aula d\u2019acollida\u201d, un projecte que enguany ha reunit 50 aules d\u2019acollida d\u2019arreu de Catalunya i que ja es pot escoltar a Spotify, en la seva segona temporada.<\/p>\n<p>En aquest episodi, l\u2019alumnat es presenta i comparteix les seves experi\u00e8ncies personals amb la llengua catalana, reflexionant sobre qu\u00e8 els ha sorpr\u00e8s m\u00e9s en el proc\u00e9s d\u2019aprenentatge. El programa inclou diverses seccions: presentacions, paraules i expressions en catal\u00e0 que els fan gr\u00e0cia o els representen, consells per aprendre la llengua i, finalment, una can\u00e7\u00f3 en una de les lleng\u00fces maternes del grup, l&#8217;urd\u00fa, com a mostra de la riquesa ling\u00fc\u00edstica de l\u2019aula.<\/p>\n<p><a href=\"https:\/\/agora.xtec.cat\/insrocagrossa\/wp-content\/uploads\/usu1281\/2026\/01\/1.jpg\"><img loading=\"lazy\" decoding=\"async\" class=\"aligncenter  wp-image-16885\" src=\"https:\/\/agora.xtec.cat\/insrocagrossa\/wp-content\/uploads\/usu1281\/2026\/01\/1.jpg\" alt=\"\" width=\"528\" height=\"297\" srcset=\"https:\/\/agora.xtec.cat\/insrocagrossa\/wp-content\/uploads\/usu1281\/2026\/01\/1.jpg 1918w, https:\/\/agora.xtec.cat\/insrocagrossa\/wp-content\/uploads\/usu1281\/2026\/01\/1-300x169.jpg 300w, https:\/\/agora.xtec.cat\/insrocagrossa\/wp-content\/uploads\/usu1281\/2026\/01\/1-1024x577.jpg 1024w, https:\/\/agora.xtec.cat\/insrocagrossa\/wp-content\/uploads\/usu1281\/2026\/01\/1-768x432.jpg 768w, https:\/\/agora.xtec.cat\/insrocagrossa\/wp-content\/uploads\/usu1281\/2026\/01\/1-1536x865.jpg 1536w\" sizes=\"auto, (max-width: 528px) 100vw, 528px\" \/><\/a><\/p>\n<p style=\"text-align: center;\">Podeu escoltar el p\u00f2dcast en aquest <a href=\"https:\/\/open.spotify.com\/episode\/4eC6wkC97bZwgROwkLd54e?si=lzHHqgTzTLqKdSRk0n4fvw\">enlla\u00e7<\/a>.<\/p>\n<p>El projecte s\u2019estructura en nou cadenes d\u2019episodis, identificades amb noms de vents, que permeten que cada centre educatiu passi la veu al seg\u00fcent, creant una xarxa de connexi\u00f3 i continu\u00eftat entre escoles. La nostra participaci\u00f3 forma part de la cadena del vent de garb\u00ed, un vent que bufa des del sud-oest i que far\u00e0 arribar la nostra veu fins a l&#8217;escola Pinyana d&#8217;Alfarr\u00e0s.\u00a0Ara, esperem amb il\u00b7lusi\u00f3 escoltar els propers episodis i seguir el recorregut d\u2019aquest projecte compartit.<\/p>\n<p>Ha estat una experi\u00e8ncia molt enriquidora per a l\u2019alumnat, que ha pogut viure de primera m\u00e0 l\u2019enregistrament d\u2019un p\u00f2dcast, reflexionar sobre la import\u00e0ncia del catal\u00e0 i explicar les seves hist\u00f2ries en un format creatiu i innovador. L&#8217;any que ve esperem la tercera temporada!<\/p>\n","protected":false},"excerpt":{"rendered":"<p>L\u2019alumnat de l\u2019aula d\u2019acollida ha tornat a participar en el p\u00f2dcast col\u00b7laboratiu \u201cVeu @ Veu: el p\u00f2dcast de l\u2019aula d\u2019acollida\u201d, un projecte que enguany ha reunit 50 aules d\u2019acollida d\u2019arreu de Catalunya i que ja es pot escoltar a Spotify, en la seva segona temporada.<br \/>\nEn&hellip;  <a href=\"https:\/\/agora.xtec.cat\/insrocagrossa\/eso\/lalumnat-daula-dacollida-participa-a-la-segona-temporada-del-podcast-veuveu\/\" title=\"Read L&#8217;alumnat d&#8217;aula d&#8217;acollida participa a la segona temporada del p\u00f2dcast Veu@veu\">Llegeix m\u00e9s\u00bb<\/a><\/p>\n","protected":false},"author":1051,"featured_media":16885,"comment_status":"open","ping_status":"open","sticky":false,"template":"","format":"standard","meta":{"_bbp_topic_count":0,"_bbp_reply_count":0,"_bbp_total_topic_count":0,"_bbp_total_reply_count":0,"_bbp_voice_count":0,"_bbp_anonymous_reply_count":0,"_bbp_topic_count_hidden":0,"_bbp_reply_count_hidden":0,"_bbp_forum_subforum_count":0,"footnotes":""},"categories":[244,3,29],"tags":[],"class_list":["post-16884","post","type-post","status-publish","format-standard","has-post-thumbnail","hentry","category-aa","category-eso","category-portada"],"post_mailing_queue_ids":[],"_links":{"self":[{"href":"https:\/\/agora.xtec.cat\/insrocagrossa\/wp-json\/wp\/v2\/posts\/16884","targetHints":{"allow":["GET"]}}],"collection":[{"href":"https:\/\/agora.xtec.cat\/insrocagrossa\/wp-json\/wp\/v2\/posts"}],"about":[{"href":"https:\/\/agora.xtec.cat\/insrocagrossa\/wp-json\/wp\/v2\/types\/post"}],"author":[{"embeddable":true,"href":"https:\/\/agora.xtec.cat\/insrocagrossa\/wp-json\/wp\/v2\/users\/1051"}],"replies":[{"embeddable":true,"href":"https:\/\/agora.xtec.cat\/insrocagrossa\/wp-json\/wp\/v2\/comments?post=16884"}],"version-history":[{"count":1,"href":"https:\/\/agora.xtec.cat\/insrocagrossa\/wp-json\/wp\/v2\/posts\/16884\/revisions"}],"predecessor-version":[{"id":16886,"href":"https:\/\/agora.xtec.cat\/insrocagrossa\/wp-json\/wp\/v2\/posts\/16884\/revisions\/16886"}],"wp:featuredmedia":[{"embeddable":true,"href":"https:\/\/agora.xtec.cat\/insrocagrossa\/wp-json\/wp\/v2\/media\/16885"}],"wp:attachment":[{"href":"https:\/\/agora.xtec.cat\/insrocagrossa\/wp-json\/wp\/v2\/media?parent=16884"}],"wp:term":[{"taxonomy":"category","embeddable":true,"href":"https:\/\/agora.xtec.cat\/insrocagrossa\/wp-json\/wp\/v2\/categories?post=16884"},{"taxonomy":"post_tag","embeddable":true,"href":"https:\/\/agora.xtec.cat\/insrocagrossa\/wp-json\/wp\/v2\/tags?post=16884"}],"curies":[{"name":"wp","href":"https:\/\/api.w.org\/{rel}","templated":true}]}}