{"id":15826,"date":"2025-02-06T19:59:47","date_gmt":"2025-02-06T18:59:47","guid":{"rendered":"https:\/\/agora.xtec.cat\/insrocagrossa\/?p=15826"},"modified":"2025-02-06T19:59:47","modified_gmt":"2025-02-06T18:59:47","slug":"lalumnat-de-grau-basic-desafia-les-barreres-arquitectoniques","status":"publish","type":"post","link":"https:\/\/agora.xtec.cat\/insrocagrossa\/portada\/lalumnat-de-grau-basic-desafia-les-barreres-arquitectoniques\/","title":{"rendered":"L&#8217;alumnat de Grau B\u00e0sic desafia les barreres arquitect\u00f2niques!"},"content":{"rendered":"<p><a href=\"https:\/\/agora.xtec.cat\/insrocagrossa\/wp-content\/uploads\/usu1281\/2025\/02\/Captura-de-pantalla-2025-02-06-a-les-19.57.48.png\"><img loading=\"lazy\" decoding=\"async\" class=\"aligncenter size-full wp-image-15827\" src=\"https:\/\/agora.xtec.cat\/insrocagrossa\/wp-content\/uploads\/usu1281\/2025\/02\/Captura-de-pantalla-2025-02-06-a-les-19.57.48.png\" alt=\"\" width=\"581\" height=\"452\" srcset=\"https:\/\/agora.xtec.cat\/insrocagrossa\/wp-content\/uploads\/usu1281\/2025\/02\/Captura-de-pantalla-2025-02-06-a-les-19.57.48.png 581w, https:\/\/agora.xtec.cat\/insrocagrossa\/wp-content\/uploads\/usu1281\/2025\/02\/Captura-de-pantalla-2025-02-06-a-les-19.57.48-300x233.png 300w\" sizes=\"auto, (max-width: 581px) 100vw, 581px\" \/><\/a><\/p>\n<p>Avui, dijous 6 de febrer, l&#8217;alumnat de Grau B\u00e0sic de l&#8217;Institut hem participat en una jornada de sensibilitzaci\u00f3 de les barreres arquitect\u00f2niques del nostre entorn i hem experimentat com \u00e9s la vida des d&#8217;una cadira de rodes.<\/p>\n<p>Primer de tot, hem assistit a una xerrada inspiradora d&#8217;en Xavi que, despr\u00e9s d&#8217;un accident amb motocross, no va poder tornar a caminar. Tenia per objectiu prendre consic\u00e8ncia del canvi que suposa a la vida quotidiana perdre la mobilitat i fer-nos part\u00edceps de les seves dificultats i esperit de superaci\u00f3.<\/p>\n<p>M\u00e9s tard, hem passat a la part pr\u00e0ctica, on els alumnes hem apr\u00e8s habilitats t\u00e8cniques per moure&#8217;s amb cadira de rodes. Hem sortit de l&#8217;institut i ens hem despla\u00e7at per Lloret per experimentar en primera persona les barreres arquitect\u00f2niques de la ciutat. Per acabar, hem fet un entrenament i hem jugat un partit de b\u00e0squet adaptat.<\/p>\n<p>Una activitat molt interessant i necess\u00e0ria per no donar per fet res del que tenim!<\/p>\n<p><a href=\"https:\/\/photos.app.goo.gl\/wWWtyBVjEoKFGETE7\">Aqu\u00ed<\/a> en podeu veure les fotos i els v\u00eddeos.<\/p>\n","protected":false},"excerpt":{"rendered":"<p><a href=\"https:\/\/agora.xtec.cat\/insrocagrossa\/wp-content\/uploads\/usu1281\/2025\/02\/Captura-de-pantalla-2025-02-06-a-les-19.57.48.png\"><\/a><br \/>\nAvui, dijous 6 de febrer, l&#8217;alumnat de Grau B\u00e0sic de l&#8217;Institut hem participat en una jornada de sensibilitzaci\u00f3 de les barreres arquitect\u00f2niques del nostre entorn i hem experimentat com \u00e9s la vida des d&#8217;una cadira de rodes.<br \/>\nPrimer de tot, hem assistit a una xerrada&hellip;  <a href=\"https:\/\/agora.xtec.cat\/insrocagrossa\/portada\/lalumnat-de-grau-basic-desafia-les-barreres-arquitectoniques\/\" title=\"Read L&#8217;alumnat de Grau B\u00e0sic desafia les barreres arquitect\u00f2niques!\">Llegeix m\u00e9s\u00bb<\/a><\/p>\n","protected":false},"author":1051,"featured_media":15827,"comment_status":"open","ping_status":"closed","sticky":false,"template":"","format":"standard","meta":{"_bbp_topic_count":0,"_bbp_reply_count":0,"_bbp_total_topic_count":0,"_bbp_total_reply_count":0,"_bbp_voice_count":0,"_bbp_anonymous_reply_count":0,"_bbp_topic_count_hidden":0,"_bbp_reply_count_hidden":0,"_bbp_forum_subforum_count":0,"footnotes":""},"categories":[30,280,277,29],"tags":[],"class_list":["post-15826","post","type-post","status-publish","format-standard","has-post-thumbnail","hentry","category-cicles-formatius","category-grau-basic","category-gb_acces-i-conservacio-en-installacions-esportives","category-portada"],"post_mailing_queue_ids":[],"_links":{"self":[{"href":"https:\/\/agora.xtec.cat\/insrocagrossa\/wp-json\/wp\/v2\/posts\/15826","targetHints":{"allow":["GET"]}}],"collection":[{"href":"https:\/\/agora.xtec.cat\/insrocagrossa\/wp-json\/wp\/v2\/posts"}],"about":[{"href":"https:\/\/agora.xtec.cat\/insrocagrossa\/wp-json\/wp\/v2\/types\/post"}],"author":[{"embeddable":true,"href":"https:\/\/agora.xtec.cat\/insrocagrossa\/wp-json\/wp\/v2\/users\/1051"}],"replies":[{"embeddable":true,"href":"https:\/\/agora.xtec.cat\/insrocagrossa\/wp-json\/wp\/v2\/comments?post=15826"}],"version-history":[{"count":1,"href":"https:\/\/agora.xtec.cat\/insrocagrossa\/wp-json\/wp\/v2\/posts\/15826\/revisions"}],"predecessor-version":[{"id":15828,"href":"https:\/\/agora.xtec.cat\/insrocagrossa\/wp-json\/wp\/v2\/posts\/15826\/revisions\/15828"}],"wp:featuredmedia":[{"embeddable":true,"href":"https:\/\/agora.xtec.cat\/insrocagrossa\/wp-json\/wp\/v2\/media\/15827"}],"wp:attachment":[{"href":"https:\/\/agora.xtec.cat\/insrocagrossa\/wp-json\/wp\/v2\/media?parent=15826"}],"wp:term":[{"taxonomy":"category","embeddable":true,"href":"https:\/\/agora.xtec.cat\/insrocagrossa\/wp-json\/wp\/v2\/categories?post=15826"},{"taxonomy":"post_tag","embeddable":true,"href":"https:\/\/agora.xtec.cat\/insrocagrossa\/wp-json\/wp\/v2\/tags?post=15826"}],"curies":[{"name":"wp","href":"https:\/\/api.w.org\/{rel}","templated":true}]}}