{"id":7690,"date":"2022-11-17T13:20:49","date_gmt":"2022-11-17T12:20:49","guid":{"rendered":"https:\/\/agora.xtec.cat\/insramoncasas\/?p=7690"},"modified":"2022-11-17T13:20:49","modified_gmt":"2022-11-17T12:20:49","slug":"no-solo-duelen-los-golpes","status":"publish","type":"post","link":"https:\/\/agora.xtec.cat\/insramoncasas\/portada\/no-solo-duelen-los-golpes\/","title":{"rendered":"&#8220;No solo duelen los golpes&#8221;"},"content":{"rendered":"<p style=\"text-align: justify\"><span style=\"color: #000000\"><span style=\"font-family: Arial\"><span style=\"font-size: large\">E<\/span><\/span><\/span><span style=\"color: #000000\"><span style=\"font-family: Arial\"><span style=\"font-size: large\">l pass<\/span><\/span><\/span><span style=\"color: #000000\"><span style=\"font-family: Arial\"><span style=\"font-size: large\">at <\/span><\/span><\/span><span style=\"color: #000000\"><span style=\"font-family: Arial\"><span style=\"font-size: large\">dimarts 8 de novembre els alumnes de 3r de l&#8217;ESO vam anar a veure una obra de teatre anomenada <\/span><\/span><\/span><span style=\"color: #000000\">\u201c<\/span><span style=\"color: #000000\"><span style=\"font-family: Arial\"><span style=\"font-size: large\"><i>No solo duelen los golpes\u201d. <\/i><\/span><\/span><\/span><span style=\"color: #000000\"><span style=\"font-family: Arial\"><span style=\"font-size: large\">Aquesta funci\u00f3 est\u00e0 r<\/span><\/span><\/span><span style=\"color: #000000\"><span style=\"font-family: Arial\"><span style=\"font-size: large\">epresentada per <\/span><\/span><\/span><span style=\"color: #000000\"><span style=\"font-family: Arial\"><span style=\"font-size: large\">la<\/span><\/span><\/span><span style=\"color: #000000\"><span style=\"font-family: Arial\"><span style=\"font-size: large\"> Pamela Palenciano <\/span><\/span><\/span><span style=\"color: #000000\"><span style=\"font-family: Arial\"><span style=\"font-size: large\">i ens ex<\/span><\/span><\/span><span style=\"color: #000000\"><span style=\"font-family: Arial\"><span style=\"font-size: large\">plica un relat autobiogr\u00e0fic<\/span><\/span><\/span><span style=\"color: #000000\"><span style=\"font-family: Arial\"><span style=\"font-size: large\">.<\/span><\/span><\/span><\/p>\n<p style=\"text-align: justify\"><span style=\"color: #000000\"><span style=\"font-family: Arial\"><span style=\"font-size: large\">Palenciano \u00e9s una monologuista, activista feminista i comunicadora de Ja\u00e9n, que va patir viol\u00e8ncia a la seva primera relaci\u00f3 sentimental. Aquesta es va tornar violenta durant els sis anys que va durar.<\/span><\/span><\/span><\/p>\n<p style=\"text-align: justify\"><span style=\"color: #000000\"><span style=\"font-family: Arial\"><span style=\"font-size: large\">Va comen\u00e7ar a fer aquest mon\u00f2leg perqu\u00e8 creia que aquestes edats (la adolesc\u00e8ncia) \u00e9s important reflexionar sobre aquests temes i parlar-ne.\u00a0<\/span><\/span><\/span><\/p>\n<p style=\"text-align: justify\"><span style=\"color: #000000\"><span style=\"font-family: Arial\"><span style=\"font-size: large\">El nostre centre ja porta uns quants anys assistint a aquest mon\u00f2leg al Teatre de la Vila i ha ajudat a que els alumnes ens aproximem a aquesta problem\u00e0tica i puguem encarar-la amb m\u00e9s eines.<\/span><\/span><\/span><\/p>\n<p style=\"text-align: justify\"><span style=\"color: #000000\"><span style=\"font-family: Arial\"><span style=\"font-size: large\">Marta Torres, Jana Santos i Maria Serra, <em>El Periodista aficionat<\/em>.<\/span><\/span><\/span><\/p>\n<p>&nbsp;<\/p>\n","protected":false},"excerpt":{"rendered":"<p>El passat dimarts 8 de novembre els alumnes de 3r de l&#8217;ESO vam anar a veure una obra de teatre anomenada \u201cNo solo duelen los golpes\u201d. Aquesta funci\u00f3 est\u00e0 representada per la Pamela Palenciano i ens explica un relat autobiogr\u00e0fic. Palenciano \u00e9s una monologuista, activista feminista i comunicadora de Ja\u00e9n, que va patir viol\u00e8ncia a [&hellip;]<\/p>\n","protected":false},"author":1,"featured_media":7691,"comment_status":"open","ping_status":"closed","sticky":false,"template":"","format":"standard","meta":{"_bbp_topic_count":0,"_bbp_reply_count":0,"_bbp_total_topic_count":0,"_bbp_total_reply_count":0,"_bbp_voice_count":0,"_bbp_anonymous_reply_count":0,"_bbp_topic_count_hidden":0,"_bbp_reply_count_hidden":0,"_bbp_forum_subforum_count":0,"site-sidebar-layout":"default","site-content-layout":"","ast-site-content-layout":"","site-content-style":"default","site-sidebar-style":"default","ast-global-header-display":"","ast-banner-title-visibility":"","ast-main-header-display":"","ast-hfb-above-header-display":"","ast-hfb-below-header-display":"","ast-hfb-mobile-header-display":"","site-post-title":"","ast-breadcrumbs-content":"","ast-featured-img":"","footer-sml-layout":"","theme-transparent-header-meta":"","adv-header-id-meta":"","stick-header-meta":"","header-above-stick-meta":"","header-main-stick-meta":"","header-below-stick-meta":"","astra-migrate-meta-layouts":"default","ast-page-background-enabled":"default","ast-page-background-meta":{"desktop":{"background-color":"var(--ast-global-color-4)","background-image":"","background-repeat":"repeat","background-position":"center center","background-size":"auto","background-attachment":"scroll","background-type":"","background-media":"","overlay-type":"","overlay-color":"","overlay-opacity":"","overlay-gradient":""},"tablet":{"background-color":"","background-image":"","background-repeat":"repeat","background-position":"center center","background-size":"auto","background-attachment":"scroll","background-type":"","background-media":"","overlay-type":"","overlay-color":"","overlay-opacity":"","overlay-gradient":""},"mobile":{"background-color":"","background-image":"","background-repeat":"repeat","background-position":"center center","background-size":"auto","background-attachment":"scroll","background-type":"","background-media":"","overlay-type":"","overlay-color":"","overlay-opacity":"","overlay-gradient":""}},"ast-content-background-meta":{"desktop":{"background-color":"var(--ast-global-color-5)","background-image":"","background-repeat":"repeat","background-position":"center center","background-size":"auto","background-attachment":"scroll","background-type":"","background-media":"","overlay-type":"","overlay-color":"","overlay-opacity":"","overlay-gradient":""},"tablet":{"background-color":"var(--ast-global-color-5)","background-image":"","background-repeat":"repeat","background-position":"center center","background-size":"auto","background-attachment":"scroll","background-type":"","background-media":"","overlay-type":"","overlay-color":"","overlay-opacity":"","overlay-gradient":""},"mobile":{"background-color":"var(--ast-global-color-5)","background-image":"","background-repeat":"repeat","background-position":"center center","background-size":"auto","background-attachment":"scroll","background-type":"","background-media":"","overlay-type":"","overlay-color":"","overlay-opacity":"","overlay-gradient":""}},"footnotes":""},"categories":[122,127,29],"tags":[],"class_list":["post-7690","post","type-post","status-publish","format-standard","has-post-thumbnail","hentry","category-3eso","category-el-periodista-aficionat","category-portada"],"post_mailing_queue_ids":[],"_links":{"self":[{"href":"https:\/\/agora.xtec.cat\/insramoncasas\/wp-json\/wp\/v2\/posts\/7690","targetHints":{"allow":["GET"]}}],"collection":[{"href":"https:\/\/agora.xtec.cat\/insramoncasas\/wp-json\/wp\/v2\/posts"}],"about":[{"href":"https:\/\/agora.xtec.cat\/insramoncasas\/wp-json\/wp\/v2\/types\/post"}],"author":[{"embeddable":true,"href":"https:\/\/agora.xtec.cat\/insramoncasas\/wp-json\/wp\/v2\/users\/1"}],"replies":[{"embeddable":true,"href":"https:\/\/agora.xtec.cat\/insramoncasas\/wp-json\/wp\/v2\/comments?post=7690"}],"version-history":[{"count":1,"href":"https:\/\/agora.xtec.cat\/insramoncasas\/wp-json\/wp\/v2\/posts\/7690\/revisions"}],"predecessor-version":[{"id":7692,"href":"https:\/\/agora.xtec.cat\/insramoncasas\/wp-json\/wp\/v2\/posts\/7690\/revisions\/7692"}],"wp:featuredmedia":[{"embeddable":true,"href":"https:\/\/agora.xtec.cat\/insramoncasas\/wp-json\/wp\/v2\/media\/7691"}],"wp:attachment":[{"href":"https:\/\/agora.xtec.cat\/insramoncasas\/wp-json\/wp\/v2\/media?parent=7690"}],"wp:term":[{"taxonomy":"category","embeddable":true,"href":"https:\/\/agora.xtec.cat\/insramoncasas\/wp-json\/wp\/v2\/categories?post=7690"},{"taxonomy":"post_tag","embeddable":true,"href":"https:\/\/agora.xtec.cat\/insramoncasas\/wp-json\/wp\/v2\/tags?post=7690"}],"curies":[{"name":"wp","href":"https:\/\/api.w.org\/{rel}","templated":true}]}}