{"id":7334,"date":"2022-04-07T14:16:34","date_gmt":"2022-04-07T12:16:34","guid":{"rendered":"https:\/\/agora.xtec.cat\/insramoncasas\/?p=7334"},"modified":"2022-04-08T10:02:37","modified_gmt":"2022-04-08T08:02:37","slug":"el-poetry-slam-tona-al-centre","status":"publish","type":"post","link":"https:\/\/agora.xtec.cat\/insramoncasas\/portada\/el-poetry-slam-tona-al-centre\/","title":{"rendered":"El &#8220;Poetry Slam&#8221; torna al centre"},"content":{"rendered":"<p style=\"text-align: justify;\">Com ja hem fet en els \u00faltims anys, el Departament de castell\u00e0 hem tornat a apostar pel\u00a0taller d\u2019 Slam Poetry amb dos \u201cslammers\u201d reconeguts internacionalment. L\u2019Slam \u00e9s un concurs que es fa a nivell mundial, on els poetes reciten els seus escrits amb un temps limitat davant d\u2019un p\u00fablic que, normalment, decideix qui passa de fase. No es contesten, com a les <em>\u201cbatalles de gallos\u201d<\/em>, sin\u00f3 que l\u2019artista expressa la seva poesia.<\/p>\n<p style=\"text-align: justify;\">Les noies i els nois de quart han apr\u00e8s d\u2019ells com inspirar-se, com construir un escrit po\u00e8tic, com recitar-lo i com remoure sentiments. Tamb\u00e9 han vist, representat pel Dani i el Salva, com podria ser una petita pe\u00e7a de Slam Poetry. S\u00f3n uns poetes ben diferents del que la majoria de joves tenen en ment quan es parla de poesia.<\/p>\n<p style=\"text-align: justify;\">El Dani Orviz ha estat campi\u00f3 mundial d\u2019aquest concurs, i el Salva Soler ha estat campi\u00f3 d\u2019Espanya i diverses vegades entre els millors internacionalment. El Salva t\u00e9 una xerrada TED (Crees que no te gusta la poes\u00eda) amb multitud de visites i el Dani ha estat presentant el programa de la 2 <em>Deslenguados<\/em>. Els dos tenen un espectacle,\u00a0<em>Combate po\u00e9tico en cinco asaltos<\/em>, una representaci\u00f3 a cavall entre el teatre i l\u2019Slam, on dos boxejadors s\u2019enfronten l\u2019un amb l\u2019altre mitjan\u00e7ant les paraules i davant un p\u00fablic que interactua. El van fer a teatres i festivals importants i han tingut molt de ress\u00f2 als mitjans de comunicaci\u00f3.<\/p>\n<p style=\"text-align: justify;\">L\u2019alumnat de quart ha quedat molt content, ha participat for\u00e7a, han creat i recitat, i han descobert una altra visi\u00f3 de la poesia. Aquests tallers els porten realitzant sis anys per Europa, Sud-Am\u00e8rica i Espanya.<\/p>\n<p style=\"text-align: justify;\">A Barcelona es fan mensualment \u201cbatalles\u201d d\u2019Slam Poetry que atrauen centenars de persones, molts d\u2019ells joves d\u2019institut. A causa de la pand\u00e8mia, s\u2019han traslladat algunes activitats, per\u00f2 ja es van reactivant.<\/p>\n<p style=\"text-align: justify;\">Ha estat una experi\u00e8ncia divertida i enriquidora de la qual, tant\u00a0 les professores com els alumnes, n\u2019han sortit molt contents.<\/p>\n<p><a href=\"https:\/\/agora.xtec.cat\/insramoncasas\/wp-content\/uploads\/usu1921\/2022\/04\/poetry-slam7.jpeg\"><img loading=\"lazy\" decoding=\"async\" class=\"alignnone size-full wp-image-7341\" src=\"https:\/\/agora.xtec.cat\/insramoncasas\/wp-content\/uploads\/usu1921\/2022\/04\/poetry-slam7.jpeg\" alt=\"\" width=\"1024\" height=\"768\" srcset=\"https:\/\/agora.xtec.cat\/insramoncasas\/wp-content\/uploads\/usu1921\/2022\/04\/poetry-slam7.jpeg 1024w, https:\/\/agora.xtec.cat\/insramoncasas\/wp-content\/uploads\/usu1921\/2022\/04\/poetry-slam7-300x225.jpeg 300w, https:\/\/agora.xtec.cat\/insramoncasas\/wp-content\/uploads\/usu1921\/2022\/04\/poetry-slam7-768x576.jpeg 768w, https:\/\/agora.xtec.cat\/insramoncasas\/wp-content\/uploads\/usu1921\/2022\/04\/poetry-slam7-200x150.jpeg 200w\" sizes=\"auto, (max-width: 1024px) 100vw, 1024px\" \/><\/a> <a href=\"https:\/\/agora.xtec.cat\/insramoncasas\/wp-content\/uploads\/usu1921\/2022\/04\/poetry-slam5.jpeg\"><img loading=\"lazy\" decoding=\"async\" class=\"alignnone size-full wp-image-7339\" src=\"https:\/\/agora.xtec.cat\/insramoncasas\/wp-content\/uploads\/usu1921\/2022\/04\/poetry-slam5.jpeg\" alt=\"\" width=\"1024\" height=\"768\" srcset=\"https:\/\/agora.xtec.cat\/insramoncasas\/wp-content\/uploads\/usu1921\/2022\/04\/poetry-slam5.jpeg 1024w, https:\/\/agora.xtec.cat\/insramoncasas\/wp-content\/uploads\/usu1921\/2022\/04\/poetry-slam5-300x225.jpeg 300w, https:\/\/agora.xtec.cat\/insramoncasas\/wp-content\/uploads\/usu1921\/2022\/04\/poetry-slam5-768x576.jpeg 768w, https:\/\/agora.xtec.cat\/insramoncasas\/wp-content\/uploads\/usu1921\/2022\/04\/poetry-slam5-200x150.jpeg 200w\" sizes=\"auto, (max-width: 1024px) 100vw, 1024px\" \/><\/a> <a href=\"https:\/\/agora.xtec.cat\/insramoncasas\/wp-content\/uploads\/usu1921\/2022\/04\/poetry-slam4.jpeg\"><img loading=\"lazy\" decoding=\"async\" class=\"alignnone size-full wp-image-7338\" src=\"https:\/\/agora.xtec.cat\/insramoncasas\/wp-content\/uploads\/usu1921\/2022\/04\/poetry-slam4.jpeg\" alt=\"\" width=\"1024\" height=\"768\" srcset=\"https:\/\/agora.xtec.cat\/insramoncasas\/wp-content\/uploads\/usu1921\/2022\/04\/poetry-slam4.jpeg 1024w, https:\/\/agora.xtec.cat\/insramoncasas\/wp-content\/uploads\/usu1921\/2022\/04\/poetry-slam4-300x225.jpeg 300w, https:\/\/agora.xtec.cat\/insramoncasas\/wp-content\/uploads\/usu1921\/2022\/04\/poetry-slam4-768x576.jpeg 768w, https:\/\/agora.xtec.cat\/insramoncasas\/wp-content\/uploads\/usu1921\/2022\/04\/poetry-slam4-200x150.jpeg 200w\" sizes=\"auto, (max-width: 1024px) 100vw, 1024px\" \/><\/a> <a href=\"https:\/\/agora.xtec.cat\/insramoncasas\/wp-content\/uploads\/usu1921\/2022\/04\/poetry-slam3.jpeg\"><img loading=\"lazy\" decoding=\"async\" class=\"alignnone size-full wp-image-7337\" src=\"https:\/\/agora.xtec.cat\/insramoncasas\/wp-content\/uploads\/usu1921\/2022\/04\/poetry-slam3.jpeg\" alt=\"\" width=\"1024\" height=\"768\" srcset=\"https:\/\/agora.xtec.cat\/insramoncasas\/wp-content\/uploads\/usu1921\/2022\/04\/poetry-slam3.jpeg 1024w, https:\/\/agora.xtec.cat\/insramoncasas\/wp-content\/uploads\/usu1921\/2022\/04\/poetry-slam3-300x225.jpeg 300w, https:\/\/agora.xtec.cat\/insramoncasas\/wp-content\/uploads\/usu1921\/2022\/04\/poetry-slam3-768x576.jpeg 768w, https:\/\/agora.xtec.cat\/insramoncasas\/wp-content\/uploads\/usu1921\/2022\/04\/poetry-slam3-200x150.jpeg 200w\" sizes=\"auto, (max-width: 1024px) 100vw, 1024px\" \/><\/a> <a href=\"https:\/\/agora.xtec.cat\/insramoncasas\/wp-content\/uploads\/usu1921\/2022\/04\/poetry-slam2.jpeg\"><img loading=\"lazy\" decoding=\"async\" class=\"alignnone size-full wp-image-7336\" src=\"https:\/\/agora.xtec.cat\/insramoncasas\/wp-content\/uploads\/usu1921\/2022\/04\/poetry-slam2.jpeg\" alt=\"\" width=\"1024\" height=\"768\" srcset=\"https:\/\/agora.xtec.cat\/insramoncasas\/wp-content\/uploads\/usu1921\/2022\/04\/poetry-slam2.jpeg 1024w, https:\/\/agora.xtec.cat\/insramoncasas\/wp-content\/uploads\/usu1921\/2022\/04\/poetry-slam2-300x225.jpeg 300w, https:\/\/agora.xtec.cat\/insramoncasas\/wp-content\/uploads\/usu1921\/2022\/04\/poetry-slam2-768x576.jpeg 768w, https:\/\/agora.xtec.cat\/insramoncasas\/wp-content\/uploads\/usu1921\/2022\/04\/poetry-slam2-200x150.jpeg 200w\" sizes=\"auto, (max-width: 1024px) 100vw, 1024px\" \/><\/a> <a href=\"https:\/\/agora.xtec.cat\/insramoncasas\/wp-content\/uploads\/usu1921\/2022\/04\/poetry-slam1.jpeg\"><img loading=\"lazy\" decoding=\"async\" class=\"alignnone size-full wp-image-7335\" src=\"https:\/\/agora.xtec.cat\/insramoncasas\/wp-content\/uploads\/usu1921\/2022\/04\/poetry-slam1.jpeg\" alt=\"\" width=\"1024\" height=\"768\" srcset=\"https:\/\/agora.xtec.cat\/insramoncasas\/wp-content\/uploads\/usu1921\/2022\/04\/poetry-slam1.jpeg 1024w, https:\/\/agora.xtec.cat\/insramoncasas\/wp-content\/uploads\/usu1921\/2022\/04\/poetry-slam1-300x225.jpeg 300w, https:\/\/agora.xtec.cat\/insramoncasas\/wp-content\/uploads\/usu1921\/2022\/04\/poetry-slam1-768x576.jpeg 768w, https:\/\/agora.xtec.cat\/insramoncasas\/wp-content\/uploads\/usu1921\/2022\/04\/poetry-slam1-200x150.jpeg 200w\" sizes=\"auto, (max-width: 1024px) 100vw, 1024px\" \/><\/a><\/p>\n","protected":false},"excerpt":{"rendered":"<p>Com ja hem fet en els \u00faltims anys, el Departament de castell\u00e0 hem tornat a apostar pel\u00a0taller d\u2019 Slam Poetry amb dos \u201cslammers\u201d reconeguts internacionalment. L\u2019Slam \u00e9s un concurs que es fa a nivell mundial, on els poetes reciten els seus escrits amb un temps limitat davant d\u2019un p\u00fablic que, normalment, decideix qui passa de [&hellip;]<\/p>\n","protected":false},"author":1,"featured_media":7340,"comment_status":"open","ping_status":"closed","sticky":false,"template":"","format":"standard","meta":{"_bbp_topic_count":0,"_bbp_reply_count":0,"_bbp_total_topic_count":0,"_bbp_total_reply_count":0,"_bbp_voice_count":0,"_bbp_anonymous_reply_count":0,"_bbp_topic_count_hidden":0,"_bbp_reply_count_hidden":0,"_bbp_forum_subforum_count":0,"site-sidebar-layout":"default","site-content-layout":"","ast-site-content-layout":"","site-content-style":"default","site-sidebar-style":"default","ast-global-header-display":"","ast-banner-title-visibility":"","ast-main-header-display":"","ast-hfb-above-header-display":"","ast-hfb-below-header-display":"","ast-hfb-mobile-header-display":"","site-post-title":"","ast-breadcrumbs-content":"","ast-featured-img":"","footer-sml-layout":"","theme-transparent-header-meta":"","adv-header-id-meta":"","stick-header-meta":"","header-above-stick-meta":"","header-main-stick-meta":"","header-below-stick-meta":"","astra-migrate-meta-layouts":"default","ast-page-background-enabled":"default","ast-page-background-meta":{"desktop":{"background-color":"var(--ast-global-color-4)","background-image":"","background-repeat":"repeat","background-position":"center center","background-size":"auto","background-attachment":"scroll","background-type":"","background-media":"","overlay-type":"","overlay-color":"","overlay-opacity":"","overlay-gradient":""},"tablet":{"background-color":"","background-image":"","background-repeat":"repeat","background-position":"center center","background-size":"auto","background-attachment":"scroll","background-type":"","background-media":"","overlay-type":"","overlay-color":"","overlay-opacity":"","overlay-gradient":""},"mobile":{"background-color":"","background-image":"","background-repeat":"repeat","background-position":"center center","background-size":"auto","background-attachment":"scroll","background-type":"","background-media":"","overlay-type":"","overlay-color":"","overlay-opacity":"","overlay-gradient":""}},"ast-content-background-meta":{"desktop":{"background-color":"var(--ast-global-color-5)","background-image":"","background-repeat":"repeat","background-position":"center center","background-size":"auto","background-attachment":"scroll","background-type":"","background-media":"","overlay-type":"","overlay-color":"","overlay-opacity":"","overlay-gradient":""},"tablet":{"background-color":"var(--ast-global-color-5)","background-image":"","background-repeat":"repeat","background-position":"center center","background-size":"auto","background-attachment":"scroll","background-type":"","background-media":"","overlay-type":"","overlay-color":"","overlay-opacity":"","overlay-gradient":""},"mobile":{"background-color":"var(--ast-global-color-5)","background-image":"","background-repeat":"repeat","background-position":"center center","background-size":"auto","background-attachment":"scroll","background-type":"","background-media":"","overlay-type":"","overlay-color":"","overlay-opacity":"","overlay-gradient":""}},"footnotes":""},"categories":[117,31,127,29],"tags":[],"class_list":["post-7334","post","type-post","status-publish","format-standard","has-post-thumbnail","hentry","category-4eso","category-ampa","category-el-periodista-aficionat","category-portada"],"post_mailing_queue_ids":[],"_links":{"self":[{"href":"https:\/\/agora.xtec.cat\/insramoncasas\/wp-json\/wp\/v2\/posts\/7334","targetHints":{"allow":["GET"]}}],"collection":[{"href":"https:\/\/agora.xtec.cat\/insramoncasas\/wp-json\/wp\/v2\/posts"}],"about":[{"href":"https:\/\/agora.xtec.cat\/insramoncasas\/wp-json\/wp\/v2\/types\/post"}],"author":[{"embeddable":true,"href":"https:\/\/agora.xtec.cat\/insramoncasas\/wp-json\/wp\/v2\/users\/1"}],"replies":[{"embeddable":true,"href":"https:\/\/agora.xtec.cat\/insramoncasas\/wp-json\/wp\/v2\/comments?post=7334"}],"version-history":[{"count":2,"href":"https:\/\/agora.xtec.cat\/insramoncasas\/wp-json\/wp\/v2\/posts\/7334\/revisions"}],"predecessor-version":[{"id":7343,"href":"https:\/\/agora.xtec.cat\/insramoncasas\/wp-json\/wp\/v2\/posts\/7334\/revisions\/7343"}],"wp:featuredmedia":[{"embeddable":true,"href":"https:\/\/agora.xtec.cat\/insramoncasas\/wp-json\/wp\/v2\/media\/7340"}],"wp:attachment":[{"href":"https:\/\/agora.xtec.cat\/insramoncasas\/wp-json\/wp\/v2\/media?parent=7334"}],"wp:term":[{"taxonomy":"category","embeddable":true,"href":"https:\/\/agora.xtec.cat\/insramoncasas\/wp-json\/wp\/v2\/categories?post=7334"},{"taxonomy":"post_tag","embeddable":true,"href":"https:\/\/agora.xtec.cat\/insramoncasas\/wp-json\/wp\/v2\/tags?post=7334"}],"curies":[{"name":"wp","href":"https:\/\/api.w.org\/{rel}","templated":true}]}}