{"id":6354,"date":"2021-01-25T12:24:27","date_gmt":"2021-01-25T11:24:27","guid":{"rendered":"http:\/\/agora.xtec.cat\/insramoncasas\/?p=6354"},"modified":"2021-01-28T17:59:28","modified_gmt":"2021-01-28T16:59:28","slug":"dia-escolar-de-la-noviolencia-i-la-pau","status":"publish","type":"post","link":"https:\/\/agora.xtec.cat\/insramoncasas\/general\/dia-escolar-de-la-noviolencia-i-la-pau\/","title":{"rendered":"Dia Escolar de la No-viol\u00e8ncia i la Pau"},"content":{"rendered":"<p style=\"text-align: justify;\">L&#8217;ONG Open Arms ha estat al nostre centre fent un conjunt de xerrades emmarcades en el Dia Escolar de la No-viol\u00e8ncia i la Pau (DENIP).<\/p>\n<p style=\"text-align: justify;\">A causa del context de la pand\u00e8mia, no s&#8217;han pogut fer els tallers que anualment es realitzen al Ramon Casas, per\u00f2 s\u00ed que s&#8217;ha mantingut la xerrada habitual que els alumnes de l&#8217;ESO reben d&#8217;alguna organitzaci\u00f3 solid\u00e0ria i sense \u00e0nim de lucre. La idea \u00e9s treballar les idees de germanor, pau i solidaritat entre els alumnes, i donar a con\u00e8ixer experi\u00e8ncies a les quals poder sumar-se, en cas de voler col\u00b7laborar.<\/p>\n<p style=\"text-align: justify;\">Open Arms va n\u00e9ixer amb la voluntat de soc\u00f3rrer els refugiats que fugen dels seus pa\u00efsos perseguits per dictadures, fam o guerra i, un cop al mar, naufraguen amb barques p\u00e8ssimes i enganyats per m\u00e0fies. L&#8217;ONG ha anat creixent fins tenir for\u00e7a recolzament, tamb\u00e9 de personatges coneguts, i ha empr\u00e8s una campanya de conscienciaci\u00f3 i millora als pa\u00efsos d&#8217;origen dels refugiats, anomenada Origen, per intentar aturar aquest tipus de migracions que posa en perill tantes vides.<\/p>\n<p style=\"text-align: justify;\">L&#8217;organitzaci\u00f3 ja ha passat per diverses classes de l&#8217;ESO i anir\u00e0 a tots els nivells al llarg d&#8217;aquesta setmana.<\/p>\n<p style=\"text-align: justify;\">Els alumnes d&#8217;<em>El Periodista aficionat<\/em> han fet una petita entrevista als representants de l&#8217;ONG en qu\u00e8 donaran a con\u00e8ixer una mica m\u00e9s l&#8217;origen, les viv\u00e8ncies i els objectius de l&#8217;organitzaci\u00f3.<\/p>\n<p style=\"text-align: justify;\"><a href=\"https:\/\/agora.xtec.cat\/insramoncasas\/wp-content\/uploads\/usu1921\/2021\/01\/IMG_3064.jpg\"><img loading=\"lazy\" decoding=\"async\" class=\"alignnone wp-image-6357\" src=\"https:\/\/agora.xtec.cat\/insramoncasas\/wp-content\/uploads\/usu1921\/2021\/01\/IMG_3064.jpg\" alt=\"\" width=\"292\" height=\"219\" srcset=\"https:\/\/agora.xtec.cat\/insramoncasas\/wp-content\/uploads\/usu1921\/2021\/01\/IMG_3064.jpg 640w, https:\/\/agora.xtec.cat\/insramoncasas\/wp-content\/uploads\/usu1921\/2021\/01\/IMG_3064-300x225.jpg 300w, https:\/\/agora.xtec.cat\/insramoncasas\/wp-content\/uploads\/usu1921\/2021\/01\/IMG_3064-200x150.jpg 200w\" sizes=\"auto, (max-width: 292px) 100vw, 292px\" \/><\/a><a href=\"https:\/\/agora.xtec.cat\/insramoncasas\/wp-content\/uploads\/usu1921\/2021\/01\/Open-Arms-Pro-Activa-ColorWeek-Colvin-Solidario-2.jpg\"><img loading=\"lazy\" decoding=\"async\" class=\"alignnone wp-image-6358\" src=\"https:\/\/agora.xtec.cat\/insramoncasas\/wp-content\/uploads\/usu1921\/2021\/01\/Open-Arms-Pro-Activa-ColorWeek-Colvin-Solidario-2.jpg\" alt=\"\" width=\"335\" height=\"219\" srcset=\"https:\/\/agora.xtec.cat\/insramoncasas\/wp-content\/uploads\/usu1921\/2021\/01\/Open-Arms-Pro-Activa-ColorWeek-Colvin-Solidario-2.jpg 664w, https:\/\/agora.xtec.cat\/insramoncasas\/wp-content\/uploads\/usu1921\/2021\/01\/Open-Arms-Pro-Activa-ColorWeek-Colvin-Solidario-2-300x197.jpg 300w\" sizes=\"auto, (max-width: 335px) 100vw, 335px\" \/><\/a><\/p>\n","protected":false},"excerpt":{"rendered":"<p>L&#8217;ONG Open Arms ha estat al nostre centre fent un conjunt de xerrades emmarcades en el Dia Escolar de la No-viol\u00e8ncia i la Pau (DENIP). A causa del context de la pand\u00e8mia, no s&#8217;han pogut fer els tallers que anualment es realitzen al Ramon Casas, per\u00f2 s\u00ed que s&#8217;ha mantingut la xerrada habitual que els [&hellip;]<\/p>\n","protected":false},"author":1,"featured_media":6356,"comment_status":"open","ping_status":"closed","sticky":false,"template":"","format":"standard","meta":{"_bbp_topic_count":0,"_bbp_reply_count":0,"_bbp_total_topic_count":0,"_bbp_total_reply_count":0,"_bbp_voice_count":0,"_bbp_anonymous_reply_count":0,"_bbp_topic_count_hidden":0,"_bbp_reply_count_hidden":0,"_bbp_forum_subforum_count":0,"site-sidebar-layout":"default","site-content-layout":"","ast-site-content-layout":"","site-content-style":"default","site-sidebar-style":"default","ast-global-header-display":"","ast-banner-title-visibility":"","ast-main-header-display":"","ast-hfb-above-header-display":"","ast-hfb-below-header-display":"","ast-hfb-mobile-header-display":"","site-post-title":"","ast-breadcrumbs-content":"","ast-featured-img":"","footer-sml-layout":"","theme-transparent-header-meta":"","adv-header-id-meta":"","stick-header-meta":"","header-above-stick-meta":"","header-main-stick-meta":"","header-below-stick-meta":"","astra-migrate-meta-layouts":"default","ast-page-background-enabled":"default","ast-page-background-meta":{"desktop":{"background-color":"var(--ast-global-color-4)","background-image":"","background-repeat":"repeat","background-position":"center center","background-size":"auto","background-attachment":"scroll","background-type":"","background-media":"","overlay-type":"","overlay-color":"","overlay-opacity":"","overlay-gradient":""},"tablet":{"background-color":"","background-image":"","background-repeat":"repeat","background-position":"center center","background-size":"auto","background-attachment":"scroll","background-type":"","background-media":"","overlay-type":"","overlay-color":"","overlay-opacity":"","overlay-gradient":""},"mobile":{"background-color":"","background-image":"","background-repeat":"repeat","background-position":"center center","background-size":"auto","background-attachment":"scroll","background-type":"","background-media":"","overlay-type":"","overlay-color":"","overlay-opacity":"","overlay-gradient":""}},"ast-content-background-meta":{"desktop":{"background-color":"var(--ast-global-color-5)","background-image":"","background-repeat":"repeat","background-position":"center center","background-size":"auto","background-attachment":"scroll","background-type":"","background-media":"","overlay-type":"","overlay-color":"","overlay-opacity":"","overlay-gradient":""},"tablet":{"background-color":"var(--ast-global-color-5)","background-image":"","background-repeat":"repeat","background-position":"center center","background-size":"auto","background-attachment":"scroll","background-type":"","background-media":"","overlay-type":"","overlay-color":"","overlay-opacity":"","overlay-gradient":""},"mobile":{"background-color":"var(--ast-global-color-5)","background-image":"","background-repeat":"repeat","background-position":"center center","background-size":"auto","background-attachment":"scroll","background-type":"","background-media":"","overlay-type":"","overlay-color":"","overlay-opacity":"","overlay-gradient":""}},"footnotes":""},"categories":[118,119,122,117,127,1,29],"tags":[],"class_list":["post-6354","post","type-post","status-publish","format-standard","has-post-thumbnail","hentry","category-1eso","category-2eso","category-3eso","category-4eso","category-el-periodista-aficionat","category-general","category-portada"],"post_mailing_queue_ids":[],"_links":{"self":[{"href":"https:\/\/agora.xtec.cat\/insramoncasas\/wp-json\/wp\/v2\/posts\/6354","targetHints":{"allow":["GET"]}}],"collection":[{"href":"https:\/\/agora.xtec.cat\/insramoncasas\/wp-json\/wp\/v2\/posts"}],"about":[{"href":"https:\/\/agora.xtec.cat\/insramoncasas\/wp-json\/wp\/v2\/types\/post"}],"author":[{"embeddable":true,"href":"https:\/\/agora.xtec.cat\/insramoncasas\/wp-json\/wp\/v2\/users\/1"}],"replies":[{"embeddable":true,"href":"https:\/\/agora.xtec.cat\/insramoncasas\/wp-json\/wp\/v2\/comments?post=6354"}],"version-history":[{"count":3,"href":"https:\/\/agora.xtec.cat\/insramoncasas\/wp-json\/wp\/v2\/posts\/6354\/revisions"}],"predecessor-version":[{"id":6366,"href":"https:\/\/agora.xtec.cat\/insramoncasas\/wp-json\/wp\/v2\/posts\/6354\/revisions\/6366"}],"wp:featuredmedia":[{"embeddable":true,"href":"https:\/\/agora.xtec.cat\/insramoncasas\/wp-json\/wp\/v2\/media\/6356"}],"wp:attachment":[{"href":"https:\/\/agora.xtec.cat\/insramoncasas\/wp-json\/wp\/v2\/media?parent=6354"}],"wp:term":[{"taxonomy":"category","embeddable":true,"href":"https:\/\/agora.xtec.cat\/insramoncasas\/wp-json\/wp\/v2\/categories?post=6354"},{"taxonomy":"post_tag","embeddable":true,"href":"https:\/\/agora.xtec.cat\/insramoncasas\/wp-json\/wp\/v2\/tags?post=6354"}],"curies":[{"name":"wp","href":"https:\/\/api.w.org\/{rel}","templated":true}]}}