{"id":6266,"date":"2020-11-23T10:50:48","date_gmt":"2020-11-23T09:50:48","guid":{"rendered":"http:\/\/agora.xtec.cat\/insramoncasas\/?p=6266"},"modified":"2020-11-23T10:50:48","modified_gmt":"2020-11-23T09:50:48","slug":"faldilles-per-reivindicar-igualtat","status":"publish","type":"post","link":"https:\/\/agora.xtec.cat\/insramoncasas\/batxillerat\/faldilles-per-reivindicar-igualtat\/","title":{"rendered":"Faldilles per reivindicar igualtat"},"content":{"rendered":"<p><span style=\"font-weight: 400\">A principis de novembre, uns quants nois del nostre institut van portar faldilla durant tota una jornada. Ho van fer per protestar contra els rols de vestimenta establerts per la societat, que no els semblen correctes.\u00a0<\/span><\/p>\n<p><span style=\"font-weight: 400\">Aquests estudiants ens expliquen que el moviment va sorgir a partir del <em>tiktokero<\/em>\u00a0Mikel G\u00f3mez (@mikelgmz), que va explicar en un <em>storytime<\/em> la seva experi\u00e8ncia quan va anar amb faldilla a l\u2019institut. Afirma que va rebre moltes burles i va ser derivat al psic\u00f2leg simplement pel fet d\u2019haver anat amb aquesta pe\u00e7a de roba. Per aix\u00f2, cansat del menyspreu d&#8217;alumnes i professors, va promoure un moviment: fer que tots els estudiants portessin faldilla almenys una jornada.<\/span><\/p>\n<p><span style=\"font-weight: 400\">\u201cPer mostrar la nostra empatia i el m\u00e0xim suport ens v\u00e0rem posar d&#8217;acord perqu\u00e8 la major quantitat de persones portessin faldilla el 4 de novembre. Creiem que \u00e9s molt important normalitzar que la roba no t\u00e9 g\u00e8nere i que cada persona hauria de poder vestir com vulgui sense ser jutjat&#8221;, ens explica l\u2019Alexis, de 2n de batxillerat.\u00a0<\/span><\/p>\n<p>L&#8217;alumnat de segon de la ESO han impulsat ara una nova convocat\u00f2ria al desembre per tothom que no se&#8217;n va assabentar el primer cop.<\/p>\n<p>Pol Grau Garrido, <em>El periodista aficionat<\/em>.<\/p>\n<p><a href=\"https:\/\/agora.xtec.cat\/insramoncasas\/wp-content\/uploads\/usu1921\/2020\/11\/faldilles-2.jpeg\"><img loading=\"lazy\" decoding=\"async\" class=\"alignnone  wp-image-6267\" src=\"https:\/\/agora.xtec.cat\/insramoncasas\/wp-content\/uploads\/usu1921\/2020\/11\/faldilles-2-1024x883.jpeg\" alt=\"\" width=\"377\" height=\"325\" srcset=\"https:\/\/agora.xtec.cat\/insramoncasas\/wp-content\/uploads\/usu1921\/2020\/11\/faldilles-2-1024x883.jpeg 1024w, https:\/\/agora.xtec.cat\/insramoncasas\/wp-content\/uploads\/usu1921\/2020\/11\/faldilles-2-300x259.jpeg 300w, https:\/\/agora.xtec.cat\/insramoncasas\/wp-content\/uploads\/usu1921\/2020\/11\/faldilles-2-768x662.jpeg 768w, https:\/\/agora.xtec.cat\/insramoncasas\/wp-content\/uploads\/usu1921\/2020\/11\/faldilles-2.jpeg 1497w\" sizes=\"auto, (max-width: 377px) 100vw, 377px\" \/><\/a><\/p>\n","protected":false},"excerpt":{"rendered":"<p>A principis de novembre, uns quants nois del nostre institut van portar faldilla durant tota una jornada. Ho van fer per protestar contra els rols de vestimenta establerts per la societat, que no els semblen correctes.\u00a0 Aquests estudiants ens expliquen que el moviment va sorgir a partir del tiktokero\u00a0Mikel G\u00f3mez (@mikelgmz), que va explicar en [&hellip;]<\/p>\n","protected":false},"author":1,"featured_media":6268,"comment_status":"open","ping_status":"closed","sticky":false,"template":"","format":"standard","meta":{"_bbp_topic_count":0,"_bbp_reply_count":0,"_bbp_total_topic_count":0,"_bbp_total_reply_count":0,"_bbp_voice_count":0,"_bbp_anonymous_reply_count":0,"_bbp_topic_count_hidden":0,"_bbp_reply_count_hidden":0,"_bbp_forum_subforum_count":0,"site-sidebar-layout":"default","site-content-layout":"","ast-site-content-layout":"","site-content-style":"default","site-sidebar-style":"default","ast-global-header-display":"","ast-banner-title-visibility":"","ast-main-header-display":"","ast-hfb-above-header-display":"","ast-hfb-below-header-display":"","ast-hfb-mobile-header-display":"","site-post-title":"","ast-breadcrumbs-content":"","ast-featured-img":"","footer-sml-layout":"","theme-transparent-header-meta":"","adv-header-id-meta":"","stick-header-meta":"","header-above-stick-meta":"","header-main-stick-meta":"","header-below-stick-meta":"","astra-migrate-meta-layouts":"default","ast-page-background-enabled":"default","ast-page-background-meta":{"desktop":{"background-color":"var(--ast-global-color-4)","background-image":"","background-repeat":"repeat","background-position":"center center","background-size":"auto","background-attachment":"scroll","background-type":"","background-media":"","overlay-type":"","overlay-color":"","overlay-opacity":"","overlay-gradient":""},"tablet":{"background-color":"","background-image":"","background-repeat":"repeat","background-position":"center center","background-size":"auto","background-attachment":"scroll","background-type":"","background-media":"","overlay-type":"","overlay-color":"","overlay-opacity":"","overlay-gradient":""},"mobile":{"background-color":"","background-image":"","background-repeat":"repeat","background-position":"center center","background-size":"auto","background-attachment":"scroll","background-type":"","background-media":"","overlay-type":"","overlay-color":"","overlay-opacity":"","overlay-gradient":""}},"ast-content-background-meta":{"desktop":{"background-color":"var(--ast-global-color-5)","background-image":"","background-repeat":"repeat","background-position":"center center","background-size":"auto","background-attachment":"scroll","background-type":"","background-media":"","overlay-type":"","overlay-color":"","overlay-opacity":"","overlay-gradient":""},"tablet":{"background-color":"var(--ast-global-color-5)","background-image":"","background-repeat":"repeat","background-position":"center center","background-size":"auto","background-attachment":"scroll","background-type":"","background-media":"","overlay-type":"","overlay-color":"","overlay-opacity":"","overlay-gradient":""},"mobile":{"background-color":"var(--ast-global-color-5)","background-image":"","background-repeat":"repeat","background-position":"center center","background-size":"auto","background-attachment":"scroll","background-type":"","background-media":"","overlay-type":"","overlay-color":"","overlay-opacity":"","overlay-gradient":""}},"footnotes":""},"categories":[118,119,122,117,8,127,29],"tags":[],"class_list":["post-6266","post","type-post","status-publish","format-standard","has-post-thumbnail","hentry","category-1eso","category-2eso","category-3eso","category-4eso","category-batxillerat","category-el-periodista-aficionat","category-portada"],"post_mailing_queue_ids":[],"_links":{"self":[{"href":"https:\/\/agora.xtec.cat\/insramoncasas\/wp-json\/wp\/v2\/posts\/6266","targetHints":{"allow":["GET"]}}],"collection":[{"href":"https:\/\/agora.xtec.cat\/insramoncasas\/wp-json\/wp\/v2\/posts"}],"about":[{"href":"https:\/\/agora.xtec.cat\/insramoncasas\/wp-json\/wp\/v2\/types\/post"}],"author":[{"embeddable":true,"href":"https:\/\/agora.xtec.cat\/insramoncasas\/wp-json\/wp\/v2\/users\/1"}],"replies":[{"embeddable":true,"href":"https:\/\/agora.xtec.cat\/insramoncasas\/wp-json\/wp\/v2\/comments?post=6266"}],"version-history":[{"count":1,"href":"https:\/\/agora.xtec.cat\/insramoncasas\/wp-json\/wp\/v2\/posts\/6266\/revisions"}],"predecessor-version":[{"id":6269,"href":"https:\/\/agora.xtec.cat\/insramoncasas\/wp-json\/wp\/v2\/posts\/6266\/revisions\/6269"}],"wp:featuredmedia":[{"embeddable":true,"href":"https:\/\/agora.xtec.cat\/insramoncasas\/wp-json\/wp\/v2\/media\/6268"}],"wp:attachment":[{"href":"https:\/\/agora.xtec.cat\/insramoncasas\/wp-json\/wp\/v2\/media?parent=6266"}],"wp:term":[{"taxonomy":"category","embeddable":true,"href":"https:\/\/agora.xtec.cat\/insramoncasas\/wp-json\/wp\/v2\/categories?post=6266"},{"taxonomy":"post_tag","embeddable":true,"href":"https:\/\/agora.xtec.cat\/insramoncasas\/wp-json\/wp\/v2\/tags?post=6266"}],"curies":[{"name":"wp","href":"https:\/\/api.w.org\/{rel}","templated":true}]}}