{"id":5497,"date":"2019-11-27T08:51:12","date_gmt":"2019-11-27T07:51:12","guid":{"rendered":"http:\/\/agora.xtec.cat\/insramoncasas\/?p=5497"},"modified":"2019-11-28T10:00:27","modified_gmt":"2019-11-28T09:00:27","slug":"una-artista-a-lafrica","status":"publish","type":"post","link":"https:\/\/agora.xtec.cat\/insramoncasas\/portada\/una-artista-a-lafrica\/","title":{"rendered":"Una artista a l&#8217;\u00c0frica"},"content":{"rendered":"<p style=\"text-align: justify;\"><a href=\"https:\/\/agora.xtec.cat\/insramoncasas\/wp-content\/uploads\/usu1921\/2019\/11\/formacion.jpeg\"><img loading=\"lazy\" decoding=\"async\" class=\"aligncenter size-large wp-image-5498\" src=\"https:\/\/agora.xtec.cat\/insramoncasas\/wp-content\/uploads\/usu1921\/2019\/11\/formacion-1024x768.jpeg\" alt=\"\" width=\"1024\" height=\"768\" srcset=\"https:\/\/agora.xtec.cat\/insramoncasas\/wp-content\/uploads\/usu1921\/2019\/11\/formacion-1024x768.jpeg 1024w, https:\/\/agora.xtec.cat\/insramoncasas\/wp-content\/uploads\/usu1921\/2019\/11\/formacion-300x225.jpeg 300w, https:\/\/agora.xtec.cat\/insramoncasas\/wp-content\/uploads\/usu1921\/2019\/11\/formacion-768x576.jpeg 768w, https:\/\/agora.xtec.cat\/insramoncasas\/wp-content\/uploads\/usu1921\/2019\/11\/formacion-200x150.jpeg 200w, https:\/\/agora.xtec.cat\/insramoncasas\/wp-content\/uploads\/usu1921\/2019\/11\/formacion.jpeg 1396w\" sizes=\"auto, (max-width: 1024px) 100vw, 1024px\" \/><\/a><\/p>\n<p style=\"text-align: justify;\">La Cristina, professora de l&#8217;Institut, col\u00b7labora amb l&#8217;ONG Abaraca. \u00c9s una associaci\u00f3 sense \u00e0nim de lucre dirigida als habitants de Guinea Bissau, per\u00f2 el seu focus d&#8217;atenci\u00f3 est\u00e0 centrat, principalment, en els nens i nenes. El seu objectiu prioritari \u00e9s treballar pel desenvolupament integral dels menors acompanyant-los en la superaci\u00f3 de les necessitats no cobertes que presenten. Treballen en conjunt amb habitants de Bafat\u00e1 per informar sobre la quotidianitat d&#8217;all\u00e0 i les noves necessitats que van apareixent; al mateix temps van gestionant els recursos que es van donant.<\/p>\n<p style=\"text-align: justify;\">Dos membres de l\u2019associaci\u00f3 van venir a l\u2019Institut i van explicar moltes coses que falten a molts nens i com \u00e9s la vida de diferent i de dif\u00edcil a l&#8217;\u00c0frica o altres llocs del m\u00f3n.<\/p>\n<p style=\"text-align: justify;\"><a href=\"https:\/\/agora.xtec.cat\/insramoncasas\/wp-content\/uploads\/usu1921\/2019\/10\/71766554_2397452417028864_658416901633867776_n.jpg\"><img loading=\"lazy\" decoding=\"async\" class=\"aligncenter wp-image-5291 size-medium\" src=\"https:\/\/agora.xtec.cat\/insramoncasas\/wp-content\/uploads\/usu1921\/2019\/10\/71766554_2397452417028864_658416901633867776_n-260x300.jpg\" alt=\"\" width=\"260\" height=\"300\" srcset=\"https:\/\/agora.xtec.cat\/insramoncasas\/wp-content\/uploads\/usu1921\/2019\/10\/71766554_2397452417028864_658416901633867776_n-260x300.jpg 260w, https:\/\/agora.xtec.cat\/insramoncasas\/wp-content\/uploads\/usu1921\/2019\/10\/71766554_2397452417028864_658416901633867776_n-768x885.jpg 768w, https:\/\/agora.xtec.cat\/insramoncasas\/wp-content\/uploads\/usu1921\/2019\/10\/71766554_2397452417028864_658416901633867776_n.jpg 833w\" sizes=\"auto, (max-width: 260px) 100vw, 260px\" \/><\/a><br \/>\nLa Cristina va comen\u00e7ar a treballar amb les fundadores fa un any i mig aproximadament, uns mesos abans del seu primer viatge com a volunt\u00e0ria a Guinea Bissau. Des d&#8217;aquell moment ha participat en activitats no nom\u00e9s dins del pa\u00eds sin\u00f3 tamb\u00e9 des de Barcelona, dissenyant projectes i fent mercats on es ven roba de segona m\u00e0 o artesania africana. La Cristina ha realitzat diferents projectes; el primer any va estar un mes i mig a Guinea Bissau, en un poble que es diu Gambasse, i all\u00e0 va comen\u00e7ar l&#8217;escola en un poblat de la vora ajudant els obrers perqu\u00e8 entenguessin els pl\u00e0nols que havien portat d&#8217;aqu\u00ed i que havien fet unes arquitectes tamb\u00e9 volunt\u00e0ries de l&#8217;associaci\u00f3. Alhora, va estar treballant per sensibilitzar la poblaci\u00f3 sobre la necessitat de potabilitzaci\u00f3 de l&#8217;aigua abans de beure-la, o de tenir una sexualitat segura. Tamb\u00e9 van comen\u00e7ar a fer una formaci\u00f3 per als professors de la zona.<\/p>\n<p style=\"text-align: justify;\">Aquest any aquest projecte s&#8217;ha desenvolupat molt m\u00e9s i la formaci\u00f3 ha estat de tres dies, durant els quals es parlava de l&#8217;equilibri a classe, la import\u00e0ncia de l&#8217;avaluaci\u00f3 i el treball en equip i una mica d&#8217;educaci\u00f3 emocional necess\u00e0ria per als nens i nenes d&#8217;all\u00e0. Aquest any la seva estada ha estat d&#8217;un mes, i en aquest temps tamb\u00e9 han realitzat un mural a les parets de l&#8217;escola que han constru\u00eft, dissenyat per un treball de recerca que van fer unes exalumnes seves de l&#8217;any passat del batxillerat art\u00edstic.<\/p>\n<p><a href=\"https:\/\/agora.xtec.cat\/insramoncasas\/wp-content\/uploads\/usu1921\/2019\/11\/mural.jpeg\"><img loading=\"lazy\" decoding=\"async\" class=\"aligncenter size-large wp-image-5499\" src=\"https:\/\/agora.xtec.cat\/insramoncasas\/wp-content\/uploads\/usu1921\/2019\/11\/mural-1024x576.jpeg\" alt=\"\" width=\"1024\" height=\"576\" srcset=\"https:\/\/agora.xtec.cat\/insramoncasas\/wp-content\/uploads\/usu1921\/2019\/11\/mural-1024x576.jpeg 1024w, https:\/\/agora.xtec.cat\/insramoncasas\/wp-content\/uploads\/usu1921\/2019\/11\/mural-300x169.jpeg 300w, https:\/\/agora.xtec.cat\/insramoncasas\/wp-content\/uploads\/usu1921\/2019\/11\/mural-768x432.jpeg 768w, https:\/\/agora.xtec.cat\/insramoncasas\/wp-content\/uploads\/usu1921\/2019\/11\/mural.jpeg 1600w\" sizes=\"auto, (max-width: 1024px) 100vw, 1024px\" \/><\/a><\/p>\n<p style=\"text-align: justify;\">La Cristina explica que va ser arran d\u2019un viatge a l&#8217;\u00cdndia, un pa\u00eds amb molta pobresa, que es va adonar que volia viatjar a pa\u00efsos en vies de desenvolupament per ajudar de manera activa. Per aix\u00f2 va buscar informaci\u00f3 sobre alguns voluntaris a Nepal, Tail\u00e0ndia&#8230; Per\u00f2 una amiga li va parlar d&#8217;Abaraca i del seu treball a Guinea Bissau i li va cridar molt l&#8217;atenci\u00f3. La Cristina ens remarca que \u00e9s una activitat molt gratificant i ens anima a tots a participar-hi.<\/p>\n<p>Redacci\u00f3: Ona Mayor Arest\u00e9, Ainoa Carpio Luna i Ra\u00fal Valiente<\/p>\n","protected":false},"excerpt":{"rendered":"<p>La Cristina, professora de l&#8217;Institut, col\u00b7labora amb l&#8217;ONG Abaraca. \u00c9s una associaci\u00f3 sense \u00e0nim de lucre dirigida als habitants de Guinea Bissau, per\u00f2 el seu focus d&#8217;atenci\u00f3 est\u00e0 centrat, principalment, en els nens i nenes. El seu objectiu prioritari \u00e9s treballar pel desenvolupament integral dels menors acompanyant-los en la superaci\u00f3 de les necessitats no cobertes [&hellip;]<\/p>\n","protected":false},"author":3,"featured_media":5499,"comment_status":"open","ping_status":"closed","sticky":false,"template":"","format":"standard","meta":{"_bbp_topic_count":0,"_bbp_reply_count":0,"_bbp_total_topic_count":0,"_bbp_total_reply_count":0,"_bbp_voice_count":0,"_bbp_anonymous_reply_count":0,"_bbp_topic_count_hidden":0,"_bbp_reply_count_hidden":0,"_bbp_forum_subforum_count":0,"site-sidebar-layout":"default","site-content-layout":"","ast-site-content-layout":"","site-content-style":"default","site-sidebar-style":"default","ast-global-header-display":"","ast-banner-title-visibility":"","ast-main-header-display":"","ast-hfb-above-header-display":"","ast-hfb-below-header-display":"","ast-hfb-mobile-header-display":"","site-post-title":"","ast-breadcrumbs-content":"","ast-featured-img":"","footer-sml-layout":"","theme-transparent-header-meta":"","adv-header-id-meta":"","stick-header-meta":"","header-above-stick-meta":"","header-main-stick-meta":"","header-below-stick-meta":"","astra-migrate-meta-layouts":"default","ast-page-background-enabled":"default","ast-page-background-meta":{"desktop":{"background-color":"var(--ast-global-color-4)","background-image":"","background-repeat":"repeat","background-position":"center center","background-size":"auto","background-attachment":"scroll","background-type":"","background-media":"","overlay-type":"","overlay-color":"","overlay-opacity":"","overlay-gradient":""},"tablet":{"background-color":"","background-image":"","background-repeat":"repeat","background-position":"center center","background-size":"auto","background-attachment":"scroll","background-type":"","background-media":"","overlay-type":"","overlay-color":"","overlay-opacity":"","overlay-gradient":""},"mobile":{"background-color":"","background-image":"","background-repeat":"repeat","background-position":"center center","background-size":"auto","background-attachment":"scroll","background-type":"","background-media":"","overlay-type":"","overlay-color":"","overlay-opacity":"","overlay-gradient":""}},"ast-content-background-meta":{"desktop":{"background-color":"var(--ast-global-color-5)","background-image":"","background-repeat":"repeat","background-position":"center center","background-size":"auto","background-attachment":"scroll","background-type":"","background-media":"","overlay-type":"","overlay-color":"","overlay-opacity":"","overlay-gradient":""},"tablet":{"background-color":"var(--ast-global-color-5)","background-image":"","background-repeat":"repeat","background-position":"center center","background-size":"auto","background-attachment":"scroll","background-type":"","background-media":"","overlay-type":"","overlay-color":"","overlay-opacity":"","overlay-gradient":""},"mobile":{"background-color":"var(--ast-global-color-5)","background-image":"","background-repeat":"repeat","background-position":"center center","background-size":"auto","background-attachment":"scroll","background-type":"","background-media":"","overlay-type":"","overlay-color":"","overlay-opacity":"","overlay-gradient":""}},"footnotes":""},"categories":[127,29,121,106],"tags":[],"class_list":["post-5497","post","type-post","status-publish","format-standard","has-post-thumbnail","hentry","category-el-periodista-aficionat","category-portada","category-solidaritat","category-visual-i-plastica"],"post_mailing_queue_ids":[],"_links":{"self":[{"href":"https:\/\/agora.xtec.cat\/insramoncasas\/wp-json\/wp\/v2\/posts\/5497","targetHints":{"allow":["GET"]}}],"collection":[{"href":"https:\/\/agora.xtec.cat\/insramoncasas\/wp-json\/wp\/v2\/posts"}],"about":[{"href":"https:\/\/agora.xtec.cat\/insramoncasas\/wp-json\/wp\/v2\/types\/post"}],"author":[{"embeddable":true,"href":"https:\/\/agora.xtec.cat\/insramoncasas\/wp-json\/wp\/v2\/users\/3"}],"replies":[{"embeddable":true,"href":"https:\/\/agora.xtec.cat\/insramoncasas\/wp-json\/wp\/v2\/comments?post=5497"}],"version-history":[{"count":3,"href":"https:\/\/agora.xtec.cat\/insramoncasas\/wp-json\/wp\/v2\/posts\/5497\/revisions"}],"predecessor-version":[{"id":5505,"href":"https:\/\/agora.xtec.cat\/insramoncasas\/wp-json\/wp\/v2\/posts\/5497\/revisions\/5505"}],"wp:featuredmedia":[{"embeddable":true,"href":"https:\/\/agora.xtec.cat\/insramoncasas\/wp-json\/wp\/v2\/media\/5499"}],"wp:attachment":[{"href":"https:\/\/agora.xtec.cat\/insramoncasas\/wp-json\/wp\/v2\/media?parent=5497"}],"wp:term":[{"taxonomy":"category","embeddable":true,"href":"https:\/\/agora.xtec.cat\/insramoncasas\/wp-json\/wp\/v2\/categories?post=5497"},{"taxonomy":"post_tag","embeddable":true,"href":"https:\/\/agora.xtec.cat\/insramoncasas\/wp-json\/wp\/v2\/tags?post=5497"}],"curies":[{"name":"wp","href":"https:\/\/api.w.org\/{rel}","templated":true}]}}