{"id":5455,"date":"2019-11-15T13:26:10","date_gmt":"2019-11-15T12:26:10","guid":{"rendered":"http:\/\/agora.xtec.cat\/insramoncasas\/?p=5455"},"modified":"2019-11-22T12:15:36","modified_gmt":"2019-11-22T11:15:36","slug":"entrevista-a-la-cooperativa-curcuma","status":"publish","type":"post","link":"https:\/\/agora.xtec.cat\/insramoncasas\/portada\/entrevista-a-la-cooperativa-curcuma\/","title":{"rendered":"Entrevista a C\u00farcuma, la cooperativa que fa el taller de coeducaci\u00f3 a l&#8217;Institut"},"content":{"rendered":"<p style=\"text-align: justify;\">Hem fet una entrevista a la cooperativa C\u00farcuma pels tallers tan emotius que ens fan aqu\u00ed a l&#8217;institut.<\/p>\n<ul style=\"text-align: justify;\">\n<li><b>Quants anys porteu en aquest treball?<\/b><\/li>\n<\/ul>\n<p style=\"text-align: justify;\">B\u00e9&#8230; ja fa temps. C\u00farcuma SCCL va arrancar com a associaci\u00f3 ara ja fa 5 anys, fins que el 2018 ens vam constituir com a cooperativa. Fem formacions, tallers, contacontes i teatre amb perspectiva de g\u00e8nere des que vam comen\u00e7ar.<\/p>\n<ul style=\"text-align: justify;\">\n<li><b>Els feu tamb\u00e9 tallers als professors? Si \u00e9s aix\u00ed, en qu\u00e8 els impliqueu?<\/b><\/li>\n<\/ul>\n<p style=\"text-align: justify;\">En el projecte que estem duent a terme tamb\u00e9 fem formaci\u00f3 al professorat en mat\u00e8ria de coeducaci\u00f3 i prevenci\u00f3 d&#8217;assetjament escolar. El nostre objectiu \u00e9s dotar el professorat tant de capacitats com de la sensibilitat perqu\u00e8 sigui capa\u00e7 de detectar i abordar amb m\u00e9s eines les situacions d&#8217;assetjament i discriminaci\u00f3 dins l&#8217;institut. Dit d&#8217;una altra forma, intentem refor\u00e7ar les capacitats del professorat a l&#8217;hora de gestionar tot el que passa dins l&#8217;aula. Perqu\u00e8, a vegades, la situaci\u00f3 personal (a l&#8217;institut) d&#8217;alguns\/es alumnes condiciona la seva autoestima, la motivaci\u00f3 i, en conseq\u00fc\u00e8ncia, els seus resultats acad\u00e8mics.<\/p>\n<ul style=\"text-align: justify;\">\n<li><b>Qu\u00e8 significa per vosaltres la cooperativa C\u00farcuma?<\/b><\/li>\n<\/ul>\n<p style=\"text-align: justify;\">La veritat \u00e9s que molt. C\u00farcuma \u00e9s una oportunitat de cr\u00e9ixer personalment i professional. Ens permet fer el que creiem que hem de fer i poder-nos-hi dedicar.<\/p>\n<ul style=\"text-align: justify;\">\n<li><b>Alguna vegada en un taller us heu emocionat de m\u00e9s?<\/b><\/li>\n<\/ul>\n<p style=\"text-align: justify;\">Qu\u00e8 significa emocionar-se &#8220;de m\u00e9s&#8221;? \u00c9s a dir, hi ha hagut moltes vegades que treballant en aules hi ha hagut persones del nostre equip que s&#8217;han emocionat, si. De fet passa sovint. Si per emocionar-se de m\u00e9s entenem que aix\u00f2 no et permeti donar continu\u00eftat al taller o a la formaci\u00f3, no. Diria que no ha passat. De tota manera, \u00e9s interessant aprofundir en el significat d&#8217;aquesta pregunta. Sembla que emocionar-se p\u00fablicament, en una aula,en un espai com\u00fa \u00e9s dif\u00edcil de sostenir i est\u00e0 poc valorat. En canvi, si ens hi fixem, ens els grups sempre estan passant coses. A vegades tenim la sensaci\u00f3 que tant a l&#8217;institut, com a fora, alguna gent s&#8217;ha d&#8217;amagar de qui \u00e9s o qui vol ser per la pressi\u00f3 social, pels estereotips de g\u00e8nere i per com s&#8217;articulen els sistemes de relacions. \u00c9s evident que quan donem l&#8217;oportunitat de posar-nos davant d&#8217;aquestes situacions i les mirem de prop, ens trobem amb el dolor, la dificultat, la r\u00e0bia i la frustraci\u00f3 que no s&#8217;ha expressat (necess\u00e0riament) i que, en aquell moment, se sent legitimada per mostrar-se. Per tant, \u00e9s comprensible que la gent s&#8217;emocioni quan parla de coses que li fan mal (actualment o en el passat). Tamb\u00e9 \u00e9s comprensible que hi hagi noies que estiguin enrabiades amb l&#8217;actitud d&#8217;alguns companys (nois) cap a elles. I tenir l&#8217;oportunitat d&#8217;expressar i situar aquesta r\u00e0bia, aquest dolor, aquest amor, ens fa m\u00e9s h\u00e0bils socialment parlant.<\/p>\n<ul style=\"text-align: justify;\">\n<li><b>Quant temps estareu en aquest institut?<\/b><\/li>\n<\/ul>\n<p style=\"text-align: justify;\">Estarem a l&#8217;institut fins a mitjans de febrer. Tot i que ara falten unes setmanes fins que hi tornem.<\/p>\n<p style=\"text-align: justify;\">Redacci\u00f3: Abel S\u00e1nchez i Marina Mart\u00ednez (El periodista aficionat)<\/p>\n<p style=\"text-align: justify;\"><a href=\"https:\/\/agora.xtec.cat\/insramoncasas\/wp-content\/uploads\/usu1921\/2019\/11\/IMG_0105.jpg\"><br \/>\n<img loading=\"lazy\" decoding=\"async\" class=\"aligncenter size-large wp-image-5458\" src=\"https:\/\/agora.xtec.cat\/insramoncasas\/wp-content\/uploads\/usu1921\/2019\/11\/IMG_0105-1024x768.jpg\" alt=\"\" width=\"1024\" height=\"768\" srcset=\"https:\/\/agora.xtec.cat\/insramoncasas\/wp-content\/uploads\/usu1921\/2019\/11\/IMG_0105-1024x768.jpg 1024w, https:\/\/agora.xtec.cat\/insramoncasas\/wp-content\/uploads\/usu1921\/2019\/11\/IMG_0105-300x225.jpg 300w, https:\/\/agora.xtec.cat\/insramoncasas\/wp-content\/uploads\/usu1921\/2019\/11\/IMG_0105-768x576.jpg 768w, https:\/\/agora.xtec.cat\/insramoncasas\/wp-content\/uploads\/usu1921\/2019\/11\/IMG_0105-200x150.jpg 200w\" sizes=\"auto, (max-width: 1024px) 100vw, 1024px\" \/><\/a><\/p>\n","protected":false},"excerpt":{"rendered":"<p>Hem fet una entrevista a la cooperativa C\u00farcuma pels tallers tan emotius que ens fan aqu\u00ed a l&#8217;institut. Quants anys porteu en aquest treball? B\u00e9&#8230; ja fa temps. C\u00farcuma SCCL va arrancar com a associaci\u00f3 ara ja fa 5 anys, fins que el 2018 ens vam constituir com a cooperativa. Fem formacions, tallers, contacontes i [&hellip;]<\/p>\n","protected":false},"author":3,"featured_media":5459,"comment_status":"open","ping_status":"closed","sticky":false,"template":"","format":"standard","meta":{"_bbp_topic_count":0,"_bbp_reply_count":0,"_bbp_total_topic_count":0,"_bbp_total_reply_count":0,"_bbp_voice_count":0,"_bbp_anonymous_reply_count":0,"_bbp_topic_count_hidden":0,"_bbp_reply_count_hidden":0,"_bbp_forum_subforum_count":0,"site-sidebar-layout":"default","site-content-layout":"","ast-site-content-layout":"","site-content-style":"default","site-sidebar-style":"default","ast-global-header-display":"","ast-banner-title-visibility":"","ast-main-header-display":"","ast-hfb-above-header-display":"","ast-hfb-below-header-display":"","ast-hfb-mobile-header-display":"","site-post-title":"","ast-breadcrumbs-content":"","ast-featured-img":"","footer-sml-layout":"","theme-transparent-header-meta":"","adv-header-id-meta":"","stick-header-meta":"","header-above-stick-meta":"","header-main-stick-meta":"","header-below-stick-meta":"","astra-migrate-meta-layouts":"default","ast-page-background-enabled":"default","ast-page-background-meta":{"desktop":{"background-color":"var(--ast-global-color-4)","background-image":"","background-repeat":"repeat","background-position":"center center","background-size":"auto","background-attachment":"scroll","background-type":"","background-media":"","overlay-type":"","overlay-color":"","overlay-opacity":"","overlay-gradient":""},"tablet":{"background-color":"","background-image":"","background-repeat":"repeat","background-position":"center center","background-size":"auto","background-attachment":"scroll","background-type":"","background-media":"","overlay-type":"","overlay-color":"","overlay-opacity":"","overlay-gradient":""},"mobile":{"background-color":"","background-image":"","background-repeat":"repeat","background-position":"center center","background-size":"auto","background-attachment":"scroll","background-type":"","background-media":"","overlay-type":"","overlay-color":"","overlay-opacity":"","overlay-gradient":""}},"ast-content-background-meta":{"desktop":{"background-color":"var(--ast-global-color-5)","background-image":"","background-repeat":"repeat","background-position":"center center","background-size":"auto","background-attachment":"scroll","background-type":"","background-media":"","overlay-type":"","overlay-color":"","overlay-opacity":"","overlay-gradient":""},"tablet":{"background-color":"var(--ast-global-color-5)","background-image":"","background-repeat":"repeat","background-position":"center center","background-size":"auto","background-attachment":"scroll","background-type":"","background-media":"","overlay-type":"","overlay-color":"","overlay-opacity":"","overlay-gradient":""},"mobile":{"background-color":"var(--ast-global-color-5)","background-image":"","background-repeat":"repeat","background-position":"center center","background-size":"auto","background-attachment":"scroll","background-type":"","background-media":"","overlay-type":"","overlay-color":"","overlay-opacity":"","overlay-gradient":""}},"footnotes":""},"categories":[127,29,116,108],"tags":[],"class_list":["post-5455","post","type-post","status-publish","format-standard","has-post-thumbnail","hentry","category-el-periodista-aficionat","category-portada","category-projectes","category-tutoria"],"post_mailing_queue_ids":[],"_links":{"self":[{"href":"https:\/\/agora.xtec.cat\/insramoncasas\/wp-json\/wp\/v2\/posts\/5455","targetHints":{"allow":["GET"]}}],"collection":[{"href":"https:\/\/agora.xtec.cat\/insramoncasas\/wp-json\/wp\/v2\/posts"}],"about":[{"href":"https:\/\/agora.xtec.cat\/insramoncasas\/wp-json\/wp\/v2\/types\/post"}],"author":[{"embeddable":true,"href":"https:\/\/agora.xtec.cat\/insramoncasas\/wp-json\/wp\/v2\/users\/3"}],"replies":[{"embeddable":true,"href":"https:\/\/agora.xtec.cat\/insramoncasas\/wp-json\/wp\/v2\/comments?post=5455"}],"version-history":[{"count":4,"href":"https:\/\/agora.xtec.cat\/insramoncasas\/wp-json\/wp\/v2\/posts\/5455\/revisions"}],"predecessor-version":[{"id":5490,"href":"https:\/\/agora.xtec.cat\/insramoncasas\/wp-json\/wp\/v2\/posts\/5455\/revisions\/5490"}],"wp:featuredmedia":[{"embeddable":true,"href":"https:\/\/agora.xtec.cat\/insramoncasas\/wp-json\/wp\/v2\/media\/5459"}],"wp:attachment":[{"href":"https:\/\/agora.xtec.cat\/insramoncasas\/wp-json\/wp\/v2\/media?parent=5455"}],"wp:term":[{"taxonomy":"category","embeddable":true,"href":"https:\/\/agora.xtec.cat\/insramoncasas\/wp-json\/wp\/v2\/categories?post=5455"},{"taxonomy":"post_tag","embeddable":true,"href":"https:\/\/agora.xtec.cat\/insramoncasas\/wp-json\/wp\/v2\/tags?post=5455"}],"curies":[{"name":"wp","href":"https:\/\/api.w.org\/{rel}","templated":true}]}}