{"id":5419,"date":"2019-11-08T13:48:05","date_gmt":"2019-11-08T12:48:05","guid":{"rendered":"http:\/\/agora.xtec.cat\/insramoncasas\/?p=5419"},"modified":"2019-11-14T13:08:01","modified_gmt":"2019-11-14T12:08:01","slug":"prou-bullying-nova-optativa-de-3r","status":"publish","type":"post","link":"https:\/\/agora.xtec.cat\/insramoncasas\/portada\/prou-bullying-nova-optativa-de-3r\/","title":{"rendered":"El taller &#8220;Internet segura de tu a tu&#8221; arriba a l&#8217;Institut"},"content":{"rendered":"<p>Des de l&#8217;optativa \u201cAqu\u00ed Prou Bullying\u201d de 3r d&#8217;ESO i la col\u00b7laboraci\u00f3 dels Mossos d&#8217;Esquadra, el proper divendres 15 de novembre es portar\u00e0 a terme el taller &#8220;Internet segura&#8221;.<\/p>\n<p>Aquest programa consisteix a formar els alumnes de tercer d\u2019ESO, passant sis v\u00eddeos de prevenci\u00f3 de possibles pederastes, assetjament sexual, de tots els perills que trobem avui dia per Internet&#8230; Despr\u00e9s, els alumnes de primer veuran els v\u00eddeos i seran els alumnes de tercer qui els traspassar\u00e0 tota la informaci\u00f3 que han rebut ells: qu\u00e8 vol dir cada v\u00eddeo i cada perill, si detecten alguna cosa semblant a qui poden avisar\u2026 \u00c9s a dir, estan fent una formaci\u00f3 als alumnes de tercer perqu\u00e8 despr\u00e9s ells i elles puguin informar tamb\u00e9 als alumnes m\u00e9s petits i entre tots i totes crear una Internet m\u00e9s segura.<\/p>\n<div id='gallery-1' class='gallery galleryid-5419 gallery-columns-3 gallery-size-medium'><figure class='gallery-item'>\n\t\t\t<div class='gallery-icon landscape'>\n\t\t\t\t<a href='https:\/\/agora.xtec.cat\/insramoncasas\/portada\/prou-bullying-nova-optativa-de-3r\/attachment\/img-7455\/'><img loading=\"lazy\" decoding=\"async\" width=\"300\" height=\"225\" src=\"https:\/\/agora.xtec.cat\/insramoncasas\/wp-content\/uploads\/usu1921\/2019\/11\/IMG-7455-300x225.jpg\" class=\"attachment-medium size-medium\" alt=\"\" srcset=\"https:\/\/agora.xtec.cat\/insramoncasas\/wp-content\/uploads\/usu1921\/2019\/11\/IMG-7455-300x225.jpg 300w, https:\/\/agora.xtec.cat\/insramoncasas\/wp-content\/uploads\/usu1921\/2019\/11\/IMG-7455-768x576.jpg 768w, https:\/\/agora.xtec.cat\/insramoncasas\/wp-content\/uploads\/usu1921\/2019\/11\/IMG-7455-1024x768.jpg 1024w, https:\/\/agora.xtec.cat\/insramoncasas\/wp-content\/uploads\/usu1921\/2019\/11\/IMG-7455-200x150.jpg 200w\" sizes=\"auto, (max-width: 300px) 100vw, 300px\" \/><\/a>\n\t\t\t<\/div><\/figure><figure class='gallery-item'>\n\t\t\t<div class='gallery-icon landscape'>\n\t\t\t\t<a href='https:\/\/agora.xtec.cat\/insramoncasas\/portada\/prou-bullying-nova-optativa-de-3r\/attachment\/img-7461\/'><img loading=\"lazy\" decoding=\"async\" width=\"300\" height=\"225\" src=\"https:\/\/agora.xtec.cat\/insramoncasas\/wp-content\/uploads\/usu1921\/2019\/11\/IMG-7461-300x225.jpg\" class=\"attachment-medium size-medium\" alt=\"\" srcset=\"https:\/\/agora.xtec.cat\/insramoncasas\/wp-content\/uploads\/usu1921\/2019\/11\/IMG-7461-300x225.jpg 300w, https:\/\/agora.xtec.cat\/insramoncasas\/wp-content\/uploads\/usu1921\/2019\/11\/IMG-7461-768x576.jpg 768w, https:\/\/agora.xtec.cat\/insramoncasas\/wp-content\/uploads\/usu1921\/2019\/11\/IMG-7461-1024x768.jpg 1024w, https:\/\/agora.xtec.cat\/insramoncasas\/wp-content\/uploads\/usu1921\/2019\/11\/IMG-7461-200x150.jpg 200w\" sizes=\"auto, (max-width: 300px) 100vw, 300px\" \/><\/a>\n\t\t\t<\/div><\/figure><figure class='gallery-item'>\n\t\t\t<div class='gallery-icon landscape'>\n\t\t\t\t<a href='https:\/\/agora.xtec.cat\/insramoncasas\/portada\/prou-bullying-nova-optativa-de-3r\/attachment\/img-7457\/'><img loading=\"lazy\" decoding=\"async\" width=\"300\" height=\"225\" src=\"https:\/\/agora.xtec.cat\/insramoncasas\/wp-content\/uploads\/usu1921\/2019\/11\/IMG-7457-300x225.jpg\" class=\"attachment-medium size-medium\" alt=\"\" srcset=\"https:\/\/agora.xtec.cat\/insramoncasas\/wp-content\/uploads\/usu1921\/2019\/11\/IMG-7457-300x225.jpg 300w, https:\/\/agora.xtec.cat\/insramoncasas\/wp-content\/uploads\/usu1921\/2019\/11\/IMG-7457-768x576.jpg 768w, https:\/\/agora.xtec.cat\/insramoncasas\/wp-content\/uploads\/usu1921\/2019\/11\/IMG-7457-1024x768.jpg 1024w, https:\/\/agora.xtec.cat\/insramoncasas\/wp-content\/uploads\/usu1921\/2019\/11\/IMG-7457-200x150.jpg 200w\" sizes=\"auto, (max-width: 300px) 100vw, 300px\" \/><\/a>\n\t\t\t<\/div><\/figure>\n\t\t<\/div>\n\n<p>Fet per: Mariona M\u00e9ndez, Ferran de la Cruz i Lucia Gimeno.<\/p>\n","protected":false},"excerpt":{"rendered":"<p>Des de l&#8217;optativa \u201cAqu\u00ed Prou Bullying\u201d de 3r d&#8217;ESO i la col\u00b7laboraci\u00f3 dels Mossos d&#8217;Esquadra, el proper divendres 15 de novembre es portar\u00e0 a terme el taller &#8220;Internet segura&#8221;. Aquest programa consisteix a formar els alumnes de tercer d\u2019ESO, passant sis v\u00eddeos de prevenci\u00f3 de possibles pederastes, assetjament sexual, de tots els perills que trobem [&hellip;]<\/p>\n","protected":false},"author":3,"featured_media":5422,"comment_status":"open","ping_status":"closed","sticky":false,"template":"","format":"standard","meta":{"_bbp_topic_count":0,"_bbp_reply_count":0,"_bbp_total_topic_count":0,"_bbp_total_reply_count":0,"_bbp_voice_count":0,"_bbp_anonymous_reply_count":0,"_bbp_topic_count_hidden":0,"_bbp_reply_count_hidden":0,"_bbp_forum_subforum_count":0,"site-sidebar-layout":"default","site-content-layout":"","ast-site-content-layout":"","site-content-style":"default","site-sidebar-style":"default","ast-global-header-display":"","ast-banner-title-visibility":"","ast-main-header-display":"","ast-hfb-above-header-display":"","ast-hfb-below-header-display":"","ast-hfb-mobile-header-display":"","site-post-title":"","ast-breadcrumbs-content":"","ast-featured-img":"","footer-sml-layout":"","theme-transparent-header-meta":"","adv-header-id-meta":"","stick-header-meta":"","header-above-stick-meta":"","header-main-stick-meta":"","header-below-stick-meta":"","astra-migrate-meta-layouts":"default","ast-page-background-enabled":"default","ast-page-background-meta":{"desktop":{"background-color":"var(--ast-global-color-4)","background-image":"","background-repeat":"repeat","background-position":"center center","background-size":"auto","background-attachment":"scroll","background-type":"","background-media":"","overlay-type":"","overlay-color":"","overlay-opacity":"","overlay-gradient":""},"tablet":{"background-color":"","background-image":"","background-repeat":"repeat","background-position":"center center","background-size":"auto","background-attachment":"scroll","background-type":"","background-media":"","overlay-type":"","overlay-color":"","overlay-opacity":"","overlay-gradient":""},"mobile":{"background-color":"","background-image":"","background-repeat":"repeat","background-position":"center center","background-size":"auto","background-attachment":"scroll","background-type":"","background-media":"","overlay-type":"","overlay-color":"","overlay-opacity":"","overlay-gradient":""}},"ast-content-background-meta":{"desktop":{"background-color":"var(--ast-global-color-5)","background-image":"","background-repeat":"repeat","background-position":"center center","background-size":"auto","background-attachment":"scroll","background-type":"","background-media":"","overlay-type":"","overlay-color":"","overlay-opacity":"","overlay-gradient":""},"tablet":{"background-color":"var(--ast-global-color-5)","background-image":"","background-repeat":"repeat","background-position":"center center","background-size":"auto","background-attachment":"scroll","background-type":"","background-media":"","overlay-type":"","overlay-color":"","overlay-opacity":"","overlay-gradient":""},"mobile":{"background-color":"var(--ast-global-color-5)","background-image":"","background-repeat":"repeat","background-position":"center center","background-size":"auto","background-attachment":"scroll","background-type":"","background-media":"","overlay-type":"","overlay-color":"","overlay-opacity":"","overlay-gradient":""}},"footnotes":""},"categories":[122,127,29],"tags":[],"class_list":["post-5419","post","type-post","status-publish","format-standard","has-post-thumbnail","hentry","category-3eso","category-el-periodista-aficionat","category-portada"],"post_mailing_queue_ids":[],"_links":{"self":[{"href":"https:\/\/agora.xtec.cat\/insramoncasas\/wp-json\/wp\/v2\/posts\/5419","targetHints":{"allow":["GET"]}}],"collection":[{"href":"https:\/\/agora.xtec.cat\/insramoncasas\/wp-json\/wp\/v2\/posts"}],"about":[{"href":"https:\/\/agora.xtec.cat\/insramoncasas\/wp-json\/wp\/v2\/types\/post"}],"author":[{"embeddable":true,"href":"https:\/\/agora.xtec.cat\/insramoncasas\/wp-json\/wp\/v2\/users\/3"}],"replies":[{"embeddable":true,"href":"https:\/\/agora.xtec.cat\/insramoncasas\/wp-json\/wp\/v2\/comments?post=5419"}],"version-history":[{"count":3,"href":"https:\/\/agora.xtec.cat\/insramoncasas\/wp-json\/wp\/v2\/posts\/5419\/revisions"}],"predecessor-version":[{"id":5444,"href":"https:\/\/agora.xtec.cat\/insramoncasas\/wp-json\/wp\/v2\/posts\/5419\/revisions\/5444"}],"wp:featuredmedia":[{"embeddable":true,"href":"https:\/\/agora.xtec.cat\/insramoncasas\/wp-json\/wp\/v2\/media\/5422"}],"wp:attachment":[{"href":"https:\/\/agora.xtec.cat\/insramoncasas\/wp-json\/wp\/v2\/media?parent=5419"}],"wp:term":[{"taxonomy":"category","embeddable":true,"href":"https:\/\/agora.xtec.cat\/insramoncasas\/wp-json\/wp\/v2\/categories?post=5419"},{"taxonomy":"post_tag","embeddable":true,"href":"https:\/\/agora.xtec.cat\/insramoncasas\/wp-json\/wp\/v2\/tags?post=5419"}],"curies":[{"name":"wp","href":"https:\/\/api.w.org\/{rel}","templated":true}]}}