{"id":10567,"date":"2026-09-04T08:42:13","date_gmt":"2026-09-04T06:42:13","guid":{"rendered":"https:\/\/agora.xtec.cat\/insramoncasas\/?p=10567"},"modified":"2026-09-04T08:45:38","modified_gmt":"2026-09-04T06:45:38","slug":"ultimes-places-per-a-lfp","status":"publish","type":"post","link":"https:\/\/agora.xtec.cat\/insramoncasas\/portada\/ultimes-places-per-a-lfp\/","title":{"rendered":"\u00daltimes places per a l&#8217;FP"},"content":{"rendered":"<p data-path-to-node=\"17\"><img loading=\"lazy\" decoding=\"async\" class=\"wp-image-10568 size-medium alignleft\" src=\"https:\/\/agora.xtec.cat\/insramoncasas\/wp-content\/uploads\/usu1921\/2026\/09\/cua-virtual-300x200.png\" alt=\"\" width=\"300\" height=\"200\" srcset=\"https:\/\/agora.xtec.cat\/insramoncasas\/wp-content\/uploads\/usu1921\/2026\/09\/cua-virtual-300x200.png 300w, https:\/\/agora.xtec.cat\/insramoncasas\/wp-content\/uploads\/usu1921\/2026\/09\/cua-virtual-1024x683.png 1024w, https:\/\/agora.xtec.cat\/insramoncasas\/wp-content\/uploads\/usu1921\/2026\/09\/cua-virtual-768x512.png 768w, https:\/\/agora.xtec.cat\/insramoncasas\/wp-content\/uploads\/usu1921\/2026\/09\/cua-virtual.png 1536w\" sizes=\"auto, (max-width: 300px) 100vw, 300px\" \/>Encara queden places disponibles al nostre institut per al cicle de Grau Mitj\u00e0 de Gesti\u00f3 Administrativa, i volem que una d&#8217;elles sigui per a tu.<\/p>\n<p data-path-to-node=\"18\">Aquest any, l&#8217;assignaci\u00f3 de vacants es fa a trav\u00e9s de la nova <b data-path-to-node=\"18\" data-index-in-node=\"62\">cua virtual<\/b> de la Generalitat de Catalunya, una eines en l\u00ednia molt senzilla per aconseguir el teu n\u00famero de prioritat sense moure&#8217;t de casa.<\/p>\n<p data-path-to-node=\"19\"><b data-path-to-node=\"19\" data-index-in-node=\"0\">Com assegurar la teva opci\u00f3?<\/b> A partir de <b data-path-to-node=\"19\" data-index-in-node=\"41\">dilluns 7 de setembre, exactament a les 9:00 h del mat\u00ed<\/b>, l&#8217;enlla\u00e7 d&#8217;acc\u00e9s (disponible <a href=\"https:\/\/aplicacions.gestioeducativa.gencat.cat\/ords\/pls\/apex\/f?p=20160079072543618:650:::NO:650:P650_CENTRE:950279C726C63CE2EFD962F0D041B848635704B7FEAD9EA0\">clicant aqu\u00ed<\/a>) estar\u00e0 actiu. Nom\u00e9s caldr\u00e0 que hi entris, introdueixis la teva informaci\u00f3 i guardis el teu n\u00famero assignat.<\/p>\n<p data-path-to-node=\"20\">El teu futur professional t&#8217;est\u00e0 esperant. Ens veiem molt aviat per les aules!<\/p>\n","protected":false},"excerpt":{"rendered":"<p>Encara queden places disponibles al nostre institut per al cicle de Grau Mitj\u00e0 de Gesti\u00f3 Administrativa, i volem que una d&#8217;elles sigui per a tu. Aquest any, l&#8217;assignaci\u00f3 de vacants es fa a trav\u00e9s de la nova cua virtual de la Generalitat de Catalunya, una eines en l\u00ednia molt senzilla per aconseguir el teu n\u00famero [&hellip;]<\/p>\n","protected":false},"author":3,"featured_media":10568,"comment_status":"open","ping_status":"open","sticky":false,"template":"","format":"standard","meta":{"_bbp_topic_count":0,"_bbp_reply_count":0,"_bbp_total_topic_count":0,"_bbp_total_reply_count":0,"_bbp_voice_count":0,"_bbp_anonymous_reply_count":0,"_bbp_topic_count_hidden":0,"_bbp_reply_count_hidden":0,"_bbp_forum_subforum_count":0,"site-sidebar-layout":"default","site-content-layout":"","ast-site-content-layout":"default","site-content-style":"default","site-sidebar-style":"default","ast-global-header-display":"","ast-banner-title-visibility":"","ast-main-header-display":"","ast-hfb-above-header-display":"","ast-hfb-below-header-display":"","ast-hfb-mobile-header-display":"","site-post-title":"","ast-breadcrumbs-content":"","ast-featured-img":"","footer-sml-layout":"","theme-transparent-header-meta":"default","adv-header-id-meta":"","stick-header-meta":"","header-above-stick-meta":"","header-main-stick-meta":"","header-below-stick-meta":"","astra-migrate-meta-layouts":"set","ast-page-background-enabled":"default","ast-page-background-meta":{"desktop":{"background-color":"var(--ast-global-color-4)","background-image":"","background-repeat":"repeat","background-position":"center center","background-size":"auto","background-attachment":"scroll","background-type":"","background-media":"","overlay-type":"","overlay-color":"","overlay-opacity":"","overlay-gradient":""},"tablet":{"background-color":"","background-image":"","background-repeat":"repeat","background-position":"center center","background-size":"auto","background-attachment":"scroll","background-type":"","background-media":"","overlay-type":"","overlay-color":"","overlay-opacity":"","overlay-gradient":""},"mobile":{"background-color":"","background-image":"","background-repeat":"repeat","background-position":"center center","background-size":"auto","background-attachment":"scroll","background-type":"","background-media":"","overlay-type":"","overlay-color":"","overlay-opacity":"","overlay-gradient":""}},"ast-content-background-meta":{"desktop":{"background-color":"var(--ast-global-color-5)","background-image":"","background-repeat":"repeat","background-position":"center center","background-size":"auto","background-attachment":"scroll","background-type":"","background-media":"","overlay-type":"","overlay-color":"","overlay-opacity":"","overlay-gradient":""},"tablet":{"background-color":"var(--ast-global-color-5)","background-image":"","background-repeat":"repeat","background-position":"center center","background-size":"auto","background-attachment":"scroll","background-type":"","background-media":"","overlay-type":"","overlay-color":"","overlay-opacity":"","overlay-gradient":""},"mobile":{"background-color":"var(--ast-global-color-5)","background-image":"","background-repeat":"repeat","background-position":"center center","background-size":"auto","background-attachment":"scroll","background-type":"","background-media":"","overlay-type":"","overlay-color":"","overlay-opacity":"","overlay-gradient":""}},"footnotes":""},"categories":[107,29],"tags":[],"class_list":["post-10567","post","type-post","status-publish","format-standard","has-post-thumbnail","hentry","category-cicle-formatiu","category-portada"],"post_mailing_queue_ids":[],"_links":{"self":[{"href":"https:\/\/agora.xtec.cat\/insramoncasas\/wp-json\/wp\/v2\/posts\/10567","targetHints":{"allow":["GET"]}}],"collection":[{"href":"https:\/\/agora.xtec.cat\/insramoncasas\/wp-json\/wp\/v2\/posts"}],"about":[{"href":"https:\/\/agora.xtec.cat\/insramoncasas\/wp-json\/wp\/v2\/types\/post"}],"author":[{"embeddable":true,"href":"https:\/\/agora.xtec.cat\/insramoncasas\/wp-json\/wp\/v2\/users\/3"}],"replies":[{"embeddable":true,"href":"https:\/\/agora.xtec.cat\/insramoncasas\/wp-json\/wp\/v2\/comments?post=10567"}],"version-history":[{"count":2,"href":"https:\/\/agora.xtec.cat\/insramoncasas\/wp-json\/wp\/v2\/posts\/10567\/revisions"}],"predecessor-version":[{"id":10570,"href":"https:\/\/agora.xtec.cat\/insramoncasas\/wp-json\/wp\/v2\/posts\/10567\/revisions\/10570"}],"wp:featuredmedia":[{"embeddable":true,"href":"https:\/\/agora.xtec.cat\/insramoncasas\/wp-json\/wp\/v2\/media\/10568"}],"wp:attachment":[{"href":"https:\/\/agora.xtec.cat\/insramoncasas\/wp-json\/wp\/v2\/media?parent=10567"}],"wp:term":[{"taxonomy":"category","embeddable":true,"href":"https:\/\/agora.xtec.cat\/insramoncasas\/wp-json\/wp\/v2\/categories?post=10567"},{"taxonomy":"post_tag","embeddable":true,"href":"https:\/\/agora.xtec.cat\/insramoncasas\/wp-json\/wp\/v2\/tags?post=10567"}],"curies":[{"name":"wp","href":"https:\/\/api.w.org\/{rel}","templated":true}]}}