{"id":10549,"date":"2026-08-31T10:22:24","date_gmt":"2026-08-31T08:22:24","guid":{"rendered":"https:\/\/agora.xtec.cat\/insramoncasas\/?p=10549"},"modified":"2026-08-31T10:25:16","modified_gmt":"2026-08-31T08:25:16","slug":"horari-inici-de-curs-8-setembre","status":"publish","type":"post","link":"https:\/\/agora.xtec.cat\/insramoncasas\/portada\/horari-inici-de-curs-8-setembre\/","title":{"rendered":"Horari inici de curs (8 setembre)"},"content":{"rendered":"<p style=\"font-weight: 400;\">Benvolgudes fam\u00edlies,<\/p>\n<p style=\"font-weight: 400;\">Tot seguit us facilitem la informaci\u00f3 m\u00e9s rellevant per comen\u00e7ar el curs\u00a0<strong>2026-2027<\/strong>\u00a0amb la m\u00e0xima claredat.<\/p>\n<h4 style=\"font-weight: 400;\"><strong>\u00a0Horari del primer dia de curs (8 de setembre)<\/strong><\/h4>\n<p style=\"font-weight: 400;\">Les presentacions es faran al\u00a0<strong>SUM<\/strong>\u00a0i continuaran a les aules amb els tutors i tutores.<\/p>\n<table style=\"font-weight: 400;\">\n<thead>\n<tr>\n<td><strong>Ensenyament<\/strong><\/td>\n<td><strong>Horari<\/strong><\/td>\n<\/tr>\n<\/thead>\n<tbody>\n<tr>\n<td><strong>2n Batxillerat<\/strong><\/td>\n<td><strong>8.00 &#8211; 10.00 h<\/strong>\u00a0\u00b7 Presentaci\u00f3 (SUM + tutoria).<\/p>\n<p><strong>10.00 &#8211; 14.30 h<\/strong> \u00b7 Inici de les classes ordin\u00e0ries.<\/td>\n<\/tr>\n<tr>\n<td><strong>1r i 2n CFGM<\/strong><\/td>\n<td><strong>8.30 &#8211; 11.00 h<\/strong>\u00a0\u00b7 Presentaci\u00f3 (SUM + tutoria).<\/p>\n<p><strong>11.30 &#8211; 14.30 h<\/strong>\u00a0\u00b7 Inici de les classes ordin\u00e0ries.<\/td>\n<\/tr>\n<tr>\n<td><strong>1r Batxillerat<\/strong><\/td>\n<td><strong>9.00 &#8211; 11.00 h<\/strong>\u00a0\u00b7 Presentaci\u00f3 (SUM + tutoria).<\/p>\n<p><strong>11.30 &#8211; 14.30 h<\/strong>\u00a0\u00b7 Inici de les classes ordin\u00e0ries.<\/td>\n<\/tr>\n<tr>\n<td><strong>1r ESO<\/strong><\/td>\n<td><strong>9.30 &#8211; 11.30 h<\/strong>\u00a0\u00b7 Presentaci\u00f3 (SUM + tutoria).<\/td>\n<\/tr>\n<tr>\n<td><strong>2n ESO<\/strong><\/td>\n<td><strong>10.15 &#8211; 12.15 h<\/strong>\u00a0\u00b7 Presentaci\u00f3 (SUM + tutoria).<\/td>\n<\/tr>\n<tr>\n<td><strong>3r ESO<\/strong><\/td>\n<td><strong>11.00 &#8211; 13.00 h<\/strong>\u00a0\u00b7 Presentaci\u00f3 (SUM + tutoria).<\/td>\n<\/tr>\n<tr>\n<td><strong>4t ESO<\/strong><\/td>\n<td><strong>11.45 &#8211; 13.45 h<\/strong>\u00a0\u00b7 Presentaci\u00f3 (SUM + tutoria).<\/td>\n<\/tr>\n<\/tbody>\n<\/table>\n<blockquote><p>*Us fem saber que, a causa de la vaga de l&#8217;\u00e0mbit educatiu convocada pels sindicats docents per al proper dia 8, no \u00e9s possible garantir l&#8217;inici de les classes amb normalitat durant aquesta jornada.<\/p><\/blockquote>\n<p><img loading=\"lazy\" decoding=\"async\" class=\"aligncenter size-large wp-image-10552\" src=\"https:\/\/agora.xtec.cat\/insramoncasas\/wp-content\/uploads\/usu1921\/2026\/08\/primer-dia-curs-1024x559.png\" alt=\"\" width=\"1024\" height=\"559\" srcset=\"https:\/\/agora.xtec.cat\/insramoncasas\/wp-content\/uploads\/usu1921\/2026\/08\/primer-dia-curs-1024x559.png 1024w, https:\/\/agora.xtec.cat\/insramoncasas\/wp-content\/uploads\/usu1921\/2026\/08\/primer-dia-curs-300x164.png 300w, https:\/\/agora.xtec.cat\/insramoncasas\/wp-content\/uploads\/usu1921\/2026\/08\/primer-dia-curs-768x419.png 768w, https:\/\/agora.xtec.cat\/insramoncasas\/wp-content\/uploads\/usu1921\/2026\/08\/primer-dia-curs.png 1408w\" sizes=\"auto, (max-width: 1024px) 100vw, 1024px\" \/><\/p>\n<h4><\/h4>\n<h4 style=\"font-weight: 400;\"><strong>Calendari escolar 2026-2027<\/strong><\/h4>\n<ul style=\"font-weight: 400;\">\n<li><strong>Inici del curs:\u00a0<\/strong>8 de setembre de 2026 ESO \/ Batx\/ cicles\/ PFI<\/li>\n<li><strong>Dies de lliure disposici\u00f3 (aprovats pel Consell Escolar):<\/strong>\n<ul>\n<li>2 de novembre, 7 de desembre, 8 de febrer, 30 d\u2019abril, 18 de maig.<\/li>\n<\/ul>\n<\/li>\n<li><strong>Festiu local:\u00a0<\/strong>17 de maig<\/li>\n<li><strong>Nadal:\u00a0<\/strong>Del 22 de desembre del 2026 al 7 de gener del 2027 (ambd\u00f3s inclosos)<\/li>\n<li><strong>Setmana Santa:\u00a0<\/strong>del 20 al 29 de mar\u00e7 de 2027<\/li>\n<li><strong>Jornada intensiva:\u00a0<\/strong>Del 7 al 21 de juny (horari redu\u00eft) De 8 a 13:30h<\/li>\n<li><strong>Jornades Singulars<\/strong>\n<ul>\n<li>30\/10: CASTANYADA<\/li>\n<li>21\/12: NADAL<\/li>\n<li>05\/02: CARNESTOLTES<\/li>\n<li>23\/04: SANT JORDI<\/li>\n<\/ul>\n<\/li>\n<li><strong>Final del curs: 21 de juny de 2027<\/strong><\/li>\n<\/ul>\n<h4 style=\"font-weight: 400;\"><strong>\u00a0<a href=\"https:\/\/docs.google.com\/spreadsheets\/d\/1wrRU7uVE1b6ZZ9eU7-YplvhuoNe_8PXz4dsGzitTvko\/edit?usp=drive_link\" data-saferedirecturl=\"https:\/\/www.google.com\/url?q=https:\/\/docs.google.com\/spreadsheets\/d\/1wrRU7uVE1b6ZZ9eU7-YplvhuoNe_8PXz4dsGzitTvko\/edit?usp%3Ddrive_link&amp;source=gmail&amp;ust=1788248157381000&amp;usg=AOvVaw17h64pi9kpIPpHxdrVRtMM\">Calendari de les fam\u00edlies<\/a><\/strong><\/h4>\n<p style=\"font-weight: 400;\">Per facilitar l&#8217;organitzaci\u00f3 familiar, posem a la vostra disposici\u00f3 el\u00a0<a href=\"https:\/\/docs.google.com\/spreadsheets\/d\/1wrRU7uVE1b6ZZ9eU7-YplvhuoNe_8PXz4dsGzitTvko\/edit?gid=1119742791#gid=1119742791\"><strong>Calendari de les Fam\u00edlies<\/strong><\/a>, on trobareu les principals dates del curs: reunions d&#8217;inici de curs, avaluacions, per\u00edodes de vacances, jornades singulars i altres activitats rellevants. Aquest calendari s&#8217;anir\u00e0 actulaitzant\u00a0durant el curs i pot patir modificacions.<\/p>\n<h4 style=\"font-weight: 400;\"><strong><a href=\"https:\/\/agora.xtec.cat\/insramoncasas\/portada\/llibres-de-text-curs-2026-2027\/\" data-saferedirecturl=\"https:\/\/www.google.com\/url?q=https:\/\/agora.xtec.cat\/insramoncasas\/portada\/llibres-de-text-curs-2026-2027\/&amp;source=gmail&amp;ust=1788248157381000&amp;usg=AOvVaw1GDA9VV1R00nE6OcZn3t7E\">Materials escolars<\/a><\/strong><\/h4>\n<p style=\"font-weight: 400;\">Al web de l&#8217;institut ja podeu consultar els\u00a0<strong>llistats de materials i llibres<\/strong>\u00a0corresponents al curs 2026-2027, aix\u00ed com la resta d&#8217;informacions d&#8217;inter\u00e8s per preparar l&#8217;inici de curs.<\/p>\n<h4 style=\"font-weight: 400;\"><strong>\u00a0\u00das dels dispositius m\u00f2bils<\/strong><\/h4>\n<p style=\"font-weight: 400;\">Es mantindr\u00e0 la normativa vigent del Departament d&#8217;Educaci\u00f3 i Formaci\u00f3 Professional sobre l&#8217;\u00fas dels dispositius m\u00f2bils als centres educatius.<\/p>\n<p style=\"font-weight: 400;\">Durant els primers dies de curs recordarem a l&#8217;alumnat i a les fam\u00edlies les normes espec\u00edfiques d&#8217;aplicaci\u00f3 a l&#8217;Institut Ramon Casas i Carb\u00f3.<\/p>\n<p style=\"font-weight: 400;\">Rebeu una cordial salutaci\u00f3.<\/p>\n<p>Equip Directiu<\/p>\n","protected":false},"excerpt":{"rendered":"<p>Benvolgudes fam\u00edlies, Tot seguit us facilitem la informaci\u00f3 m\u00e9s rellevant per comen\u00e7ar el curs\u00a02026-2027\u00a0amb la m\u00e0xima claredat. \u00a0Horari del primer dia de curs (8 de setembre) Les presentacions es faran al\u00a0SUM\u00a0i continuaran a les aules amb els tutors i tutores. Ensenyament Horari 2n Batxillerat 8.00 &#8211; 10.00 h\u00a0\u00b7 Presentaci\u00f3 (SUM + tutoria). 10.00 &#8211; 14.30 [&hellip;]<\/p>\n","protected":false},"author":3,"featured_media":10550,"comment_status":"open","ping_status":"open","sticky":false,"template":"","format":"standard","meta":{"_bbp_topic_count":0,"_bbp_reply_count":0,"_bbp_total_topic_count":0,"_bbp_total_reply_count":0,"_bbp_voice_count":0,"_bbp_anonymous_reply_count":0,"_bbp_topic_count_hidden":0,"_bbp_reply_count_hidden":0,"_bbp_forum_subforum_count":0,"site-sidebar-layout":"default","site-content-layout":"","ast-site-content-layout":"default","site-content-style":"default","site-sidebar-style":"default","ast-global-header-display":"","ast-banner-title-visibility":"","ast-main-header-display":"","ast-hfb-above-header-display":"","ast-hfb-below-header-display":"","ast-hfb-mobile-header-display":"","site-post-title":"","ast-breadcrumbs-content":"","ast-featured-img":"","footer-sml-layout":"","theme-transparent-header-meta":"default","adv-header-id-meta":"","stick-header-meta":"","header-above-stick-meta":"","header-main-stick-meta":"","header-below-stick-meta":"","astra-migrate-meta-layouts":"set","ast-page-background-enabled":"default","ast-page-background-meta":{"desktop":{"background-color":"var(--ast-global-color-4)","background-image":"","background-repeat":"repeat","background-position":"center center","background-size":"auto","background-attachment":"scroll","background-type":"","background-media":"","overlay-type":"","overlay-color":"","overlay-opacity":"","overlay-gradient":""},"tablet":{"background-color":"","background-image":"","background-repeat":"repeat","background-position":"center center","background-size":"auto","background-attachment":"scroll","background-type":"","background-media":"","overlay-type":"","overlay-color":"","overlay-opacity":"","overlay-gradient":""},"mobile":{"background-color":"","background-image":"","background-repeat":"repeat","background-position":"center center","background-size":"auto","background-attachment":"scroll","background-type":"","background-media":"","overlay-type":"","overlay-color":"","overlay-opacity":"","overlay-gradient":""}},"ast-content-background-meta":{"desktop":{"background-color":"var(--ast-global-color-5)","background-image":"","background-repeat":"repeat","background-position":"center center","background-size":"auto","background-attachment":"scroll","background-type":"","background-media":"","overlay-type":"","overlay-color":"","overlay-opacity":"","overlay-gradient":""},"tablet":{"background-color":"var(--ast-global-color-5)","background-image":"","background-repeat":"repeat","background-position":"center center","background-size":"auto","background-attachment":"scroll","background-type":"","background-media":"","overlay-type":"","overlay-color":"","overlay-opacity":"","overlay-gradient":""},"mobile":{"background-color":"var(--ast-global-color-5)","background-image":"","background-repeat":"repeat","background-position":"center center","background-size":"auto","background-attachment":"scroll","background-type":"","background-media":"","overlay-type":"","overlay-color":"","overlay-opacity":"","overlay-gradient":""}},"footnotes":""},"categories":[123,29],"tags":[],"class_list":["post-10549","post","type-post","status-publish","format-standard","has-post-thumbnail","hentry","category-funcionament-de-centre","category-portada"],"post_mailing_queue_ids":[],"_links":{"self":[{"href":"https:\/\/agora.xtec.cat\/insramoncasas\/wp-json\/wp\/v2\/posts\/10549","targetHints":{"allow":["GET"]}}],"collection":[{"href":"https:\/\/agora.xtec.cat\/insramoncasas\/wp-json\/wp\/v2\/posts"}],"about":[{"href":"https:\/\/agora.xtec.cat\/insramoncasas\/wp-json\/wp\/v2\/types\/post"}],"author":[{"embeddable":true,"href":"https:\/\/agora.xtec.cat\/insramoncasas\/wp-json\/wp\/v2\/users\/3"}],"replies":[{"embeddable":true,"href":"https:\/\/agora.xtec.cat\/insramoncasas\/wp-json\/wp\/v2\/comments?post=10549"}],"version-history":[{"count":2,"href":"https:\/\/agora.xtec.cat\/insramoncasas\/wp-json\/wp\/v2\/posts\/10549\/revisions"}],"predecessor-version":[{"id":10553,"href":"https:\/\/agora.xtec.cat\/insramoncasas\/wp-json\/wp\/v2\/posts\/10549\/revisions\/10553"}],"wp:featuredmedia":[{"embeddable":true,"href":"https:\/\/agora.xtec.cat\/insramoncasas\/wp-json\/wp\/v2\/media\/10550"}],"wp:attachment":[{"href":"https:\/\/agora.xtec.cat\/insramoncasas\/wp-json\/wp\/v2\/media?parent=10549"}],"wp:term":[{"taxonomy":"category","embeddable":true,"href":"https:\/\/agora.xtec.cat\/insramoncasas\/wp-json\/wp\/v2\/categories?post=10549"},{"taxonomy":"post_tag","embeddable":true,"href":"https:\/\/agora.xtec.cat\/insramoncasas\/wp-json\/wp\/v2\/tags?post=10549"}],"curies":[{"name":"wp","href":"https:\/\/api.w.org\/{rel}","templated":true}]}}