{"id":10349,"date":"2026-04-13T10:46:54","date_gmt":"2026-04-13T08:46:54","guid":{"rendered":"https:\/\/agora.xtec.cat\/insramoncasas\/?p=10349"},"modified":"2026-04-13T10:46:54","modified_gmt":"2026-04-13T08:46:54","slug":"oberta-la-convocatoria-de-beques-mec-2026-2027-tot-el-que-necessites-saber","status":"publish","type":"post","link":"https:\/\/agora.xtec.cat\/insramoncasas\/portada\/oberta-la-convocatoria-de-beques-mec-2026-2027-tot-el-que-necessites-saber\/","title":{"rendered":"Oberta la convocat\u00f2ria de Beques MEC 2026-2027: Tot el que necessites saber!"},"content":{"rendered":"<p id=\"p-rc_0627f53d4b9627d2-39\" data-path-to-node=\"4\"><span data-path-to-node=\"4,0\">Hola fam\u00edlies i alumnes! <\/span><span data-path-to-node=\"4,2\"><span class=\"citation-41\">Ja ha sortit la convocat\u00f2ria de les <\/span><b data-path-to-node=\"4,2\" data-index-in-node=\"36\"><span class=\"citation-41\">beques de car\u00e0cter general<\/span><\/b><span class=\"citation-41\"> del Ministeri d\u2019Educaci\u00f3 per al curs que ve<\/span><\/span><span data-path-to-node=\"4,4\">. Si teniu pensat continuar estudiant despr\u00e9s de l&#8217;ESO, aquesta informaci\u00f3 us interessa.<\/span><\/p>\n<p id=\"p-rc_0627f53d4b9627d2-40\" data-path-to-node=\"5\"><span data-path-to-node=\"5,0\"><b data-path-to-node=\"5,0\" data-index-in-node=\"0\">Qui la pot demanar?<\/b> <\/span><span data-path-to-node=\"5,2\"><span class=\"citation-40\">Tots aquells alumnes que el curs 2026-2027 cursaran estudis postobligatoris, com ara<\/span><\/span><span data-path-to-node=\"5,4\">:<\/span><\/p>\n<ul data-path-to-node=\"6\">\n<li>\n<p id=\"p-rc_0627f53d4b9627d2-41\" data-path-to-node=\"6,0,1\"><span data-path-to-node=\"6,0,1,0\"><b data-path-to-node=\"6,0,1,0\" data-index-in-node=\"0\"><span class=\"citation-39\">Batxillerat<\/span><\/b><\/span><span data-path-to-node=\"6,0,1,2\">.<\/span><\/p>\n<\/li>\n<li>\n<p id=\"p-rc_0627f53d4b9627d2-42\" data-path-to-node=\"6,1,1\"><span data-path-to-node=\"6,1,1,0\"><b data-path-to-node=\"6,1,1,0\" data-index-in-node=\"0\"><span class=\"citation-38\">Cicles Formatius<\/span><\/b><span class=\"citation-38\"> de Grau Mitj\u00e0 i Grau Superior<\/span><\/span><span data-path-to-node=\"6,1,1,2\">.<\/span><\/p>\n<\/li>\n<li>\n<p id=\"p-rc_0627f53d4b9627d2-43\" data-path-to-node=\"6,2,1\"><span data-path-to-node=\"6,2,1,0\"><b data-path-to-node=\"6,2,1,0\" data-index-in-node=\"0\"><span class=\"citation-37\">FP B\u00e0sica<\/span><\/b><\/span><span data-path-to-node=\"6,2,1,2\">.<\/span><\/p>\n<\/li>\n<li>\n<p id=\"p-rc_0627f53d4b9627d2-44\" data-path-to-node=\"6,3,1\"><span data-path-to-node=\"6,3,1,0\"><b data-path-to-node=\"6,3,1,0\" data-index-in-node=\"0\"><span class=\"citation-36\">Estudis Universitaris<\/span><\/b><span class=\"citation-36\"> i Art\u00edstics Superiors<\/span><\/span><span data-path-to-node=\"6,3,1,2\">.<\/span><\/p>\n<\/li>\n<\/ul>\n<p id=\"p-rc_0627f53d4b9627d2-45\" data-path-to-node=\"7\"><span data-path-to-node=\"7,0\"><b data-path-to-node=\"7,0\" data-index-in-node=\"0\">Quins ajuts es poden rebre?<\/b> <\/span><span data-path-to-node=\"7,2\"><span class=\"citation-35\">Depenent de la vostra situaci\u00f3 econ\u00f2mica i personal, la beca pot incloure<\/span><\/span><span data-path-to-node=\"7,4\">:<\/span><\/p>\n<ul data-path-to-node=\"8\">\n<li>\n<p id=\"p-rc_0627f53d4b9627d2-46\" data-path-to-node=\"8,0,1\"><span data-path-to-node=\"8,0,1,0\"><b data-path-to-node=\"8,0,1,0\" data-index-in-node=\"0\"><span class=\"citation-34\">Beca de matr\u00edcula:<\/span><\/b><span class=\"citation-34\"> Et cobreix el cost de la universitat<\/span><\/span><span data-path-to-node=\"8,0,1,2\">.<\/span><\/p>\n<\/li>\n<li>\n<p id=\"p-rc_0627f53d4b9627d2-47\" data-path-to-node=\"8,1,1\"><span data-path-to-node=\"8,1,1,0\"><b data-path-to-node=\"8,1,1,0\" data-index-in-node=\"0\"><span class=\"citation-33\">Quantia fixa per renda:<\/span><\/b><span class=\"citation-33\"> 1.700 \u20ac si compleixes els llindars econ\u00f2mics<\/span><\/span><span data-path-to-node=\"8,1,1,2\">.<\/span><\/p>\n<\/li>\n<li>\n<p id=\"p-rc_0627f53d4b9627d2-48\" data-path-to-node=\"8,2,1\"><span data-path-to-node=\"8,2,1,0\"><b data-path-to-node=\"8,2,1,0\" data-index-in-node=\"0\"><span class=\"citation-32\">Quantia fixa per resid\u00e8ncia:<\/span><\/b><span class=\"citation-32\"> 2.700 \u20ac si has de viure fora de casa per estudiar<\/span><\/span><span data-path-to-node=\"8,2,1,2\">.<\/span><\/p>\n<\/li>\n<li>\n<p id=\"p-rc_0627f53d4b9627d2-49\" data-path-to-node=\"8,3,1\"><span data-path-to-node=\"8,3,1,0\"><b data-path-to-node=\"8,3,1,0\" data-index-in-node=\"0\"><span class=\"citation-31\">Beca b\u00e0sica:<\/span><\/b><span class=\"citation-31\"> 300 \u20ac (o 350 \u20ac si fas FP B\u00e0sica)<\/span><\/span><span data-path-to-node=\"8,3,1,2\">.<\/span><\/p>\n<\/li>\n<li>\n<p id=\"p-rc_0627f53d4b9627d2-50\" data-path-to-node=\"8,4,1\"><span data-path-to-node=\"8,4,1,0\"><b data-path-to-node=\"8,4,1,0\" data-index-in-node=\"0\"><span class=\"citation-30\">Bonus per excel\u00b7l\u00e8ncia:<\/span><\/b><span class=\"citation-30\"> Entre 50 \u20ac i 125 \u20ac si vas treure molt bones notes el curs passat (nota mitjana de 8 o m\u00e9s)<\/span><\/span><span data-path-to-node=\"8,4,1,2\">.<\/span><\/p>\n<\/li>\n<\/ul>\n<p data-path-to-node=\"9\"><b data-path-to-node=\"9\" data-index-in-node=\"0\">Dates clau (Molt important!)<\/b> \u23f3<\/p>\n<p data-path-to-node=\"9\">No ho deixis per a l&#8217;\u00faltim dia! El termini de presentaci\u00f3 \u00e9s:<\/p>\n<ul data-path-to-node=\"10\">\n<li>\n<p id=\"p-rc_0627f53d4b9627d2-51\" data-path-to-node=\"10,0,1\"><span data-path-to-node=\"10,0,1,0\"><b data-path-to-node=\"10,0,1,0\" data-index-in-node=\"0\"><span class=\"citation-29\">Inici:<\/span><\/b><span class=\"citation-29\"> 7 d&#8217;abril de 2026 a les 08:00 h<\/span><\/span><span data-path-to-node=\"10,0,1,2\">.<\/span><\/p>\n<\/li>\n<li>\n<p id=\"p-rc_0627f53d4b9627d2-52\" data-path-to-node=\"10,1,1\"><span data-path-to-node=\"10,1,1,0\"><b data-path-to-node=\"10,1,1,0\" data-index-in-node=\"0\"><span class=\"citation-28\">Final:<\/span><\/b><span class=\"citation-28\"> 18 de maig de 2026 a les 15:00 h<\/span><\/span><span data-path-to-node=\"10,1,1,2\">.<\/span><\/p>\n<\/li>\n<\/ul>\n<p id=\"p-rc_0627f53d4b9627d2-53\" data-path-to-node=\"12\"><span data-path-to-node=\"12,0\"><b data-path-to-node=\"12,0\" data-index-in-node=\"0\"><span class=\"citation-27\">Recordeu:<\/span><\/b><span class=\"citation-27\"> S&#8217;ha de demanar sempre per internet a trav\u00e9s de la <a href=\"https:\/\/www.educacionfpydeportes.gob.es\/servicios-al-ciudadano\/catalogo\/general\/05\/050130\/ficha\/050130-2026.html\">seu electr\u00f2nica del Ministeri<\/a>, encara que no sapigueu segur qu\u00e8 estudiareu o on us matriculareu<\/span><\/span><span data-path-to-node=\"12,2\">.<\/span><\/p>\n","protected":false},"excerpt":{"rendered":"<p>Hola fam\u00edlies i alumnes! Ja ha sortit la convocat\u00f2ria de les beques de car\u00e0cter general del Ministeri d\u2019Educaci\u00f3 per al curs que ve. Si teniu pensat continuar estudiant despr\u00e9s de l&#8217;ESO, aquesta informaci\u00f3 us interessa. Qui la pot demanar? Tots aquells alumnes que el curs 2026-2027 cursaran estudis postobligatoris, com ara: Batxillerat. Cicles Formatius de [&hellip;]<\/p>\n","protected":false},"author":3,"featured_media":10350,"comment_status":"open","ping_status":"open","sticky":false,"template":"","format":"standard","meta":{"_bbp_topic_count":0,"_bbp_reply_count":0,"_bbp_total_topic_count":0,"_bbp_total_reply_count":0,"_bbp_voice_count":0,"_bbp_anonymous_reply_count":0,"_bbp_topic_count_hidden":0,"_bbp_reply_count_hidden":0,"_bbp_forum_subforum_count":0,"site-sidebar-layout":"default","site-content-layout":"","ast-site-content-layout":"default","site-content-style":"default","site-sidebar-style":"default","ast-global-header-display":"","ast-banner-title-visibility":"","ast-main-header-display":"","ast-hfb-above-header-display":"","ast-hfb-below-header-display":"","ast-hfb-mobile-header-display":"","site-post-title":"","ast-breadcrumbs-content":"","ast-featured-img":"","footer-sml-layout":"","theme-transparent-header-meta":"default","adv-header-id-meta":"","stick-header-meta":"","header-above-stick-meta":"","header-main-stick-meta":"","header-below-stick-meta":"","astra-migrate-meta-layouts":"set","ast-page-background-enabled":"default","ast-page-background-meta":{"desktop":{"background-color":"var(--ast-global-color-4)","background-image":"","background-repeat":"repeat","background-position":"center center","background-size":"auto","background-attachment":"scroll","background-type":"","background-media":"","overlay-type":"","overlay-color":"","overlay-opacity":"","overlay-gradient":""},"tablet":{"background-color":"","background-image":"","background-repeat":"repeat","background-position":"center center","background-size":"auto","background-attachment":"scroll","background-type":"","background-media":"","overlay-type":"","overlay-color":"","overlay-opacity":"","overlay-gradient":""},"mobile":{"background-color":"","background-image":"","background-repeat":"repeat","background-position":"center center","background-size":"auto","background-attachment":"scroll","background-type":"","background-media":"","overlay-type":"","overlay-color":"","overlay-opacity":"","overlay-gradient":""}},"ast-content-background-meta":{"desktop":{"background-color":"var(--ast-global-color-5)","background-image":"","background-repeat":"repeat","background-position":"center center","background-size":"auto","background-attachment":"scroll","background-type":"","background-media":"","overlay-type":"","overlay-color":"","overlay-opacity":"","overlay-gradient":""},"tablet":{"background-color":"var(--ast-global-color-5)","background-image":"","background-repeat":"repeat","background-position":"center center","background-size":"auto","background-attachment":"scroll","background-type":"","background-media":"","overlay-type":"","overlay-color":"","overlay-opacity":"","overlay-gradient":""},"mobile":{"background-color":"var(--ast-global-color-5)","background-image":"","background-repeat":"repeat","background-position":"center center","background-size":"auto","background-attachment":"scroll","background-type":"","background-media":"","overlay-type":"","overlay-color":"","overlay-opacity":"","overlay-gradient":""}},"footnotes":""},"categories":[29],"tags":[176,177],"class_list":["post-10349","post","type-post","status-publish","format-standard","has-post-thumbnail","hentry","category-portada","tag-beca","tag-postobligatoria"],"post_mailing_queue_ids":[],"_links":{"self":[{"href":"https:\/\/agora.xtec.cat\/insramoncasas\/wp-json\/wp\/v2\/posts\/10349","targetHints":{"allow":["GET"]}}],"collection":[{"href":"https:\/\/agora.xtec.cat\/insramoncasas\/wp-json\/wp\/v2\/posts"}],"about":[{"href":"https:\/\/agora.xtec.cat\/insramoncasas\/wp-json\/wp\/v2\/types\/post"}],"author":[{"embeddable":true,"href":"https:\/\/agora.xtec.cat\/insramoncasas\/wp-json\/wp\/v2\/users\/3"}],"replies":[{"embeddable":true,"href":"https:\/\/agora.xtec.cat\/insramoncasas\/wp-json\/wp\/v2\/comments?post=10349"}],"version-history":[{"count":1,"href":"https:\/\/agora.xtec.cat\/insramoncasas\/wp-json\/wp\/v2\/posts\/10349\/revisions"}],"predecessor-version":[{"id":10351,"href":"https:\/\/agora.xtec.cat\/insramoncasas\/wp-json\/wp\/v2\/posts\/10349\/revisions\/10351"}],"wp:featuredmedia":[{"embeddable":true,"href":"https:\/\/agora.xtec.cat\/insramoncasas\/wp-json\/wp\/v2\/media\/10350"}],"wp:attachment":[{"href":"https:\/\/agora.xtec.cat\/insramoncasas\/wp-json\/wp\/v2\/media?parent=10349"}],"wp:term":[{"taxonomy":"category","embeddable":true,"href":"https:\/\/agora.xtec.cat\/insramoncasas\/wp-json\/wp\/v2\/categories?post=10349"},{"taxonomy":"post_tag","embeddable":true,"href":"https:\/\/agora.xtec.cat\/insramoncasas\/wp-json\/wp\/v2\/tags?post=10349"}],"curies":[{"name":"wp","href":"https:\/\/api.w.org\/{rel}","templated":true}]}}