{"id":10346,"date":"2026-04-10T12:35:02","date_gmt":"2026-04-10T10:35:02","guid":{"rendered":"https:\/\/agora.xtec.cat\/insramoncasas\/?p=10346"},"modified":"2026-04-10T12:35:02","modified_gmt":"2026-04-10T10:35:02","slug":"el-claustre-de-linstitut-ramon-casas-i-carbo-sadhereix-al-manifest-aturem-les-sortides","status":"publish","type":"post","link":"https:\/\/agora.xtec.cat\/insramoncasas\/portada\/el-claustre-de-linstitut-ramon-casas-i-carbo-sadhereix-al-manifest-aturem-les-sortides\/","title":{"rendered":"El claustre de l\u2019Institut Ramon Casas i Carb\u00f3 s\u2019adhereix al manifest &#8220;Aturem les sortides&#8221;"},"content":{"rendered":"<p data-path-to-node=\"3\">Us informem que el claustre de professors i professores del nostre centre, reunit en sessi\u00f3 extraordin\u00e0ria el passat 8 d&#8217;abril de 2026, ha decidit per <b data-path-to-node=\"3\" data-index-in-node=\"123\">majoria absoluta<\/b> (amb el suport de la totalitat dels presents excepte dues abstencions) adherir-se al manifest <b data-path-to-node=\"3\" data-index-in-node=\"234\">&#8220;Aturem les sortides i les col\u00f2nies&#8221;<\/b>.<\/p>\n<p data-path-to-node=\"4\">Amb aquesta decisi\u00f3, el professorat de l&#8217;Institut se suma a la iniciativa de diversos centres educatius de Catalunya de <b data-path-to-node=\"4\" data-index-in-node=\"120\">no realitzar sortides escolars ni col\u00f2nies a partir del curs 2026-2027<\/b>.<\/p>\n<p data-path-to-node=\"5\">Aquesta mesura vol posar en relleu la necessitat urgent de <strong>millores estructurals en el sistema educatiu p\u00fablic, la reducci\u00f3 de la burocr\u00e0cia i el reconeixement de la responsabilitat que assumeixen els docents en aquestes activitats<\/strong>. Des del centre, refermem el nostre comprom\u00eds amb l&#8217;educaci\u00f3 de qualitat i entenem aquesta acci\u00f3 com un exercici de responsabilitat per garantir la dignitat de la professi\u00f3 i del servei p\u00fablic.<\/p>\n<p data-path-to-node=\"6\">A continuaci\u00f3, reprodu\u00efm el text \u00edntegre del manifest aprovat:<\/p>\n<hr data-path-to-node=\"7\" \/>\n<h3 data-path-to-node=\"8\"><b data-path-to-node=\"8\" data-index-in-node=\"0\">MANIFEST: ATUREM LES SORTIDES I LES COL\u00d2NIES<\/b><\/h3>\n<p data-path-to-node=\"9\"><b data-path-to-node=\"9\" data-index-in-node=\"0\">Per una educaci\u00f3 p\u00fablica digna i de qualitat<\/b><\/p>\n<p data-path-to-node=\"10\">Els docents dels centres educatius de Catalunya sotasignats anunciem que, a partir del curs 2026-2027, deixarem de realitzar sortides escolars i\/o col\u00f2nies (pernoctacions) fins que el Departament d\u2019Educaci\u00f3 implementi millores reals, estructurals i efectives al sistema educatiu p\u00fablic.<\/p>\n<p data-path-to-node=\"11\">Aquesta decisi\u00f3 no \u00e9s una ren\u00fancia. No abandonem la nostra vocaci\u00f3 ni el valor pedag\u00f2gic d\u2019aquestes activitats. Al contrari: defensem l\u2019educaci\u00f3 p\u00fablica amb la fermesa que la situaci\u00f3 exigeix. \u00c9s una mesura de pressi\u00f3 leg\u00edtima davant una realitat que fa massa anys que arrosseguem i que ha esdevingut insostenible.<\/p>\n<p data-path-to-node=\"12\"><b data-path-to-node=\"12\" data-index-in-node=\"0\">Per qu\u00e8 diem prou?<\/b> Les sortides i pernoctacions impliquen:<\/p>\n<ul data-path-to-node=\"13\">\n<li>\n<p data-path-to-node=\"13,0,0\">Una responsabilitat civil i penal directa sobre l\u2019alumnat.<\/p>\n<\/li>\n<li>\n<p data-path-to-node=\"13,1,0\">Disponibilitat absoluta fora de l\u2019horari laboral.<\/p>\n<\/li>\n<li>\n<p data-path-to-node=\"13,2,0\">Hores extres no reconegudes ni remunerades.<\/p>\n<\/li>\n<li>\n<p data-path-to-node=\"13,3,0\">Una sobrec\u00e0rrega afegida a una jornada ja saturada de burocr\u00e0cia i tasques administratives.<\/p>\n<\/li>\n<\/ul>\n<p data-path-to-node=\"14\">Se\u2019ns exigeix cada cop m\u00e9s, amb menys recursos i menys suport. No podem continuar assumint responsabilitats extraordin\u00e0ries sense condicions laborals dignes. A m\u00e9s, l\u2019aturada tindr\u00e0 un impacte real en els sectors que mobilitzen aquestes activitats, una mesura necess\u00e0ria per for\u00e7ar una negociaci\u00f3 que fa massa temps que s\u2019ajorna.<\/p>\n<p data-path-to-node=\"15\"><b data-path-to-node=\"15\" data-index-in-node=\"0\">Qu\u00e8 exigim?<\/b> Exigim condicions m\u00ednimes per garantir una educaci\u00f3 p\u00fablica de qualitat:<\/p>\n<ol start=\"1\" data-path-to-node=\"16\">\n<li>\n<p data-path-to-node=\"16,0,0\"><b data-path-to-node=\"16,0,0\" data-index-in-node=\"0\">Recuperaci\u00f3 del poder adquisitiu<\/b> i salaris dignes.<\/p>\n<\/li>\n<li>\n<p data-path-to-node=\"16,1,0\"><b data-path-to-node=\"16,1,0\" data-index-in-node=\"0\">M\u00e9s recursos humans i materials<\/b>, especialment per garantir una inclusi\u00f3 real i efectiva (professionals de suport, atenci\u00f3 a la diversitat, orientaci\u00f3, millora de les condicions del PAE i recursos espec\u00edfics).<\/p>\n<\/li>\n<li>\n<p data-path-to-node=\"16,2,0\"><b data-path-to-node=\"16,2,0\" data-index-in-node=\"0\">Reducci\u00f3 dr\u00e0stica de la burocr\u00e0cia<\/b> que ens allunya de la nostra tasca essencial: educar.<\/p>\n<\/li>\n<li>\n<p data-path-to-node=\"16,3,0\"><b data-path-to-node=\"16,3,0\" data-index-in-node=\"0\">Baixada de r\u00e0tios<\/b> per assegurar una atenci\u00f3 adequada i personalitzada a l\u2019alumnat.<\/p>\n<\/li>\n<\/ol>\n<p data-path-to-node=\"17\"><b data-path-to-node=\"17\" data-index-in-node=\"0\">La nostra lluita \u00e9s per l\u2019educaci\u00f3 p\u00fablica<\/b> Aquesta acci\u00f3 no \u00e9s contra l\u2019alumnat ni contra les fam\u00edlies. \u00c9s per ells. Defensem una educaci\u00f3 p\u00fablica equitativa, inclusiva i de qualitat. Per\u00f2 la qualitat no es pot sostenir nom\u00e9s amb la voluntat i el sobreesfor\u00e7 del professorat. No podem continuar normalitzant la precaritzaci\u00f3 del sistema educatiu.<\/p>\n<p data-path-to-node=\"18\"><b data-path-to-node=\"18\" data-index-in-node=\"0\">Fins que no hi hagi compromisos reals, hi haur\u00e0 aturada.<\/b><\/p>\n<p data-path-to-node=\"19\">Per tot aix\u00f2, a partir del curs 2026-2027 no realitzarem sortides i\/o pernoctacions fins que el Departament d\u2019Educaci\u00f3 escolti el col\u00b7lectiu docent i PAE i implementi les millores estructurals que fa anys que reclamem.<\/p>\n<p data-path-to-node=\"20\"><b data-path-to-node=\"20\" data-index-in-node=\"0\">Per dignitat professional. Per responsabilitat educativa. Per una educaci\u00f3 p\u00fablica que estigui a l\u2019altura del pa\u00eds que volem.<\/b><\/p>\n<p data-path-to-node=\"20\"><img loading=\"lazy\" decoding=\"async\" class=\"aligncenter size-large wp-image-10347\" src=\"https:\/\/agora.xtec.cat\/insramoncasas\/wp-content\/uploads\/usu1921\/2026\/04\/unnamed-724x1024.jpg\" alt=\"\" width=\"724\" height=\"1024\" srcset=\"https:\/\/agora.xtec.cat\/insramoncasas\/wp-content\/uploads\/usu1921\/2026\/04\/unnamed-724x1024.jpg 724w, https:\/\/agora.xtec.cat\/insramoncasas\/wp-content\/uploads\/usu1921\/2026\/04\/unnamed-212x300.jpg 212w, https:\/\/agora.xtec.cat\/insramoncasas\/wp-content\/uploads\/usu1921\/2026\/04\/unnamed-768x1086.jpg 768w, https:\/\/agora.xtec.cat\/insramoncasas\/wp-content\/uploads\/usu1921\/2026\/04\/unnamed.jpg 904w\" sizes=\"auto, (max-width: 724px) 100vw, 724px\" \/><\/p>\n","protected":false},"excerpt":{"rendered":"<p>Us informem que el claustre de professors i professores del nostre centre, reunit en sessi\u00f3 extraordin\u00e0ria el passat 8 d&#8217;abril de 2026, ha decidit per majoria absoluta (amb el suport de la totalitat dels presents excepte dues abstencions) adherir-se al manifest &#8220;Aturem les sortides i les col\u00f2nies&#8221;. Amb aquesta decisi\u00f3, el professorat de l&#8217;Institut se [&hellip;]<\/p>\n","protected":false},"author":3,"featured_media":10347,"comment_status":"open","ping_status":"open","sticky":false,"template":"","format":"standard","meta":{"_bbp_topic_count":0,"_bbp_reply_count":0,"_bbp_total_topic_count":0,"_bbp_total_reply_count":0,"_bbp_voice_count":0,"_bbp_anonymous_reply_count":0,"_bbp_topic_count_hidden":0,"_bbp_reply_count_hidden":0,"_bbp_forum_subforum_count":0,"site-sidebar-layout":"default","site-content-layout":"","ast-site-content-layout":"default","site-content-style":"default","site-sidebar-style":"default","ast-global-header-display":"","ast-banner-title-visibility":"","ast-main-header-display":"","ast-hfb-above-header-display":"","ast-hfb-below-header-display":"","ast-hfb-mobile-header-display":"","site-post-title":"","ast-breadcrumbs-content":"","ast-featured-img":"","footer-sml-layout":"","theme-transparent-header-meta":"default","adv-header-id-meta":"","stick-header-meta":"","header-above-stick-meta":"","header-main-stick-meta":"","header-below-stick-meta":"","astra-migrate-meta-layouts":"set","ast-page-background-enabled":"default","ast-page-background-meta":{"desktop":{"background-color":"var(--ast-global-color-4)","background-image":"","background-repeat":"repeat","background-position":"center center","background-size":"auto","background-attachment":"scroll","background-type":"","background-media":"","overlay-type":"","overlay-color":"","overlay-opacity":"","overlay-gradient":""},"tablet":{"background-color":"","background-image":"","background-repeat":"repeat","background-position":"center center","background-size":"auto","background-attachment":"scroll","background-type":"","background-media":"","overlay-type":"","overlay-color":"","overlay-opacity":"","overlay-gradient":""},"mobile":{"background-color":"","background-image":"","background-repeat":"repeat","background-position":"center center","background-size":"auto","background-attachment":"scroll","background-type":"","background-media":"","overlay-type":"","overlay-color":"","overlay-opacity":"","overlay-gradient":""}},"ast-content-background-meta":{"desktop":{"background-color":"var(--ast-global-color-5)","background-image":"","background-repeat":"repeat","background-position":"center center","background-size":"auto","background-attachment":"scroll","background-type":"","background-media":"","overlay-type":"","overlay-color":"","overlay-opacity":"","overlay-gradient":""},"tablet":{"background-color":"var(--ast-global-color-5)","background-image":"","background-repeat":"repeat","background-position":"center center","background-size":"auto","background-attachment":"scroll","background-type":"","background-media":"","overlay-type":"","overlay-color":"","overlay-opacity":"","overlay-gradient":""},"mobile":{"background-color":"var(--ast-global-color-5)","background-image":"","background-repeat":"repeat","background-position":"center center","background-size":"auto","background-attachment":"scroll","background-type":"","background-media":"","overlay-type":"","overlay-color":"","overlay-opacity":"","overlay-gradient":""}},"footnotes":""},"categories":[29],"tags":[],"class_list":["post-10346","post","type-post","status-publish","format-standard","has-post-thumbnail","hentry","category-portada"],"post_mailing_queue_ids":[],"_links":{"self":[{"href":"https:\/\/agora.xtec.cat\/insramoncasas\/wp-json\/wp\/v2\/posts\/10346","targetHints":{"allow":["GET"]}}],"collection":[{"href":"https:\/\/agora.xtec.cat\/insramoncasas\/wp-json\/wp\/v2\/posts"}],"about":[{"href":"https:\/\/agora.xtec.cat\/insramoncasas\/wp-json\/wp\/v2\/types\/post"}],"author":[{"embeddable":true,"href":"https:\/\/agora.xtec.cat\/insramoncasas\/wp-json\/wp\/v2\/users\/3"}],"replies":[{"embeddable":true,"href":"https:\/\/agora.xtec.cat\/insramoncasas\/wp-json\/wp\/v2\/comments?post=10346"}],"version-history":[{"count":1,"href":"https:\/\/agora.xtec.cat\/insramoncasas\/wp-json\/wp\/v2\/posts\/10346\/revisions"}],"predecessor-version":[{"id":10348,"href":"https:\/\/agora.xtec.cat\/insramoncasas\/wp-json\/wp\/v2\/posts\/10346\/revisions\/10348"}],"wp:featuredmedia":[{"embeddable":true,"href":"https:\/\/agora.xtec.cat\/insramoncasas\/wp-json\/wp\/v2\/media\/10347"}],"wp:attachment":[{"href":"https:\/\/agora.xtec.cat\/insramoncasas\/wp-json\/wp\/v2\/media?parent=10346"}],"wp:term":[{"taxonomy":"category","embeddable":true,"href":"https:\/\/agora.xtec.cat\/insramoncasas\/wp-json\/wp\/v2\/categories?post=10346"},{"taxonomy":"post_tag","embeddable":true,"href":"https:\/\/agora.xtec.cat\/insramoncasas\/wp-json\/wp\/v2\/tags?post=10346"}],"curies":[{"name":"wp","href":"https:\/\/api.w.org\/{rel}","templated":true}]}}