{"id":9871,"date":"2025-03-31T22:17:11","date_gmt":"2025-03-31T21:17:11","guid":{"rendered":"https:\/\/insquercus.cat\/?p=9871"},"modified":"2025-03-31T22:17:11","modified_gmt":"2025-03-31T21:17:11","slug":"viatge-de-4t-deso-a-cantabria","status":"publish","type":"post","link":"https:\/\/agora.xtec.cat\/insquercus\/general\/viatge-de-4t-deso-a-cantabria\/","title":{"rendered":"Viatge de 4t d&#8217;ESO a Cant\u00e0bria"},"content":{"rendered":"<p><strong>Divendres 4 d&#8217;abril<\/strong><\/p>\n<p>L&#8217;\u00faltim dia del viatge va ser el de tornada, amb una breu parada a Bilbao, al costat del museu Guggenheim.<\/p>\n<p>Hem passat 5 dies molt intensos, plens d&#8217;activitats i viv\u00e8ncies que segur que recordarem.<\/p>\n<p><a href=\"https:\/\/photos.app.goo.gl\/sysFt6v1w2s7X26U9\"><img loading=\"lazy\" decoding=\"async\" class=\"aligncenter size-medium wp-image-9890\" src=\"https:\/\/agora.xtec.cat\/insquercus\/wp-content\/uploads\/usu350\/2025\/03\/IMG_20250404_112814-300x225.jpg\" alt=\"Bilbo\" width=\"300\" height=\"225\" srcset=\"https:\/\/agora.xtec.cat\/insquercus\/wp-content\/uploads\/usu350\/2025\/03\/IMG_20250404_112814-300x225.jpg 300w, https:\/\/agora.xtec.cat\/insquercus\/wp-content\/uploads\/usu350\/2025\/03\/IMG_20250404_112814-1024x766.jpg 1024w, https:\/\/agora.xtec.cat\/insquercus\/wp-content\/uploads\/usu350\/2025\/03\/IMG_20250404_112814-768x575.jpg 768w, https:\/\/agora.xtec.cat\/insquercus\/wp-content\/uploads\/usu350\/2025\/03\/IMG_20250404_112814-1536x1150.jpg 1536w, https:\/\/agora.xtec.cat\/insquercus\/wp-content\/uploads\/usu350\/2025\/03\/IMG_20250404_112814-2048x1533.jpg 2048w\" sizes=\"auto, (max-width: 300px) 100vw, 300px\" \/><\/a><\/p>\n<p><strong>Dijous 3 d&#8217;abril<\/strong><\/p>\n<p>El dijous al mat\u00ed vam gaudir de les platges de Suances tot practicant surf a les aig\u00fces del mar Cant\u00e0bric.<\/p>\n<p>A la tarda vam fer una visita guiada al Museu de les coves d&#8217;Altamira i la Neocueva (r\u00e8plica de les coves d&#8217;Altamira, declarades patrimoni de la humanitat per la UNESCO) on vam poder observar les importants pintures rupestres del paleol\u00edtic.<\/p>\n<p>Per arrodonir-ho, la visita guiada va continuar pel bonic poble de Santillana del Mar.<\/p>\n<p><a href=\"https:\/\/photos.app.goo.gl\/sysFt6v1w2s7X26U9\"><img loading=\"lazy\" decoding=\"async\" class=\"aligncenter size-medium wp-image-9889\" src=\"https:\/\/agora.xtec.cat\/insquercus\/wp-content\/uploads\/usu350\/2025\/03\/surf-1-300x225.jpg\" alt=\"\" width=\"300\" height=\"225\" \/><\/a><\/p>\n<p><strong>Dimecres 2 d&#8217;abril<\/strong><\/p>\n<p>Ja estem a dimecres, les hores ens passen volant, i estem gaudint d&#8217;experi\u00e8ncies meravelloses d&#8217;aquest viatge.<\/p>\n<p>Aquest mat\u00ed hem pogut esmorzar una hora m\u00e9s tard (que el cos agraeix) i ens hem dirigit al Parque Natural de Cab\u00e1rceno on la Mar\u00eda i en Jairo (els nostres guies del parc) ens han ofert detallades explicacions de l&#8217;origen del parc i de tots els animals que hi viuen: elefants, girafes, goril\u00b7les, zebres, etc.<\/p>\n<p>Al final del recorregut del mat\u00ed hem gaudit d&#8217;una demostraci\u00f3 del comportament de les aus rapinyaires que habiten el parc.<\/p>\n<p>Despr\u00e9s de dinar hem anat a la capital de Cant\u00e0bria, Santander on, despr\u00e9s d&#8217;aparcar al costat de l&#8217;Estadi del Sardinero, hem tingut ocasi\u00f3 de contemplar les boniques vistes del mar i aprofitar per a fer una passejada pels carrers de Santander.<\/p>\n<p>Dem\u00e0&#8230;.. m\u00e9s.<\/p>\n<p>&nbsp;<\/p>\n<p>&nbsp;<\/p>\n<p><a href=\"https:\/\/photos.app.goo.gl\/sysFt6v1w2s7X26U9\"><img loading=\"lazy\" decoding=\"async\" class=\"aligncenter size-medium wp-image-9878\" src=\"https:\/\/agora.xtec.cat\/insquercus\/wp-content\/uploads\/usu350\/2025\/03\/grup-cabarceno-300x225.jpeg\" alt=\"\" width=\"300\" height=\"225\" srcset=\"https:\/\/agora.xtec.cat\/insquercus\/wp-content\/uploads\/usu350\/2025\/03\/grup-cabarceno-300x225.jpeg 300w, https:\/\/agora.xtec.cat\/insquercus\/wp-content\/uploads\/usu350\/2025\/03\/grup-cabarceno-1024x768.jpeg 1024w, https:\/\/agora.xtec.cat\/insquercus\/wp-content\/uploads\/usu350\/2025\/03\/grup-cabarceno-768x576.jpeg 768w, https:\/\/agora.xtec.cat\/insquercus\/wp-content\/uploads\/usu350\/2025\/03\/grup-cabarceno-1536x1152.jpeg 1536w, https:\/\/agora.xtec.cat\/insquercus\/wp-content\/uploads\/usu350\/2025\/03\/grup-cabarceno.jpeg 2040w\" sizes=\"auto, (max-width: 300px) 100vw, 300px\" \/><\/a><\/p>\n<p>&nbsp;<\/p>\n<p><strong>Dimarts 1 d&#8217;abril<\/strong><\/p>\n<p>Continuem la nostra aventura c\u00e0ntabra per les muntanyes de los Picos de Europa.<\/p>\n<p>Ens hem hagut de llevar ben aviat per esmorzar a les 7:00 i poder fer un cafetonet per a despertar-nos.<\/p>\n<p>Agafem el bus, i emprenem la nostra ruta cap als Picos de Europa: arribada a Fuente De i r\u00e0pidament pujar al telef\u00e8ric que ens dur\u00e0 a les muntanyes nevades.<\/p>\n<p>A dalt del telef\u00e8ric hem fet una ruta de prop de 2 quil\u00f2metres anar i 2 de tornar per a veure uns paisatges ben bonics i espectaculars i jugar una mica amb la neu, mentre hem gaudit d&#8217;un dia espectacular i ben assolellat.<\/p>\n<p>A la tornada, bus cap a Potes per a dinar i descansar una mica i visita pels carrers hist\u00f2rics de Comillas, on\u00a0 hem pogut gaudir del Capricho de Gaud\u00ed, dels carrers hist\u00f2rics empedrats, del passeig al costat del cant\u00e0bric, etc.<\/p>\n<p>Dem\u00e0, l&#8217;aventura continuar\u00e0 per espais m\u00e9s propers&#8230;<\/p>\n<p>De moment, per\u00f2&#8230; algunes fotografies d&#8217;avui.<\/p>\n<p>&nbsp;<\/p>\n<p><a href=\"https:\/\/photos.app.goo.gl\/sysFt6v1w2s7X26U9\"><img loading=\"lazy\" decoding=\"async\" class=\"aligncenter wp-image-9876 size-medium\" src=\"https:\/\/agora.xtec.cat\/insquercus\/wp-content\/uploads\/usu350\/2025\/03\/grup-picos-europa-300x224.jpeg\" alt=\"\" width=\"300\" height=\"224\" srcset=\"https:\/\/agora.xtec.cat\/insquercus\/wp-content\/uploads\/usu350\/2025\/03\/grup-picos-europa-300x224.jpeg 300w, https:\/\/agora.xtec.cat\/insquercus\/wp-content\/uploads\/usu350\/2025\/03\/grup-picos-europa-1024x766.jpeg 1024w, https:\/\/agora.xtec.cat\/insquercus\/wp-content\/uploads\/usu350\/2025\/03\/grup-picos-europa-768x575.jpeg 768w, https:\/\/agora.xtec.cat\/insquercus\/wp-content\/uploads\/usu350\/2025\/03\/grup-picos-europa-1536x1149.jpeg 1536w, https:\/\/agora.xtec.cat\/insquercus\/wp-content\/uploads\/usu350\/2025\/03\/grup-picos-europa.jpeg 2048w\" sizes=\"auto, (max-width: 300px) 100vw, 300px\" \/><\/a><\/p>\n<p>&nbsp;<\/p>\n<p>&nbsp;<\/p>\n<p><strong>Dilluns de viatge<\/strong><\/p>\n<p>L&#8217;alumnat de 4t d&#8217;ESO us volem informar que ja ens trobem instal\u00b7lats a l&#8217;Hotel La Mar, de Suances.<\/p>\n<p>Despr\u00e9s de sortir de l&#8217;Institut poc despr\u00e9s de les vuit del mat\u00ed, hem agafat l&#8217;autocar que ens ha dut a Pamplona a dinar (on hem pogut fer una curta visita pels carrers dels <em>encierros<\/em> de San Ferm\u00edn) i, posteriorment, hem continuat fins aqu\u00ed a Suances, on ens esperen uns dies d&#8217;aventures als Picos de Europa, al Parc de Cab\u00e1rceno, a Santander, a Comillas, a Potes i a Bilbao, entre d&#8217;altres.<\/p>\n<p>Us deixem una foto del grup a Pamplona i dem\u00e0 continuarem informant de l&#8217;aventura.<\/p>\n<p><img loading=\"lazy\" decoding=\"async\" class=\"aligncenter size-medium wp-image-9872\" src=\"https:\/\/agora.xtec.cat\/insquercus\/wp-content\/uploads\/usu350\/2025\/03\/Pamplona-300x225.jpeg\" alt=\"\" width=\"300\" height=\"225\" srcset=\"https:\/\/agora.xtec.cat\/insquercus\/wp-content\/uploads\/usu350\/2025\/03\/Pamplona-300x225.jpeg 300w, https:\/\/agora.xtec.cat\/insquercus\/wp-content\/uploads\/usu350\/2025\/03\/Pamplona-1024x768.jpeg 1024w, https:\/\/agora.xtec.cat\/insquercus\/wp-content\/uploads\/usu350\/2025\/03\/Pamplona-768x576.jpeg 768w, https:\/\/agora.xtec.cat\/insquercus\/wp-content\/uploads\/usu350\/2025\/03\/Pamplona-1536x1152.jpeg 1536w, https:\/\/agora.xtec.cat\/insquercus\/wp-content\/uploads\/usu350\/2025\/03\/Pamplona.jpeg 2048w\" sizes=\"auto, (max-width: 300px) 100vw, 300px\" \/><\/p>\n<p>&nbsp;<\/p>\n<p>&nbsp;<\/p>\n","protected":false},"excerpt":{"rendered":"<p>Divendres 4 d&#8217;abril L&#8217;\u00faltim dia del viatge va ser el de tornada, amb una breu parada a Bilbao, al costat del museu Guggenheim. Hem passat 5 dies molt intensos, plens d&#8217;activitats i viv\u00e8ncies que segur que recordarem. Dijous 3 d&#8217;abril El dijous al mat\u00ed vam gaudir de les platges de Suances tot practicant surf a [&hellip;]<\/p>\n","protected":false},"author":1,"featured_media":9876,"comment_status":"closed","ping_status":"closed","sticky":false,"template":"","format":"standard","meta":{"site-sidebar-layout":"default","site-content-layout":"","ast-site-content-layout":"","site-content-style":"default","site-sidebar-style":"default","ast-global-header-display":"","ast-banner-title-visibility":"","ast-main-header-display":"","ast-hfb-above-header-display":"","ast-hfb-below-header-display":"","ast-hfb-mobile-header-display":"","site-post-title":"","ast-breadcrumbs-content":"","ast-featured-img":"","footer-sml-layout":"","theme-transparent-header-meta":"","adv-header-id-meta":"","stick-header-meta":"","header-above-stick-meta":"","header-main-stick-meta":"","header-below-stick-meta":"","astra-migrate-meta-layouts":"default","ast-page-background-enabled":"default","ast-page-background-meta":{"desktop":{"background-color":"var(--ast-global-color-4)","background-image":"","background-repeat":"repeat","background-position":"center center","background-size":"auto","background-attachment":"scroll","background-type":"","background-media":"","overlay-type":"","overlay-color":"","overlay-opacity":"","overlay-gradient":""},"tablet":{"background-color":"","background-image":"","background-repeat":"repeat","background-position":"center center","background-size":"auto","background-attachment":"scroll","background-type":"","background-media":"","overlay-type":"","overlay-color":"","overlay-opacity":"","overlay-gradient":""},"mobile":{"background-color":"","background-image":"","background-repeat":"repeat","background-position":"center center","background-size":"auto","background-attachment":"scroll","background-type":"","background-media":"","overlay-type":"","overlay-color":"","overlay-opacity":"","overlay-gradient":""}},"ast-content-background-meta":{"desktop":{"background-color":"var(--ast-global-color-5)","background-image":"","background-repeat":"repeat","background-position":"center center","background-size":"auto","background-attachment":"scroll","background-type":"","background-media":"","overlay-type":"","overlay-color":"","overlay-opacity":"","overlay-gradient":""},"tablet":{"background-color":"var(--ast-global-color-5)","background-image":"","background-repeat":"repeat","background-position":"center center","background-size":"auto","background-attachment":"scroll","background-type":"","background-media":"","overlay-type":"","overlay-color":"","overlay-opacity":"","overlay-gradient":""},"mobile":{"background-color":"var(--ast-global-color-5)","background-image":"","background-repeat":"repeat","background-position":"center center","background-size":"auto","background-attachment":"scroll","background-type":"","background-media":"","overlay-type":"","overlay-color":"","overlay-opacity":"","overlay-gradient":""}},"footnotes":""},"categories":[1],"tags":[],"class_list":["post-9871","post","type-post","status-publish","format-standard","has-post-thumbnail","hentry","category-general"],"post_mailing_queue_ids":[],"_links":{"self":[{"href":"https:\/\/agora.xtec.cat\/insquercus\/wp-json\/wp\/v2\/posts\/9871","targetHints":{"allow":["GET"]}}],"collection":[{"href":"https:\/\/agora.xtec.cat\/insquercus\/wp-json\/wp\/v2\/posts"}],"about":[{"href":"https:\/\/agora.xtec.cat\/insquercus\/wp-json\/wp\/v2\/types\/post"}],"author":[{"embeddable":true,"href":"https:\/\/agora.xtec.cat\/insquercus\/wp-json\/wp\/v2\/users\/1"}],"replies":[{"embeddable":true,"href":"https:\/\/agora.xtec.cat\/insquercus\/wp-json\/wp\/v2\/comments?post=9871"}],"version-history":[{"count":0,"href":"https:\/\/agora.xtec.cat\/insquercus\/wp-json\/wp\/v2\/posts\/9871\/revisions"}],"wp:featuredmedia":[{"embeddable":true,"href":"https:\/\/agora.xtec.cat\/insquercus\/wp-json\/wp\/v2\/media\/9876"}],"wp:attachment":[{"href":"https:\/\/agora.xtec.cat\/insquercus\/wp-json\/wp\/v2\/media?parent=9871"}],"wp:term":[{"taxonomy":"category","embeddable":true,"href":"https:\/\/agora.xtec.cat\/insquercus\/wp-json\/wp\/v2\/categories?post=9871"},{"taxonomy":"post_tag","embeddable":true,"href":"https:\/\/agora.xtec.cat\/insquercus\/wp-json\/wp\/v2\/tags?post=9871"}],"curies":[{"name":"wp","href":"https:\/\/api.w.org\/{rel}","templated":true}]}}