{"id":9704,"date":"2024-12-19T10:38:58","date_gmt":"2024-12-19T09:38:58","guid":{"rendered":"https:\/\/insquercus.cat\/?p=9704"},"modified":"2024-12-19T10:38:58","modified_gmt":"2024-12-19T09:38:58","slug":"visita-al-programa-col-lapse-de-tv3","status":"publish","type":"post","link":"https:\/\/agora.xtec.cat\/insquercus\/general\/visita-al-programa-col-lapse-de-tv3\/","title":{"rendered":"Visita al programa Col.lapse de TV3"},"content":{"rendered":"<p><img loading=\"lazy\" decoding=\"async\" class=\"alignnone size-medium wp-image-9705\" src=\"http:\/\/insquercus.cat\/wp-content\/uploads\/2024\/12\/20241213_110025-300x225.jpg\" alt=\"\" width=\"300\" height=\"225\" \/><\/p>\n<div dir=\"auto\">Els alumnes que cursen la optativa de Comunicaci\u00f3 Audiovisual de\u00a0 1r Batxillerat vem assistir a la gravaci\u00f3 del programa Col.lapse que presenta el popular presentador de Catalunya Radio i TV3, Ricard Ustrell.<\/div>\n<div dir=\"auto\"><\/div>\n<div dir=\"auto\">El programa del qual vem estar de p\u00fablic i del qual vam poder veure com es feien diferents entrevistes entre elles: Ferrant Torrent i Alaska.<\/div>\n<div dir=\"auto\"><\/div>\n<div dir=\"auto\">Els alumnes van poder veure de molt a prop com es fa la gravaci\u00f3 d&#8217;un &#8220;late show&#8221; i poder veure la m\u00e0gia de la televisi\u00f3, els seus trucs. Adonar-se que a vegades\u00a0 \u00e9s for\u00e7a diferent el que veiem al plat\u00f3, del que veiem a la pantalla.<\/div>\n<div dir=\"auto\">El programa es pot veure a la plataforma 3cat.<\/div>\n<div dir=\"auto\"><\/div>\n<div id=\"gtx-trans\" style=\"position: absolute; left: -17px; top: 296.667px;\">\n<div class=\"gtx-trans-icon\"><\/div>\n<\/div>\n","protected":false},"excerpt":{"rendered":"<p>Els alumnes que cursen la optativa de Comunicaci\u00f3 Audiovisual de\u00a0 1r Batxillerat vem assistir a la gravaci\u00f3 del programa Col.lapse que presenta el popular presentador de Catalunya Radio i TV3, Ricard Ustrell. El programa del qual vem estar de p\u00fablic i del qual vam poder veure com es feien diferents entrevistes entre elles: Ferrant Torrent [&hellip;]<\/p>\n","protected":false},"author":1,"featured_media":9705,"comment_status":"closed","ping_status":"closed","sticky":false,"template":"","format":"standard","meta":{"site-sidebar-layout":"default","site-content-layout":"","ast-site-content-layout":"","site-content-style":"default","site-sidebar-style":"default","ast-global-header-display":"","ast-banner-title-visibility":"","ast-main-header-display":"","ast-hfb-above-header-display":"","ast-hfb-below-header-display":"","ast-hfb-mobile-header-display":"","site-post-title":"","ast-breadcrumbs-content":"","ast-featured-img":"","footer-sml-layout":"","theme-transparent-header-meta":"","adv-header-id-meta":"","stick-header-meta":"","header-above-stick-meta":"","header-main-stick-meta":"","header-below-stick-meta":"","astra-migrate-meta-layouts":"default","ast-page-background-enabled":"default","ast-page-background-meta":{"desktop":{"background-color":"var(--ast-global-color-4)","background-image":"","background-repeat":"repeat","background-position":"center center","background-size":"auto","background-attachment":"scroll","background-type":"","background-media":"","overlay-type":"","overlay-color":"","overlay-opacity":"","overlay-gradient":""},"tablet":{"background-color":"","background-image":"","background-repeat":"repeat","background-position":"center center","background-size":"auto","background-attachment":"scroll","background-type":"","background-media":"","overlay-type":"","overlay-color":"","overlay-opacity":"","overlay-gradient":""},"mobile":{"background-color":"","background-image":"","background-repeat":"repeat","background-position":"center center","background-size":"auto","background-attachment":"scroll","background-type":"","background-media":"","overlay-type":"","overlay-color":"","overlay-opacity":"","overlay-gradient":""}},"ast-content-background-meta":{"desktop":{"background-color":"var(--ast-global-color-5)","background-image":"","background-repeat":"repeat","background-position":"center center","background-size":"auto","background-attachment":"scroll","background-type":"","background-media":"","overlay-type":"","overlay-color":"","overlay-opacity":"","overlay-gradient":""},"tablet":{"background-color":"var(--ast-global-color-5)","background-image":"","background-repeat":"repeat","background-position":"center center","background-size":"auto","background-attachment":"scroll","background-type":"","background-media":"","overlay-type":"","overlay-color":"","overlay-opacity":"","overlay-gradient":""},"mobile":{"background-color":"var(--ast-global-color-5)","background-image":"","background-repeat":"repeat","background-position":"center center","background-size":"auto","background-attachment":"scroll","background-type":"","background-media":"","overlay-type":"","overlay-color":"","overlay-opacity":"","overlay-gradient":""}},"footnotes":""},"categories":[1],"tags":[],"class_list":["post-9704","post","type-post","status-publish","format-standard","has-post-thumbnail","hentry","category-general"],"post_mailing_queue_ids":[],"_links":{"self":[{"href":"https:\/\/agora.xtec.cat\/insquercus\/wp-json\/wp\/v2\/posts\/9704","targetHints":{"allow":["GET"]}}],"collection":[{"href":"https:\/\/agora.xtec.cat\/insquercus\/wp-json\/wp\/v2\/posts"}],"about":[{"href":"https:\/\/agora.xtec.cat\/insquercus\/wp-json\/wp\/v2\/types\/post"}],"author":[{"embeddable":true,"href":"https:\/\/agora.xtec.cat\/insquercus\/wp-json\/wp\/v2\/users\/1"}],"replies":[{"embeddable":true,"href":"https:\/\/agora.xtec.cat\/insquercus\/wp-json\/wp\/v2\/comments?post=9704"}],"version-history":[{"count":0,"href":"https:\/\/agora.xtec.cat\/insquercus\/wp-json\/wp\/v2\/posts\/9704\/revisions"}],"wp:featuredmedia":[{"embeddable":true,"href":"https:\/\/agora.xtec.cat\/insquercus\/wp-json\/wp\/v2\/media\/9705"}],"wp:attachment":[{"href":"https:\/\/agora.xtec.cat\/insquercus\/wp-json\/wp\/v2\/media?parent=9704"}],"wp:term":[{"taxonomy":"category","embeddable":true,"href":"https:\/\/agora.xtec.cat\/insquercus\/wp-json\/wp\/v2\/categories?post=9704"},{"taxonomy":"post_tag","embeddable":true,"href":"https:\/\/agora.xtec.cat\/insquercus\/wp-json\/wp\/v2\/tags?post=9704"}],"curies":[{"name":"wp","href":"https:\/\/api.w.org\/{rel}","templated":true}]}}