{"id":8443,"date":"2023-03-29T17:33:31","date_gmt":"2023-03-29T16:33:31","guid":{"rendered":"https:\/\/insquercus.cat\/?p=8443"},"modified":"2023-03-29T17:33:31","modified_gmt":"2023-03-29T16:33:31","slug":"8443","status":"publish","type":"post","link":"https:\/\/agora.xtec.cat\/insquercus\/general\/8443\/","title":{"rendered":""},"content":{"rendered":"<p><img loading=\"lazy\" decoding=\"async\" class=\"alignnone size-medium wp-image-6820\" src=\"https:\/\/agora.xtec.cat\/insquercus\/wp-content\/uploads\/usu350\/2021\/09\/beques-i-ajuts-300x169.png\" alt=\"\" width=\"300\" height=\"169\" srcset=\"https:\/\/agora.xtec.cat\/insquercus\/wp-content\/uploads\/usu350\/2021\/09\/beques-i-ajuts-300x169.png 300w, https:\/\/agora.xtec.cat\/insquercus\/wp-content\/uploads\/usu350\/2021\/09\/beques-i-ajuts-1024x576.png 1024w, https:\/\/agora.xtec.cat\/insquercus\/wp-content\/uploads\/usu350\/2021\/09\/beques-i-ajuts-768x432.png 768w, https:\/\/agora.xtec.cat\/insquercus\/wp-content\/uploads\/usu350\/2021\/09\/beques-i-ajuts.png 1280w\" sizes=\"auto, (max-width: 300px) 100vw, 300px\" \/><\/p>\n<div>\n<div>El\u00a0<b>Ministerio de Educaci\u00f3n<\/b>\u00a0ha obert el termini de demanar\u00a0<b>beques per a\u00a0estudis postobligatoris\u00a0<\/b><\/div>\n<div><span style=\"font-size: large;\">\u00a0<\/span><\/div>\n<div><span style=\"font-size: large;\">Beques per a Batxillerat i Cicles Formatius<\/span><\/div>\n<div><\/div>\n<div>&#8211;\u00a0<b>Temini de sol\u00b7licitud de beques<\/b>: del 27 de mar\u00e7 a 17 de maig<\/div>\n<div>&#8211;\u00a0<b>Destinataris<\/b>: alumnes que el curs que ve (2023-2024) vulguin fer estudis de batxillerat, CF Mitj\u00e0\u00a0 i CF Superior<\/div>\n<div>S&#8217;ha de sol\u00b7licitar la beca dins d&#8217;aquest termini,\u00a0<b>encara que l&#8217;alumne no s\u00e0piga qu\u00e8 estudiar\u00e0 o encara que no s\u00e0piga del cert si estudiar\u00e0 o no<\/b>. Cal posar els estudis que es considerin m\u00e9s probables i cap al setembre es podr\u00e0 canviar.<\/div>\n<div><\/div>\n<div>&#8211;\u00a0<b>Enlla\u00e7:<\/b><\/div>\n<div><a href=\"https:\/\/educacio.gencat.cat\/ca\/serveis-tramits\/beques\/beques-postobligatoris\/\" target=\"_blank\" rel=\"noopener\" data-saferedirecturl=\"https:\/\/www.google.com\/url?q=https:\/\/educacio.gencat.cat\/ca\/serveis-tramits\/beques\/beques-postobligatoris\/&amp;source=gmail&amp;ust=1680191809501000&amp;usg=AOvVaw2QZ13GaBDVUBb9sMqusHJF\">https:\/\/educacio.gencat.cat\/<wbr \/>ca\/serveis-tramits\/beques\/<wbr \/>beques-postobligatoris\/<\/a><\/div>\n<\/div>\n<div><\/div>\n<div><\/div>\n<div><\/div>\n<div>Beques per a estudis universitaris<\/div>\n<div>\n<div><\/div>\n<div><b>Temini de sol\u00b7licitud de beques<\/b>: del 27 de mar\u00e7 a 17 de maig<\/div>\n<div><\/div>\n<div>&#8211;\u00a0<b>Destinataris<\/b>: alumnes que el curs que ve (2023-2024) vulguin fer estudis universitaris.<\/div>\n<div>S&#8217;ha de sol\u00b7licitar la beca dins d&#8217;aquest termini,\u00a0<b>encara que l&#8217;alumne no s\u00e0piga qu\u00e8 estudiar\u00e0 o encara que no s\u00e0piga del cert si estudiar\u00e0 o no<\/b>. Cal posar els estudis que es considerin m\u00e9s probables i cap al setembre es podr\u00e0 canviar.<\/div>\n<\/div>\n<div><\/div>\n<div><b>-Enlla\u00e7<\/b>:<\/div>\n<div><a href=\"https:\/\/agaur.gencat.cat\/ca\/beques-i-ajuts\/pagines-especials\/beques-i-ajuts-per-estudis-universitaris1\/\" target=\"_blank\" rel=\"noopener\" data-saferedirecturl=\"https:\/\/www.google.com\/url?q=https:\/\/agaur.gencat.cat\/ca\/beques-i-ajuts\/pagines-especials\/beques-i-ajuts-per-estudis-universitaris1\/&amp;source=gmail&amp;ust=1680191809501000&amp;usg=AOvVaw11M1Xc_8Ab0KOas67J4WB3\">https:\/\/agaur.gencat.cat\/ca\/<wbr \/>beques-i-ajuts\/pagines-<wbr \/>especials\/beques-i-ajuts-per-<wbr \/>estudis-universitaris1\/<\/a><\/div>\n<p>&nbsp;<\/p>\n<p>&nbsp;<\/p>\n","protected":false},"excerpt":{"rendered":"<p>El\u00a0Ministerio de Educaci\u00f3n\u00a0ha obert el termini de demanar\u00a0beques per a\u00a0estudis postobligatoris\u00a0 \u00a0 Beques per a Batxillerat i Cicles Formatius &#8211;\u00a0Temini de sol\u00b7licitud de beques: del 27 de mar\u00e7 a 17 de maig &#8211;\u00a0Destinataris: alumnes que el curs que ve (2023-2024) vulguin fer estudis de batxillerat, CF Mitj\u00e0\u00a0 i CF Superior S&#8217;ha de sol\u00b7licitar la beca [&hellip;]<\/p>\n","protected":false},"author":1,"featured_media":10493,"comment_status":"closed","ping_status":"closed","sticky":false,"template":"","format":"standard","meta":{"site-sidebar-layout":"default","site-content-layout":"","ast-site-content-layout":"","site-content-style":"default","site-sidebar-style":"default","ast-global-header-display":"","ast-banner-title-visibility":"","ast-main-header-display":"","ast-hfb-above-header-display":"","ast-hfb-below-header-display":"","ast-hfb-mobile-header-display":"","site-post-title":"","ast-breadcrumbs-content":"","ast-featured-img":"","footer-sml-layout":"","theme-transparent-header-meta":"","adv-header-id-meta":"","stick-header-meta":"","header-above-stick-meta":"","header-main-stick-meta":"","header-below-stick-meta":"","astra-migrate-meta-layouts":"default","ast-page-background-enabled":"default","ast-page-background-meta":{"desktop":{"background-color":"var(--ast-global-color-4)","background-image":"","background-repeat":"repeat","background-position":"center center","background-size":"auto","background-attachment":"scroll","background-type":"","background-media":"","overlay-type":"","overlay-color":"","overlay-opacity":"","overlay-gradient":""},"tablet":{"background-color":"","background-image":"","background-repeat":"repeat","background-position":"center center","background-size":"auto","background-attachment":"scroll","background-type":"","background-media":"","overlay-type":"","overlay-color":"","overlay-opacity":"","overlay-gradient":""},"mobile":{"background-color":"","background-image":"","background-repeat":"repeat","background-position":"center center","background-size":"auto","background-attachment":"scroll","background-type":"","background-media":"","overlay-type":"","overlay-color":"","overlay-opacity":"","overlay-gradient":""}},"ast-content-background-meta":{"desktop":{"background-color":"var(--ast-global-color-5)","background-image":"","background-repeat":"repeat","background-position":"center center","background-size":"auto","background-attachment":"scroll","background-type":"","background-media":"","overlay-type":"","overlay-color":"","overlay-opacity":"","overlay-gradient":""},"tablet":{"background-color":"var(--ast-global-color-5)","background-image":"","background-repeat":"repeat","background-position":"center center","background-size":"auto","background-attachment":"scroll","background-type":"","background-media":"","overlay-type":"","overlay-color":"","overlay-opacity":"","overlay-gradient":""},"mobile":{"background-color":"var(--ast-global-color-5)","background-image":"","background-repeat":"repeat","background-position":"center center","background-size":"auto","background-attachment":"scroll","background-type":"","background-media":"","overlay-type":"","overlay-color":"","overlay-opacity":"","overlay-gradient":""}},"footnotes":""},"categories":[1],"tags":[],"class_list":["post-8443","post","type-post","status-publish","format-standard","has-post-thumbnail","hentry","category-general"],"post_mailing_queue_ids":[],"_links":{"self":[{"href":"https:\/\/agora.xtec.cat\/insquercus\/wp-json\/wp\/v2\/posts\/8443","targetHints":{"allow":["GET"]}}],"collection":[{"href":"https:\/\/agora.xtec.cat\/insquercus\/wp-json\/wp\/v2\/posts"}],"about":[{"href":"https:\/\/agora.xtec.cat\/insquercus\/wp-json\/wp\/v2\/types\/post"}],"author":[{"embeddable":true,"href":"https:\/\/agora.xtec.cat\/insquercus\/wp-json\/wp\/v2\/users\/1"}],"replies":[{"embeddable":true,"href":"https:\/\/agora.xtec.cat\/insquercus\/wp-json\/wp\/v2\/comments?post=8443"}],"version-history":[{"count":0,"href":"https:\/\/agora.xtec.cat\/insquercus\/wp-json\/wp\/v2\/posts\/8443\/revisions"}],"wp:featuredmedia":[{"embeddable":true,"href":"https:\/\/agora.xtec.cat\/insquercus\/wp-json\/wp\/v2\/media\/10493"}],"wp:attachment":[{"href":"https:\/\/agora.xtec.cat\/insquercus\/wp-json\/wp\/v2\/media?parent=8443"}],"wp:term":[{"taxonomy":"category","embeddable":true,"href":"https:\/\/agora.xtec.cat\/insquercus\/wp-json\/wp\/v2\/categories?post=8443"},{"taxonomy":"post_tag","embeddable":true,"href":"https:\/\/agora.xtec.cat\/insquercus\/wp-json\/wp\/v2\/tags?post=8443"}],"curies":[{"name":"wp","href":"https:\/\/api.w.org\/{rel}","templated":true}]}}