{"id":7623,"date":"2022-05-09T10:02:57","date_gmt":"2022-05-09T09:02:57","guid":{"rendered":"https:\/\/insquercus.cat\/?p=7623"},"modified":"2022-05-09T10:02:57","modified_gmt":"2022-05-09T09:02:57","slug":"visita-a-la-maternitat-delna-2","status":"publish","type":"post","link":"https:\/\/agora.xtec.cat\/insquercus\/general\/visita-a-la-maternitat-delna-2\/","title":{"rendered":"Visita a la Maternitat d\u2019Elna"},"content":{"rendered":"<p>Els dies 27 d\u2019abril i 4 de maig els alumnes de 4t ESO van anar a Fran\u00e7a acompanyats de l\u2019Assumpta Montell\u00e0 que els va fer con\u00e8ixer les viv\u00e8ncies i la situaci\u00f3 que van viure les persones que van haver de marxar del pa\u00eds un cop finalitzada la Guerra Civil Espanyola.<br \/>\nVan poder trepitjar la platja d\u2019Argelers on milers de refugiats espanyols hi van malviure durant els anys de post-guerra i despr\u00e9s van visitar el poble Cotlliure i el cementiri on est\u00e0 enterrat el poeta Antonio Machado que va morir a l\u2019exili. Tamb\u00e9 van fer una visita a la Maternitat d\u2019Elna, on l\u2019Assumpta els va transmetre la import\u00e0ncia d\u2019aquest lloc i el qu\u00e8 va significar per a les dones embarassades i els seus fills.<br \/>\n<a href=\"https:\/\/lh3.googleusercontent.com\/pw\/AM-JKLXBOs1idL9qxNcC2_0cxStkvx36U4wUkvl-UW2StivJeAKj_1Yx28xGZjPbQeXyIkQ3wXxelRHjPgbClwzWPmUEI4zIvSf61lsy1LWdhRuQu-j7zgMxBjEEosm5HY5hfy8_lKvFkTpckIo43uzoFoLF=w1698-h955-no?authuser=0\" target=\"_blank\" rel=\"noopener\"><img loading=\"lazy\" decoding=\"async\" class=\"alignnone\" src=\"https:\/\/lh3.googleusercontent.com\/pw\/AM-JKLXBOs1idL9qxNcC2_0cxStkvx36U4wUkvl-UW2StivJeAKj_1Yx28xGZjPbQeXyIkQ3wXxelRHjPgbClwzWPmUEI4zIvSf61lsy1LWdhRuQu-j7zgMxBjEEosm5HY5hfy8_lKvFkTpckIo43uzoFoLF=w1698-h955-no?authuser=0\" alt=\"\" width=\"1698\" height=\"955\" \/><\/a><\/p>\n","protected":false},"excerpt":{"rendered":"<p>Els dies 27 d\u2019abril i 4 de maig els alumnes de 4t ESO van anar a Fran\u00e7a acompanyats de l\u2019Assumpta Montell\u00e0 que els va fer con\u00e8ixer les viv\u00e8ncies i la situaci\u00f3 que van viure les persones que van haver de marxar del pa\u00eds un cop finalitzada la Guerra Civil Espanyola. Van poder trepitjar la platja [&hellip;]<\/p>\n","protected":false},"author":1,"featured_media":10417,"comment_status":"closed","ping_status":"closed","sticky":false,"template":"","format":"standard","meta":{"site-sidebar-layout":"default","site-content-layout":"","ast-site-content-layout":"","site-content-style":"default","site-sidebar-style":"default","ast-global-header-display":"","ast-banner-title-visibility":"","ast-main-header-display":"","ast-hfb-above-header-display":"","ast-hfb-below-header-display":"","ast-hfb-mobile-header-display":"","site-post-title":"","ast-breadcrumbs-content":"","ast-featured-img":"","footer-sml-layout":"","theme-transparent-header-meta":"","adv-header-id-meta":"","stick-header-meta":"","header-above-stick-meta":"","header-main-stick-meta":"","header-below-stick-meta":"","astra-migrate-meta-layouts":"default","ast-page-background-enabled":"default","ast-page-background-meta":{"desktop":{"background-color":"var(--ast-global-color-4)","background-image":"","background-repeat":"repeat","background-position":"center center","background-size":"auto","background-attachment":"scroll","background-type":"","background-media":"","overlay-type":"","overlay-color":"","overlay-opacity":"","overlay-gradient":""},"tablet":{"background-color":"","background-image":"","background-repeat":"repeat","background-position":"center center","background-size":"auto","background-attachment":"scroll","background-type":"","background-media":"","overlay-type":"","overlay-color":"","overlay-opacity":"","overlay-gradient":""},"mobile":{"background-color":"","background-image":"","background-repeat":"repeat","background-position":"center center","background-size":"auto","background-attachment":"scroll","background-type":"","background-media":"","overlay-type":"","overlay-color":"","overlay-opacity":"","overlay-gradient":""}},"ast-content-background-meta":{"desktop":{"background-color":"var(--ast-global-color-5)","background-image":"","background-repeat":"repeat","background-position":"center center","background-size":"auto","background-attachment":"scroll","background-type":"","background-media":"","overlay-type":"","overlay-color":"","overlay-opacity":"","overlay-gradient":""},"tablet":{"background-color":"var(--ast-global-color-5)","background-image":"","background-repeat":"repeat","background-position":"center center","background-size":"auto","background-attachment":"scroll","background-type":"","background-media":"","overlay-type":"","overlay-color":"","overlay-opacity":"","overlay-gradient":""},"mobile":{"background-color":"var(--ast-global-color-5)","background-image":"","background-repeat":"repeat","background-position":"center center","background-size":"auto","background-attachment":"scroll","background-type":"","background-media":"","overlay-type":"","overlay-color":"","overlay-opacity":"","overlay-gradient":""}},"footnotes":""},"categories":[1],"tags":[],"class_list":["post-7623","post","type-post","status-publish","format-standard","has-post-thumbnail","hentry","category-general"],"post_mailing_queue_ids":[],"_links":{"self":[{"href":"https:\/\/agora.xtec.cat\/insquercus\/wp-json\/wp\/v2\/posts\/7623","targetHints":{"allow":["GET"]}}],"collection":[{"href":"https:\/\/agora.xtec.cat\/insquercus\/wp-json\/wp\/v2\/posts"}],"about":[{"href":"https:\/\/agora.xtec.cat\/insquercus\/wp-json\/wp\/v2\/types\/post"}],"author":[{"embeddable":true,"href":"https:\/\/agora.xtec.cat\/insquercus\/wp-json\/wp\/v2\/users\/1"}],"replies":[{"embeddable":true,"href":"https:\/\/agora.xtec.cat\/insquercus\/wp-json\/wp\/v2\/comments?post=7623"}],"version-history":[{"count":0,"href":"https:\/\/agora.xtec.cat\/insquercus\/wp-json\/wp\/v2\/posts\/7623\/revisions"}],"wp:featuredmedia":[{"embeddable":true,"href":"https:\/\/agora.xtec.cat\/insquercus\/wp-json\/wp\/v2\/media\/10417"}],"wp:attachment":[{"href":"https:\/\/agora.xtec.cat\/insquercus\/wp-json\/wp\/v2\/media?parent=7623"}],"wp:term":[{"taxonomy":"category","embeddable":true,"href":"https:\/\/agora.xtec.cat\/insquercus\/wp-json\/wp\/v2\/categories?post=7623"},{"taxonomy":"post_tag","embeddable":true,"href":"https:\/\/agora.xtec.cat\/insquercus\/wp-json\/wp\/v2\/tags?post=7623"}],"curies":[{"name":"wp","href":"https:\/\/api.w.org\/{rel}","templated":true}]}}