{"id":7540,"date":"2022-04-08T16:23:49","date_gmt":"2022-04-08T15:23:49","guid":{"rendered":"https:\/\/insquercus.cat\/?p=7540"},"modified":"2022-04-08T16:23:49","modified_gmt":"2022-04-08T15:23:49","slug":"caminades-de-la-salut","status":"publish","type":"post","link":"https:\/\/agora.xtec.cat\/insquercus\/general\/caminades-de-la-salut\/","title":{"rendered":"Caminades de la salut"},"content":{"rendered":"<p>El 8 d&#8217;abril ha estat el dia en qu\u00e8 tots els grups de 1r a 3r ESO hem sortit a caminar pels entorns de Sant Joan de Vilatorrada.<\/p>\n<div dir=\"auto\"><a href=\"https:\/\/photos.app.goo.gl\/ir3ZPLWpBdG1WB5Z7\"><img loading=\"lazy\" decoding=\"async\" class=\"alignnone size-medium wp-image-7541\" src=\"https:\/\/agora.xtec.cat\/insquercus\/wp-content\/uploads\/usu350\/2022\/04\/IMG-20220408-WA0011-300x225.jpg\" alt=\"\" width=\"300\" height=\"225\" srcset=\"https:\/\/agora.xtec.cat\/insquercus\/wp-content\/uploads\/usu350\/2022\/04\/IMG-20220408-WA0011-300x225.jpg 300w, https:\/\/agora.xtec.cat\/insquercus\/wp-content\/uploads\/usu350\/2022\/04\/IMG-20220408-WA0011-1024x768.jpg 1024w, https:\/\/agora.xtec.cat\/insquercus\/wp-content\/uploads\/usu350\/2022\/04\/IMG-20220408-WA0011-768x576.jpg 768w, https:\/\/agora.xtec.cat\/insquercus\/wp-content\/uploads\/usu350\/2022\/04\/IMG-20220408-WA0011-1536x1152.jpg 1536w, https:\/\/agora.xtec.cat\/insquercus\/wp-content\/uploads\/usu350\/2022\/04\/IMG-20220408-WA0011.jpg 1600w\" sizes=\"auto, (max-width: 300px) 100vw, 300px\" \/><\/a><\/div>\n<div dir=\"auto\"><\/div>\n<div dir=\"auto\">L&#8217;alumnat de 3r d&#8217;ESO ha estat acompanyat i dinamitzat per noies i nois del Cicle formatiu de grau mitj\u00e0 Guia en el medi natural i de temps de lleure.<\/div>\n<div dir=\"auto\">Hem anat caminant fins a Cal Cuques (a prop del Gorg Blau) i all\u00e0 hem participat de les activitats esportives que ens han organitzat l&#8217;alumnat del CFGM.<\/div>\n<div dir=\"auto\">Ha estat una jornada fant\u00e0stica; l&#8217;alumnat del CFGM ha condu\u00eft amb molt d&#8217;\u00e8xit totes les activitats i les noies i nois de 3r d&#8217;ESO s&#8217;ho han passat molt b\u00e9 .<\/div>\n","protected":false},"excerpt":{"rendered":"<p>El 8 d&#8217;abril ha estat el dia en qu\u00e8 tots els grups de 1r a 3r ESO hem sortit a caminar pels entorns de Sant Joan de Vilatorrada. L&#8217;alumnat de 3r d&#8217;ESO ha estat acompanyat i dinamitzat per noies i nois del Cicle formatiu de grau mitj\u00e0 Guia en el medi natural i de temps [&hellip;]<\/p>\n","protected":false},"author":1,"featured_media":10599,"comment_status":"closed","ping_status":"closed","sticky":false,"template":"","format":"standard","meta":{"site-sidebar-layout":"default","site-content-layout":"","ast-site-content-layout":"","site-content-style":"default","site-sidebar-style":"default","ast-global-header-display":"","ast-banner-title-visibility":"","ast-main-header-display":"","ast-hfb-above-header-display":"","ast-hfb-below-header-display":"","ast-hfb-mobile-header-display":"","site-post-title":"","ast-breadcrumbs-content":"","ast-featured-img":"","footer-sml-layout":"","theme-transparent-header-meta":"","adv-header-id-meta":"","stick-header-meta":"","header-above-stick-meta":"","header-main-stick-meta":"","header-below-stick-meta":"","astra-migrate-meta-layouts":"default","ast-page-background-enabled":"default","ast-page-background-meta":{"desktop":{"background-color":"var(--ast-global-color-4)","background-image":"","background-repeat":"repeat","background-position":"center center","background-size":"auto","background-attachment":"scroll","background-type":"","background-media":"","overlay-type":"","overlay-color":"","overlay-opacity":"","overlay-gradient":""},"tablet":{"background-color":"","background-image":"","background-repeat":"repeat","background-position":"center center","background-size":"auto","background-attachment":"scroll","background-type":"","background-media":"","overlay-type":"","overlay-color":"","overlay-opacity":"","overlay-gradient":""},"mobile":{"background-color":"","background-image":"","background-repeat":"repeat","background-position":"center center","background-size":"auto","background-attachment":"scroll","background-type":"","background-media":"","overlay-type":"","overlay-color":"","overlay-opacity":"","overlay-gradient":""}},"ast-content-background-meta":{"desktop":{"background-color":"var(--ast-global-color-5)","background-image":"","background-repeat":"repeat","background-position":"center center","background-size":"auto","background-attachment":"scroll","background-type":"","background-media":"","overlay-type":"","overlay-color":"","overlay-opacity":"","overlay-gradient":""},"tablet":{"background-color":"var(--ast-global-color-5)","background-image":"","background-repeat":"repeat","background-position":"center center","background-size":"auto","background-attachment":"scroll","background-type":"","background-media":"","overlay-type":"","overlay-color":"","overlay-opacity":"","overlay-gradient":""},"mobile":{"background-color":"var(--ast-global-color-5)","background-image":"","background-repeat":"repeat","background-position":"center center","background-size":"auto","background-attachment":"scroll","background-type":"","background-media":"","overlay-type":"","overlay-color":"","overlay-opacity":"","overlay-gradient":""}},"footnotes":""},"categories":[1],"tags":[],"class_list":["post-7540","post","type-post","status-publish","format-standard","has-post-thumbnail","hentry","category-general"],"post_mailing_queue_ids":[],"_links":{"self":[{"href":"https:\/\/agora.xtec.cat\/insquercus\/wp-json\/wp\/v2\/posts\/7540","targetHints":{"allow":["GET"]}}],"collection":[{"href":"https:\/\/agora.xtec.cat\/insquercus\/wp-json\/wp\/v2\/posts"}],"about":[{"href":"https:\/\/agora.xtec.cat\/insquercus\/wp-json\/wp\/v2\/types\/post"}],"author":[{"embeddable":true,"href":"https:\/\/agora.xtec.cat\/insquercus\/wp-json\/wp\/v2\/users\/1"}],"replies":[{"embeddable":true,"href":"https:\/\/agora.xtec.cat\/insquercus\/wp-json\/wp\/v2\/comments?post=7540"}],"version-history":[{"count":0,"href":"https:\/\/agora.xtec.cat\/insquercus\/wp-json\/wp\/v2\/posts\/7540\/revisions"}],"wp:featuredmedia":[{"embeddable":true,"href":"https:\/\/agora.xtec.cat\/insquercus\/wp-json\/wp\/v2\/media\/10599"}],"wp:attachment":[{"href":"https:\/\/agora.xtec.cat\/insquercus\/wp-json\/wp\/v2\/media?parent=7540"}],"wp:term":[{"taxonomy":"category","embeddable":true,"href":"https:\/\/agora.xtec.cat\/insquercus\/wp-json\/wp\/v2\/categories?post=7540"},{"taxonomy":"post_tag","embeddable":true,"href":"https:\/\/agora.xtec.cat\/insquercus\/wp-json\/wp\/v2\/tags?post=7540"}],"curies":[{"name":"wp","href":"https:\/\/api.w.org\/{rel}","templated":true}]}}