{"id":7508,"date":"2022-01-30T13:12:01","date_gmt":"2022-01-30T12:12:01","guid":{"rendered":"https:\/\/insquercus.cat\/?p=7508"},"modified":"2022-01-30T13:12:01","modified_gmt":"2022-01-30T12:12:01","slug":"beques","status":"publish","type":"post","link":"https:\/\/agora.xtec.cat\/insquercus\/general\/beques\/","title":{"rendered":"Beques"},"content":{"rendered":"<p><img loading=\"lazy\" decoding=\"async\" class=\"alignnone size-medium wp-image-7509\" src=\"https:\/\/agora.xtec.cat\/insquercus\/wp-content\/uploads\/usu350\/2022\/03\/beques-300x132.png\" alt=\"\" width=\"300\" height=\"132\" srcset=\"https:\/\/agora.xtec.cat\/insquercus\/wp-content\/uploads\/usu350\/2022\/03\/beques-300x132.png 300w, https:\/\/agora.xtec.cat\/insquercus\/wp-content\/uploads\/usu350\/2022\/03\/beques.png 666w\" sizes=\"auto, (max-width: 300px) 100vw, 300px\" \/><\/p>\n<p>&nbsp;<\/p>\n<div>El\u00a0<b>Ministerio de Educaci\u00f3n<\/b>\u00a0ha avan\u00e7at el termini de demanar\u00a0<b>beques per a\u00a0estudis postobligatoris\u00a0<\/b>(Batxillerat, Cicles Formatius, estudis Universitaris).<\/div>\n<div><\/div>\n<div>&#8211;\u00a0<b>Temini de sol\u00b7licitud de beques<\/b>: del 30 de mar\u00e7 a 12 de maig<\/div>\n<div>&#8211;\u00a0<b>Destinataris<\/b>: alumnes que el curs que ve (2022-2023) vulguin fer estudis postobligatoris.<\/div>\n<div>S&#8217;ha de sol\u00b7licitar la beca dins d&#8217;aquest termini,\u00a0<b>encara que l&#8217;alumne no s\u00e0piga qu\u00e8 estudiar\u00e0 o encara que no s\u00e0piga del cert si estudiar\u00e0 o no<\/b>. Cal posar els estudis que es considerin m\u00e9s probables i cap al setembre es podr\u00e0 canviar.<\/div>\n<div><\/div>\n<div>&#8211;\u00a0<b>Enlla\u00e7:<\/b><\/div>\n<div><\/div>\n<p><a href=\"https:\/\/www.educacionyfp.gob.es\/servicios-al-ciudadano\/catalogo\/general\/05\/050130\/ficha\/050130-2022.html\" target=\"_blank\" rel=\"noopener\" data-saferedirecturl=\"https:\/\/www.google.com\/url?q=https:\/\/www.educacionyfp.gob.es\/servicios-al-ciudadano\/catalogo\/general\/05\/050130\/ficha\/050130-2022.html&amp;source=gmail&amp;ust=1648727552303000&amp;usg=AOvVaw1_OzPHQrdoEZcVta1P8scd\">https:\/\/www.educacionyfp.gob.<wbr \/>es\/servicios-al-ciudadano\/<wbr \/>catalogo\/general\/05\/050130\/<wbr \/>ficha\/050130-2022.html<\/a><\/p>\n","protected":false},"excerpt":{"rendered":"<p>&nbsp; El\u00a0Ministerio de Educaci\u00f3n\u00a0ha avan\u00e7at el termini de demanar\u00a0beques per a\u00a0estudis postobligatoris\u00a0(Batxillerat, Cicles Formatius, estudis Universitaris). &#8211;\u00a0Temini de sol\u00b7licitud de beques: del 30 de mar\u00e7 a 12 de maig &#8211;\u00a0Destinataris: alumnes que el curs que ve (2022-2023) vulguin fer estudis postobligatoris. S&#8217;ha de sol\u00b7licitar la beca dins d&#8217;aquest termini,\u00a0encara que l&#8217;alumne no s\u00e0piga qu\u00e8 estudiar\u00e0 [&hellip;]<\/p>\n","protected":false},"author":1,"featured_media":7509,"comment_status":"closed","ping_status":"closed","sticky":false,"template":"","format":"standard","meta":{"site-sidebar-layout":"default","site-content-layout":"","ast-site-content-layout":"","site-content-style":"default","site-sidebar-style":"default","ast-global-header-display":"","ast-banner-title-visibility":"","ast-main-header-display":"","ast-hfb-above-header-display":"","ast-hfb-below-header-display":"","ast-hfb-mobile-header-display":"","site-post-title":"","ast-breadcrumbs-content":"","ast-featured-img":"","footer-sml-layout":"","theme-transparent-header-meta":"","adv-header-id-meta":"","stick-header-meta":"","header-above-stick-meta":"","header-main-stick-meta":"","header-below-stick-meta":"","astra-migrate-meta-layouts":"default","ast-page-background-enabled":"default","ast-page-background-meta":{"desktop":{"background-color":"var(--ast-global-color-4)","background-image":"","background-repeat":"repeat","background-position":"center center","background-size":"auto","background-attachment":"scroll","background-type":"","background-media":"","overlay-type":"","overlay-color":"","overlay-opacity":"","overlay-gradient":""},"tablet":{"background-color":"","background-image":"","background-repeat":"repeat","background-position":"center center","background-size":"auto","background-attachment":"scroll","background-type":"","background-media":"","overlay-type":"","overlay-color":"","overlay-opacity":"","overlay-gradient":""},"mobile":{"background-color":"","background-image":"","background-repeat":"repeat","background-position":"center center","background-size":"auto","background-attachment":"scroll","background-type":"","background-media":"","overlay-type":"","overlay-color":"","overlay-opacity":"","overlay-gradient":""}},"ast-content-background-meta":{"desktop":{"background-color":"var(--ast-global-color-5)","background-image":"","background-repeat":"repeat","background-position":"center center","background-size":"auto","background-attachment":"scroll","background-type":"","background-media":"","overlay-type":"","overlay-color":"","overlay-opacity":"","overlay-gradient":""},"tablet":{"background-color":"var(--ast-global-color-5)","background-image":"","background-repeat":"repeat","background-position":"center center","background-size":"auto","background-attachment":"scroll","background-type":"","background-media":"","overlay-type":"","overlay-color":"","overlay-opacity":"","overlay-gradient":""},"mobile":{"background-color":"var(--ast-global-color-5)","background-image":"","background-repeat":"repeat","background-position":"center center","background-size":"auto","background-attachment":"scroll","background-type":"","background-media":"","overlay-type":"","overlay-color":"","overlay-opacity":"","overlay-gradient":""}},"footnotes":""},"categories":[1],"tags":[],"class_list":["post-7508","post","type-post","status-publish","format-standard","has-post-thumbnail","hentry","category-general"],"post_mailing_queue_ids":[],"_links":{"self":[{"href":"https:\/\/agora.xtec.cat\/insquercus\/wp-json\/wp\/v2\/posts\/7508","targetHints":{"allow":["GET"]}}],"collection":[{"href":"https:\/\/agora.xtec.cat\/insquercus\/wp-json\/wp\/v2\/posts"}],"about":[{"href":"https:\/\/agora.xtec.cat\/insquercus\/wp-json\/wp\/v2\/types\/post"}],"author":[{"embeddable":true,"href":"https:\/\/agora.xtec.cat\/insquercus\/wp-json\/wp\/v2\/users\/1"}],"replies":[{"embeddable":true,"href":"https:\/\/agora.xtec.cat\/insquercus\/wp-json\/wp\/v2\/comments?post=7508"}],"version-history":[{"count":0,"href":"https:\/\/agora.xtec.cat\/insquercus\/wp-json\/wp\/v2\/posts\/7508\/revisions"}],"wp:featuredmedia":[{"embeddable":true,"href":"https:\/\/agora.xtec.cat\/insquercus\/wp-json\/wp\/v2\/media\/7509"}],"wp:attachment":[{"href":"https:\/\/agora.xtec.cat\/insquercus\/wp-json\/wp\/v2\/media?parent=7508"}],"wp:term":[{"taxonomy":"category","embeddable":true,"href":"https:\/\/agora.xtec.cat\/insquercus\/wp-json\/wp\/v2\/categories?post=7508"},{"taxonomy":"post_tag","embeddable":true,"href":"https:\/\/agora.xtec.cat\/insquercus\/wp-json\/wp\/v2\/tags?post=7508"}],"curies":[{"name":"wp","href":"https:\/\/api.w.org\/{rel}","templated":true}]}}