{"id":7122,"date":"2021-10-24T19:39:53","date_gmt":"2021-10-24T18:39:53","guid":{"rendered":"https:\/\/insquercus.cat\/?p=7122"},"modified":"2021-10-24T19:39:53","modified_gmt":"2021-10-24T18:39:53","slug":"els-alumnes-de-2n-deso-varem-fer-cim","status":"publish","type":"post","link":"https:\/\/agora.xtec.cat\/insquercus\/general\/els-alumnes-de-2n-deso-varem-fer-cim\/","title":{"rendered":"Els alumnes de 2n d&#8217;ESO varem fer cim !!!"},"content":{"rendered":"<p>Dijous 21 varem fer una travessa el mass\u00eds de Sant Lloren\u00e7 del Munt, de coll d&#8217;Estenalles a Matadapera, fent el cim de la Mola (1.103 m d&#8217;al\u00e7ada). Aquesta caminada \u00e9s una activitat de la UD de natura d&#8217;EF d&#8217;aquest trimestre. Els temps va ser molt tapat per\u00f2 no van faltar les forces per aconseguir l&#8217;objectiu. Enhorabona!<\/p>\n<p><a href=\"https:\/\/photos.app.goo.gl\/QtrCtCKHTBPotXfi8\" target=\"_blank\" rel=\"noopener\"><img loading=\"lazy\" decoding=\"async\" class=\"alignnone\" src=\"https:\/\/lh3.googleusercontent.com\/KQ_x9Oh57tBXpMC8XEJR_cg9GTbUOS6j_GA2_KFSaC6NlUov9Ep3cD5zNIDIrZv0h9l2eCkvJDQK4GndMHL4u-8sl8s7xgiyjkiqu8i0PzKJAkZbwpqHElEsnp33UhTS4JkU4k1HdEoz2ioKsoKtqJsJwNWaev2Y0X_Rv3DYgTjmtubrecGmOENQnA2iSdOlgJ9X6fDxZsPrPLmsmTOy771P7twuWEHeUK5_tuSMZ0Uz10xOsP7IYWAsqELi_tUbn4YLaI51CpqQK7V7E-_ilGYl25rt9eHNTiIK8CPoBipiUtS16VLHyGOOJksnsfqqGWQNnlgoFPr0taPrKw9gzllBapdqPy3N81-BDO3VOYmzCicWcLxzMzFlvgbwsqJErFyGeD48wCs3_XnPsv_g7Cjyvj_o5lDpe5jlNoazoB9Olh3Ch0T4qB9RUxNDTnCruFbVTqacM_x0NUzYE_NSdpGNUDxam3_C3VUh2XWk_lswD4DGGMK9YZ3I623KEaaTBxnMtGwh2Zvj-XEruhqqLXXvZuCjUL4tsPwjY9ralupNUw9CyklkKtpVZjDWh9UGgO0xy77K5SUs0TRGVtl6iAySh_x7jgKOA22wdnUoWoCzfT9RYmQ-c_ctp_5LBuY9Es2V_MfHVuInp6h4BfGTPWrNm9Xn7oeWqQyQrgxvkk8eLejvErygtIz3uFS4wDw38xhipaj9Mx7jYX46hbeTd1Qd=w960-h718-no?authuser=0\" alt=\"\" width=\"751\" height=\"562\" \/><\/a><\/p>\n","protected":false},"excerpt":{"rendered":"<p>Dijous 21 varem fer una travessa el mass\u00eds de Sant Lloren\u00e7 del Munt, de coll d&#8217;Estenalles a Matadapera, fent el cim de la Mola (1.103 m d&#8217;al\u00e7ada). Aquesta caminada \u00e9s una activitat de la UD de natura d&#8217;EF d&#8217;aquest trimestre. Els temps va ser molt tapat per\u00f2 no van faltar les forces per aconseguir l&#8217;objectiu. [&hellip;]<\/p>\n","protected":false},"author":1,"featured_media":10397,"comment_status":"closed","ping_status":"closed","sticky":false,"template":"","format":"standard","meta":{"site-sidebar-layout":"default","site-content-layout":"","ast-site-content-layout":"","site-content-style":"default","site-sidebar-style":"default","ast-global-header-display":"","ast-banner-title-visibility":"","ast-main-header-display":"","ast-hfb-above-header-display":"","ast-hfb-below-header-display":"","ast-hfb-mobile-header-display":"","site-post-title":"","ast-breadcrumbs-content":"","ast-featured-img":"","footer-sml-layout":"","theme-transparent-header-meta":"","adv-header-id-meta":"","stick-header-meta":"","header-above-stick-meta":"","header-main-stick-meta":"","header-below-stick-meta":"","astra-migrate-meta-layouts":"default","ast-page-background-enabled":"default","ast-page-background-meta":{"desktop":{"background-color":"var(--ast-global-color-4)","background-image":"","background-repeat":"repeat","background-position":"center center","background-size":"auto","background-attachment":"scroll","background-type":"","background-media":"","overlay-type":"","overlay-color":"","overlay-opacity":"","overlay-gradient":""},"tablet":{"background-color":"","background-image":"","background-repeat":"repeat","background-position":"center center","background-size":"auto","background-attachment":"scroll","background-type":"","background-media":"","overlay-type":"","overlay-color":"","overlay-opacity":"","overlay-gradient":""},"mobile":{"background-color":"","background-image":"","background-repeat":"repeat","background-position":"center center","background-size":"auto","background-attachment":"scroll","background-type":"","background-media":"","overlay-type":"","overlay-color":"","overlay-opacity":"","overlay-gradient":""}},"ast-content-background-meta":{"desktop":{"background-color":"var(--ast-global-color-5)","background-image":"","background-repeat":"repeat","background-position":"center center","background-size":"auto","background-attachment":"scroll","background-type":"","background-media":"","overlay-type":"","overlay-color":"","overlay-opacity":"","overlay-gradient":""},"tablet":{"background-color":"var(--ast-global-color-5)","background-image":"","background-repeat":"repeat","background-position":"center center","background-size":"auto","background-attachment":"scroll","background-type":"","background-media":"","overlay-type":"","overlay-color":"","overlay-opacity":"","overlay-gradient":""},"mobile":{"background-color":"var(--ast-global-color-5)","background-image":"","background-repeat":"repeat","background-position":"center center","background-size":"auto","background-attachment":"scroll","background-type":"","background-media":"","overlay-type":"","overlay-color":"","overlay-opacity":"","overlay-gradient":""}},"footnotes":""},"categories":[1],"tags":[],"class_list":["post-7122","post","type-post","status-publish","format-standard","has-post-thumbnail","hentry","category-general"],"post_mailing_queue_ids":[],"_links":{"self":[{"href":"https:\/\/agora.xtec.cat\/insquercus\/wp-json\/wp\/v2\/posts\/7122","targetHints":{"allow":["GET"]}}],"collection":[{"href":"https:\/\/agora.xtec.cat\/insquercus\/wp-json\/wp\/v2\/posts"}],"about":[{"href":"https:\/\/agora.xtec.cat\/insquercus\/wp-json\/wp\/v2\/types\/post"}],"author":[{"embeddable":true,"href":"https:\/\/agora.xtec.cat\/insquercus\/wp-json\/wp\/v2\/users\/1"}],"replies":[{"embeddable":true,"href":"https:\/\/agora.xtec.cat\/insquercus\/wp-json\/wp\/v2\/comments?post=7122"}],"version-history":[{"count":0,"href":"https:\/\/agora.xtec.cat\/insquercus\/wp-json\/wp\/v2\/posts\/7122\/revisions"}],"wp:featuredmedia":[{"embeddable":true,"href":"https:\/\/agora.xtec.cat\/insquercus\/wp-json\/wp\/v2\/media\/10397"}],"wp:attachment":[{"href":"https:\/\/agora.xtec.cat\/insquercus\/wp-json\/wp\/v2\/media?parent=7122"}],"wp:term":[{"taxonomy":"category","embeddable":true,"href":"https:\/\/agora.xtec.cat\/insquercus\/wp-json\/wp\/v2\/categories?post=7122"},{"taxonomy":"post_tag","embeddable":true,"href":"https:\/\/agora.xtec.cat\/insquercus\/wp-json\/wp\/v2\/tags?post=7122"}],"curies":[{"name":"wp","href":"https:\/\/api.w.org\/{rel}","templated":true}]}}