{"id":6645,"date":"2021-06-10T08:33:59","date_gmt":"2021-06-10T07:33:59","guid":{"rendered":"http:\/\/insquercus.cat\/?p=6645"},"modified":"2021-06-10T08:33:59","modified_gmt":"2021-06-10T07:33:59","slug":"6645","status":"publish","type":"post","link":"https:\/\/agora.xtec.cat\/insquercus\/general\/6645\/","title":{"rendered":"Treball de s\u00edntesi -3er d&#8217;ESO-"},"content":{"rendered":"<p>&nbsp;<\/p>\n<p dir=\"ltr\"><a href=\"http:\/\/Dins de les activitats que l\u2019alumnat de 3r d\u2019ESO est\u00e0 realitzant aquesta setmana pel cr\u00e8dit de s\u00edntesi s\u2019ha realitzat el taller \u201cVolcans, oceans i canvi clim\u00e0tic\u201d.\u00a0 Aquesta activitat tracta sobre les causes de l\u2019augment dels gasos d\u2019efecte hivernacle i les seves conseq\u00fc\u00e8ncies. El di\u00f2xid de carboni \u00e9s el principal gas d\u2019efecte hivernacle que contribueix a l\u2019escalfament global, ja que la majoria de les emissions que es donen s\u00f3n antropog\u00e8niques, \u00e9s a dir, realitzades de forma directa o indirecte per les persones.\u00a0 Amb aquest taller l\u2019alumnat ha treballat les conseq\u00fc\u00e8ncies de l\u2019augment del CO2 tant a l\u2019atmosfera com als mars i oceans i com podem trobar solucions a aquest problema a partir de molts experiments que han realitzat a l\u2019aula.\"><img loading=\"lazy\" decoding=\"async\" class=\"alignnone size-medium wp-image-6646\" src=\"http:\/\/insquercus.cat\/wp-content\/uploads\/2021\/06\/IMG_20210608_095642-300x225.jpg\" alt=\"\" width=\"300\" height=\"225\" \/><\/a><\/p>\n<p>&nbsp;<\/p>\n<p id=\"m_8654095127819280112gmail-docs-internal-guid-081ce132-7fff-e6d6-5e32-fd151dc8ffac\" dir=\"ltr\">Dins de les activitats que l\u2019alumnat de 3r d\u2019ESO est\u00e0 realitzant aquesta setmana pel cr\u00e8dit de s\u00edntesi s\u2019ha realitzat el taller \u201cVolcans, oceans i canvi clim\u00e0tic\u201d.<\/p>\n<p dir=\"ltr\">Aquesta activitat tracta sobre les causes de l\u2019augment dels gasos d\u2019efecte hivernacle i les seves conseq\u00fc\u00e8ncies. El di\u00f2xid de carboni \u00e9s el principal gas d\u2019efecte hivernacle que contribueix a l\u2019escalfament global, ja que la majoria de les emissions que es donen s\u00f3n antropog\u00e8niques, \u00e9s a dir, realitzades de forma directa o indirecte per les persones.<\/p>\n<p dir=\"ltr\">Amb aquest taller l\u2019alumnat ha treballat les conseq\u00fc\u00e8ncies de l\u2019augment del CO2 tant a l\u2019atmosfera com als mars i oceans i com podem trobar solucions a aquest problema a partir de molts experiments que han realitzat a l\u2019aula.<\/p>\n","protected":false},"excerpt":{"rendered":"<p>&nbsp; &nbsp; Dins de les activitats que l\u2019alumnat de 3r d\u2019ESO est\u00e0 realitzant aquesta setmana pel cr\u00e8dit de s\u00edntesi s\u2019ha realitzat el taller \u201cVolcans, oceans i canvi clim\u00e0tic\u201d. Aquesta activitat tracta sobre les causes de l\u2019augment dels gasos d\u2019efecte hivernacle i les seves conseq\u00fc\u00e8ncies. El di\u00f2xid de carboni \u00e9s el principal gas d\u2019efecte hivernacle que [&hellip;]<\/p>\n","protected":false},"author":1,"featured_media":10491,"comment_status":"closed","ping_status":"closed","sticky":false,"template":"","format":"standard","meta":{"site-sidebar-layout":"default","site-content-layout":"","ast-site-content-layout":"","site-content-style":"default","site-sidebar-style":"default","ast-global-header-display":"","ast-banner-title-visibility":"","ast-main-header-display":"","ast-hfb-above-header-display":"","ast-hfb-below-header-display":"","ast-hfb-mobile-header-display":"","site-post-title":"","ast-breadcrumbs-content":"","ast-featured-img":"","footer-sml-layout":"","theme-transparent-header-meta":"","adv-header-id-meta":"","stick-header-meta":"","header-above-stick-meta":"","header-main-stick-meta":"","header-below-stick-meta":"","astra-migrate-meta-layouts":"default","ast-page-background-enabled":"default","ast-page-background-meta":{"desktop":{"background-color":"var(--ast-global-color-4)","background-image":"","background-repeat":"repeat","background-position":"center center","background-size":"auto","background-attachment":"scroll","background-type":"","background-media":"","overlay-type":"","overlay-color":"","overlay-opacity":"","overlay-gradient":""},"tablet":{"background-color":"","background-image":"","background-repeat":"repeat","background-position":"center center","background-size":"auto","background-attachment":"scroll","background-type":"","background-media":"","overlay-type":"","overlay-color":"","overlay-opacity":"","overlay-gradient":""},"mobile":{"background-color":"","background-image":"","background-repeat":"repeat","background-position":"center center","background-size":"auto","background-attachment":"scroll","background-type":"","background-media":"","overlay-type":"","overlay-color":"","overlay-opacity":"","overlay-gradient":""}},"ast-content-background-meta":{"desktop":{"background-color":"var(--ast-global-color-5)","background-image":"","background-repeat":"repeat","background-position":"center center","background-size":"auto","background-attachment":"scroll","background-type":"","background-media":"","overlay-type":"","overlay-color":"","overlay-opacity":"","overlay-gradient":""},"tablet":{"background-color":"var(--ast-global-color-5)","background-image":"","background-repeat":"repeat","background-position":"center center","background-size":"auto","background-attachment":"scroll","background-type":"","background-media":"","overlay-type":"","overlay-color":"","overlay-opacity":"","overlay-gradient":""},"mobile":{"background-color":"var(--ast-global-color-5)","background-image":"","background-repeat":"repeat","background-position":"center center","background-size":"auto","background-attachment":"scroll","background-type":"","background-media":"","overlay-type":"","overlay-color":"","overlay-opacity":"","overlay-gradient":""}},"footnotes":""},"categories":[1],"tags":[],"class_list":["post-6645","post","type-post","status-publish","format-standard","has-post-thumbnail","hentry","category-general"],"post_mailing_queue_ids":[],"_links":{"self":[{"href":"https:\/\/agora.xtec.cat\/insquercus\/wp-json\/wp\/v2\/posts\/6645","targetHints":{"allow":["GET"]}}],"collection":[{"href":"https:\/\/agora.xtec.cat\/insquercus\/wp-json\/wp\/v2\/posts"}],"about":[{"href":"https:\/\/agora.xtec.cat\/insquercus\/wp-json\/wp\/v2\/types\/post"}],"author":[{"embeddable":true,"href":"https:\/\/agora.xtec.cat\/insquercus\/wp-json\/wp\/v2\/users\/1"}],"replies":[{"embeddable":true,"href":"https:\/\/agora.xtec.cat\/insquercus\/wp-json\/wp\/v2\/comments?post=6645"}],"version-history":[{"count":0,"href":"https:\/\/agora.xtec.cat\/insquercus\/wp-json\/wp\/v2\/posts\/6645\/revisions"}],"wp:featuredmedia":[{"embeddable":true,"href":"https:\/\/agora.xtec.cat\/insquercus\/wp-json\/wp\/v2\/media\/10491"}],"wp:attachment":[{"href":"https:\/\/agora.xtec.cat\/insquercus\/wp-json\/wp\/v2\/media?parent=6645"}],"wp:term":[{"taxonomy":"category","embeddable":true,"href":"https:\/\/agora.xtec.cat\/insquercus\/wp-json\/wp\/v2\/categories?post=6645"},{"taxonomy":"post_tag","embeddable":true,"href":"https:\/\/agora.xtec.cat\/insquercus\/wp-json\/wp\/v2\/tags?post=6645"}],"curies":[{"name":"wp","href":"https:\/\/api.w.org\/{rel}","templated":true}]}}