{"id":5543,"date":"2020-11-23T10:38:29","date_gmt":"2020-11-23T09:38:29","guid":{"rendered":"http:\/\/insquercus.cat\/?p=5543"},"modified":"2020-11-23T10:38:29","modified_gmt":"2020-11-23T09:38:29","slug":"setmana-de-la-ciencia-2","status":"publish","type":"post","link":"https:\/\/agora.xtec.cat\/insquercus\/general\/setmana-de-la-ciencia-2\/","title":{"rendered":"Setmana de la ci\u00e8ncia"},"content":{"rendered":"<p><a href=\"https:\/\/photos.app.goo.gl\/71v1SSoqzJNz1ee6A\"><img loading=\"lazy\" decoding=\"async\" class=\"alignnone size-medium wp-image-5534\" src=\"http:\/\/insquercus.cat\/wp-content\/uploads\/2020\/11\/IMG_20201119_081539-300x225.jpg\" alt=\"\" width=\"300\" height=\"225\" \/><\/a><\/p>\n<p><span style=\"font-weight: 400;\">Aquesta setmana hem commemorat la setmana de la ci\u00e8ncia a l\u2019institut. Al llarg de la setmana s\u2019han dut a terme diverses activitats a diferents nivells. A 3r d\u2019ESO i a 1r de batxillerat s\u2019han fet diverses xerrades de la Marat\u00f3 de TV3 amb l\u2019objectiu de conscienciar els joves sobre les malalties tractades al programa. Enguany se centra a buscar esfor\u00e7os per sensibilitzar i divulgar sobre la Covid-19, una malaltia infecciosa greu, nova i desconeguda, causada per un virus, de la fam\u00edlia dels coronavirus, anomenat SARS-CoV-2.<\/span><\/p>\n<p>&nbsp;<\/p>\n<p><span style=\"font-weight: 400;\">Aquest any el format d\u2019aquestes sessions ha estat diferent a causa de la pand\u00e8mia que estem vivint i s\u2019han realitzat de forma telem\u00e0tica. Aquestes xerrades divulgatives expliquen a l\u2019alumnat la import\u00e0ncia de la prevenci\u00f3, aix\u00ed com les diferents afectacions que pot tenir aquesta malaltia.<\/span><\/p>\n","protected":false},"excerpt":{"rendered":"<p>Aquesta setmana hem commemorat la setmana de la ci\u00e8ncia a l\u2019institut. Al llarg de la setmana s\u2019han dut a terme diverses activitats a diferents nivells. A 3r d\u2019ESO i a 1r de batxillerat s\u2019han fet diverses xerrades de la Marat\u00f3 de TV3 amb l\u2019objectiu de conscienciar els joves sobre les malalties tractades al programa. Enguany [&hellip;]<\/p>\n","protected":false},"author":1,"featured_media":5534,"comment_status":"closed","ping_status":"closed","sticky":false,"template":"","format":"standard","meta":{"site-sidebar-layout":"default","site-content-layout":"","ast-site-content-layout":"","site-content-style":"default","site-sidebar-style":"default","ast-global-header-display":"","ast-banner-title-visibility":"","ast-main-header-display":"","ast-hfb-above-header-display":"","ast-hfb-below-header-display":"","ast-hfb-mobile-header-display":"","site-post-title":"","ast-breadcrumbs-content":"","ast-featured-img":"","footer-sml-layout":"","theme-transparent-header-meta":"","adv-header-id-meta":"","stick-header-meta":"","header-above-stick-meta":"","header-main-stick-meta":"","header-below-stick-meta":"","astra-migrate-meta-layouts":"default","ast-page-background-enabled":"default","ast-page-background-meta":{"desktop":{"background-color":"var(--ast-global-color-4)","background-image":"","background-repeat":"repeat","background-position":"center center","background-size":"auto","background-attachment":"scroll","background-type":"","background-media":"","overlay-type":"","overlay-color":"","overlay-opacity":"","overlay-gradient":""},"tablet":{"background-color":"","background-image":"","background-repeat":"repeat","background-position":"center center","background-size":"auto","background-attachment":"scroll","background-type":"","background-media":"","overlay-type":"","overlay-color":"","overlay-opacity":"","overlay-gradient":""},"mobile":{"background-color":"","background-image":"","background-repeat":"repeat","background-position":"center center","background-size":"auto","background-attachment":"scroll","background-type":"","background-media":"","overlay-type":"","overlay-color":"","overlay-opacity":"","overlay-gradient":""}},"ast-content-background-meta":{"desktop":{"background-color":"var(--ast-global-color-5)","background-image":"","background-repeat":"repeat","background-position":"center center","background-size":"auto","background-attachment":"scroll","background-type":"","background-media":"","overlay-type":"","overlay-color":"","overlay-opacity":"","overlay-gradient":""},"tablet":{"background-color":"var(--ast-global-color-5)","background-image":"","background-repeat":"repeat","background-position":"center center","background-size":"auto","background-attachment":"scroll","background-type":"","background-media":"","overlay-type":"","overlay-color":"","overlay-opacity":"","overlay-gradient":""},"mobile":{"background-color":"var(--ast-global-color-5)","background-image":"","background-repeat":"repeat","background-position":"center center","background-size":"auto","background-attachment":"scroll","background-type":"","background-media":"","overlay-type":"","overlay-color":"","overlay-opacity":"","overlay-gradient":""}},"footnotes":""},"categories":[1],"tags":[],"class_list":["post-5543","post","type-post","status-publish","format-standard","has-post-thumbnail","hentry","category-general"],"post_mailing_queue_ids":[],"_links":{"self":[{"href":"https:\/\/agora.xtec.cat\/insquercus\/wp-json\/wp\/v2\/posts\/5543","targetHints":{"allow":["GET"]}}],"collection":[{"href":"https:\/\/agora.xtec.cat\/insquercus\/wp-json\/wp\/v2\/posts"}],"about":[{"href":"https:\/\/agora.xtec.cat\/insquercus\/wp-json\/wp\/v2\/types\/post"}],"author":[{"embeddable":true,"href":"https:\/\/agora.xtec.cat\/insquercus\/wp-json\/wp\/v2\/users\/1"}],"replies":[{"embeddable":true,"href":"https:\/\/agora.xtec.cat\/insquercus\/wp-json\/wp\/v2\/comments?post=5543"}],"version-history":[{"count":0,"href":"https:\/\/agora.xtec.cat\/insquercus\/wp-json\/wp\/v2\/posts\/5543\/revisions"}],"wp:featuredmedia":[{"embeddable":true,"href":"https:\/\/agora.xtec.cat\/insquercus\/wp-json\/wp\/v2\/media\/5534"}],"wp:attachment":[{"href":"https:\/\/agora.xtec.cat\/insquercus\/wp-json\/wp\/v2\/media?parent=5543"}],"wp:term":[{"taxonomy":"category","embeddable":true,"href":"https:\/\/agora.xtec.cat\/insquercus\/wp-json\/wp\/v2\/categories?post=5543"},{"taxonomy":"post_tag","embeddable":true,"href":"https:\/\/agora.xtec.cat\/insquercus\/wp-json\/wp\/v2\/tags?post=5543"}],"curies":[{"name":"wp","href":"https:\/\/api.w.org\/{rel}","templated":true}]}}