{"id":3780,"date":"2019-11-13T21:52:09","date_gmt":"2019-11-13T20:52:09","guid":{"rendered":"http:\/\/insquercus.cat\/?p=3780"},"modified":"2019-11-13T21:52:09","modified_gmt":"2019-11-13T20:52:09","slug":"3780","status":"publish","type":"post","link":"https:\/\/agora.xtec.cat\/insquercus\/general\/3780\/","title":{"rendered":"Sortida de 4 ESO a Sant Jeroni"},"content":{"rendered":"<p>&#8220;Dijous passat 7 de novembre, els alumnes de 4rt van pujar caminant fins Sant Jeroni, cim de la muntanya de Montserrat. Tot i el fred i els n\u00favols vam poder gaudir d&#8217;una bona excursi\u00f3 i d&#8217;unes vistes fant\u00e0stiques, i des d&#8217;on a m\u00e9s de veure el mar vam poder veure Sant Joan de Vilatorrada&#8221;<\/p>\n<p><a href=\"https:\/\/photos.app.goo.gl\/s9Pe5TcpAPqqW4HLA\" target=\"_blank\" rel=\"noopener noreferrer\"><img loading=\"lazy\" decoding=\"async\" class=\"alignnone size-medium wp-image-3781\" src=\"https:\/\/agora.xtec.cat\/insquercus\/wp-content\/uploads\/usu350\/2019\/11\/IMG_20191107_113751-300x169.jpg\" alt=\"\" width=\"300\" height=\"169\" srcset=\"https:\/\/agora.xtec.cat\/insquercus\/wp-content\/uploads\/usu350\/2019\/11\/IMG_20191107_113751-300x169.jpg 300w, https:\/\/agora.xtec.cat\/insquercus\/wp-content\/uploads\/usu350\/2019\/11\/IMG_20191107_113751-1024x576.jpg 1024w, https:\/\/agora.xtec.cat\/insquercus\/wp-content\/uploads\/usu350\/2019\/11\/IMG_20191107_113751-768x432.jpg 768w, https:\/\/agora.xtec.cat\/insquercus\/wp-content\/uploads\/usu350\/2019\/11\/IMG_20191107_113751-1536x864.jpg 1536w, https:\/\/agora.xtec.cat\/insquercus\/wp-content\/uploads\/usu350\/2019\/11\/IMG_20191107_113751-2048x1152.jpg 2048w\" sizes=\"auto, (max-width: 300px) 100vw, 300px\" \/><\/a><\/p>\n","protected":false},"excerpt":{"rendered":"<p>&#8220;Dijous passat 7 de novembre, els alumnes de 4rt van pujar caminant fins Sant Jeroni, cim de la muntanya de Montserrat. Tot i el fred i els n\u00favols vam poder gaudir d&#8217;una bona excursi\u00f3 i d&#8217;unes vistes fant\u00e0stiques, i des d&#8217;on a m\u00e9s de veure el mar vam poder veure Sant Joan de Vilatorrada&#8221;<\/p>\n","protected":false},"author":1,"featured_media":10374,"comment_status":"closed","ping_status":"closed","sticky":false,"template":"","format":"standard","meta":{"site-sidebar-layout":"default","site-content-layout":"","ast-site-content-layout":"","site-content-style":"default","site-sidebar-style":"default","ast-global-header-display":"","ast-banner-title-visibility":"","ast-main-header-display":"","ast-hfb-above-header-display":"","ast-hfb-below-header-display":"","ast-hfb-mobile-header-display":"","site-post-title":"","ast-breadcrumbs-content":"","ast-featured-img":"","footer-sml-layout":"","theme-transparent-header-meta":"","adv-header-id-meta":"","stick-header-meta":"","header-above-stick-meta":"","header-main-stick-meta":"","header-below-stick-meta":"","astra-migrate-meta-layouts":"default","ast-page-background-enabled":"default","ast-page-background-meta":{"desktop":{"background-color":"var(--ast-global-color-4)","background-image":"","background-repeat":"repeat","background-position":"center center","background-size":"auto","background-attachment":"scroll","background-type":"","background-media":"","overlay-type":"","overlay-color":"","overlay-opacity":"","overlay-gradient":""},"tablet":{"background-color":"","background-image":"","background-repeat":"repeat","background-position":"center center","background-size":"auto","background-attachment":"scroll","background-type":"","background-media":"","overlay-type":"","overlay-color":"","overlay-opacity":"","overlay-gradient":""},"mobile":{"background-color":"","background-image":"","background-repeat":"repeat","background-position":"center center","background-size":"auto","background-attachment":"scroll","background-type":"","background-media":"","overlay-type":"","overlay-color":"","overlay-opacity":"","overlay-gradient":""}},"ast-content-background-meta":{"desktop":{"background-color":"var(--ast-global-color-5)","background-image":"","background-repeat":"repeat","background-position":"center center","background-size":"auto","background-attachment":"scroll","background-type":"","background-media":"","overlay-type":"","overlay-color":"","overlay-opacity":"","overlay-gradient":""},"tablet":{"background-color":"var(--ast-global-color-5)","background-image":"","background-repeat":"repeat","background-position":"center center","background-size":"auto","background-attachment":"scroll","background-type":"","background-media":"","overlay-type":"","overlay-color":"","overlay-opacity":"","overlay-gradient":""},"mobile":{"background-color":"var(--ast-global-color-5)","background-image":"","background-repeat":"repeat","background-position":"center center","background-size":"auto","background-attachment":"scroll","background-type":"","background-media":"","overlay-type":"","overlay-color":"","overlay-opacity":"","overlay-gradient":""}},"footnotes":""},"categories":[1],"tags":[],"class_list":["post-3780","post","type-post","status-publish","format-standard","has-post-thumbnail","hentry","category-general"],"post_mailing_queue_ids":[],"_links":{"self":[{"href":"https:\/\/agora.xtec.cat\/insquercus\/wp-json\/wp\/v2\/posts\/3780","targetHints":{"allow":["GET"]}}],"collection":[{"href":"https:\/\/agora.xtec.cat\/insquercus\/wp-json\/wp\/v2\/posts"}],"about":[{"href":"https:\/\/agora.xtec.cat\/insquercus\/wp-json\/wp\/v2\/types\/post"}],"author":[{"embeddable":true,"href":"https:\/\/agora.xtec.cat\/insquercus\/wp-json\/wp\/v2\/users\/1"}],"replies":[{"embeddable":true,"href":"https:\/\/agora.xtec.cat\/insquercus\/wp-json\/wp\/v2\/comments?post=3780"}],"version-history":[{"count":0,"href":"https:\/\/agora.xtec.cat\/insquercus\/wp-json\/wp\/v2\/posts\/3780\/revisions"}],"wp:featuredmedia":[{"embeddable":true,"href":"https:\/\/agora.xtec.cat\/insquercus\/wp-json\/wp\/v2\/media\/10374"}],"wp:attachment":[{"href":"https:\/\/agora.xtec.cat\/insquercus\/wp-json\/wp\/v2\/media?parent=3780"}],"wp:term":[{"taxonomy":"category","embeddable":true,"href":"https:\/\/agora.xtec.cat\/insquercus\/wp-json\/wp\/v2\/categories?post=3780"},{"taxonomy":"post_tag","embeddable":true,"href":"https:\/\/agora.xtec.cat\/insquercus\/wp-json\/wp\/v2\/tags?post=3780"}],"curies":[{"name":"wp","href":"https:\/\/api.w.org\/{rel}","templated":true}]}}