{"id":1025,"date":"2017-11-13T21:26:02","date_gmt":"2017-11-13T19:26:02","guid":{"rendered":"http:\/\/iesquercus.com\/?p=1025"},"modified":"2017-11-13T21:26:02","modified_gmt":"2017-11-13T19:26:02","slug":"programa-escola-i-empresa-femcat","status":"publish","type":"post","link":"https:\/\/agora.xtec.cat\/insquercus\/general\/programa-escola-i-empresa-femcat\/","title":{"rendered":"Programa Escola i Empresa FemCAT"},"content":{"rendered":"<p><img loading=\"lazy\" decoding=\"async\" class=\"alignnone size-medium wp-image-1068\" src=\"http:\/\/iesquercus.com\/wp-content\/uploads\/2017\/11\/20171110_113816-300x169.jpg\" alt=\"\" width=\"300\" height=\"169\" srcset=\"https:\/\/agora.xtec.cat\/insquercus\/wp-content\/uploads\/usu350\/2017\/11\/20171110_113816-300x169.jpg 300w, https:\/\/agora.xtec.cat\/insquercus\/wp-content\/uploads\/usu350\/2017\/11\/20171110_113816-1024x576.jpg 1024w, https:\/\/agora.xtec.cat\/insquercus\/wp-content\/uploads\/usu350\/2017\/11\/20171110_113816-768x432.jpg 768w, https:\/\/agora.xtec.cat\/insquercus\/wp-content\/uploads\/usu350\/2017\/11\/20171110_113816-1536x864.jpg 1536w, https:\/\/agora.xtec.cat\/insquercus\/wp-content\/uploads\/usu350\/2017\/11\/20171110_113816-2048x1152.jpg 2048w\" sizes=\"auto, (max-width: 300px) 100vw, 300px\" \/><\/p>\n<p>El passat divendres, el senyor Joan Font, president del grup Bonpreu, va venir al nostre centre a fer una sessi\u00f3 del programa Escola i Empresa de FemCAT, per a l\u2019alumnat d\u2019economia de l\u2019empresa de batxillerat i de CFGM d\u2019instal\u00b7lacions de producci\u00f3 de calor. De manera molt planera i engrescadora ens va donar una visi\u00f3 del m\u00f3n empresarial i ens va mostrar la import\u00e0ncia que<br \/>\nt\u00e9 la formaci\u00f3 per entrar al m\u00f3n laboral.<\/p>\n","protected":false},"excerpt":{"rendered":"<p>El passat divendres, el senyor Joan Font, president del grup Bonpreu, va venir al nostre centre a fer una sessi\u00f3 del programa Escola i Empresa de FemCAT, per a l\u2019alumnat d\u2019economia de l\u2019empresa de batxillerat i de CFGM d\u2019instal\u00b7lacions de producci\u00f3 de calor. De manera molt planera i engrescadora ens va donar una visi\u00f3 del [&hellip;]<\/p>\n","protected":false},"author":7,"featured_media":1068,"comment_status":"open","ping_status":"open","sticky":false,"template":"","format":"standard","meta":{"site-sidebar-layout":"default","site-content-layout":"","ast-site-content-layout":"","site-content-style":"default","site-sidebar-style":"default","ast-global-header-display":"","ast-banner-title-visibility":"","ast-main-header-display":"","ast-hfb-above-header-display":"","ast-hfb-below-header-display":"","ast-hfb-mobile-header-display":"","site-post-title":"","ast-breadcrumbs-content":"","ast-featured-img":"","footer-sml-layout":"","theme-transparent-header-meta":"","adv-header-id-meta":"","stick-header-meta":"","header-above-stick-meta":"","header-main-stick-meta":"","header-below-stick-meta":"","astra-migrate-meta-layouts":"default","ast-page-background-enabled":"default","ast-page-background-meta":{"desktop":{"background-color":"var(--ast-global-color-4)","background-image":"","background-repeat":"repeat","background-position":"center center","background-size":"auto","background-attachment":"scroll","background-type":"","background-media":"","overlay-type":"","overlay-color":"","overlay-opacity":"","overlay-gradient":""},"tablet":{"background-color":"","background-image":"","background-repeat":"repeat","background-position":"center center","background-size":"auto","background-attachment":"scroll","background-type":"","background-media":"","overlay-type":"","overlay-color":"","overlay-opacity":"","overlay-gradient":""},"mobile":{"background-color":"","background-image":"","background-repeat":"repeat","background-position":"center center","background-size":"auto","background-attachment":"scroll","background-type":"","background-media":"","overlay-type":"","overlay-color":"","overlay-opacity":"","overlay-gradient":""}},"ast-content-background-meta":{"desktop":{"background-color":"var(--ast-global-color-5)","background-image":"","background-repeat":"repeat","background-position":"center center","background-size":"auto","background-attachment":"scroll","background-type":"","background-media":"","overlay-type":"","overlay-color":"","overlay-opacity":"","overlay-gradient":""},"tablet":{"background-color":"var(--ast-global-color-5)","background-image":"","background-repeat":"repeat","background-position":"center center","background-size":"auto","background-attachment":"scroll","background-type":"","background-media":"","overlay-type":"","overlay-color":"","overlay-opacity":"","overlay-gradient":""},"mobile":{"background-color":"var(--ast-global-color-5)","background-image":"","background-repeat":"repeat","background-position":"center center","background-size":"auto","background-attachment":"scroll","background-type":"","background-media":"","overlay-type":"","overlay-color":"","overlay-opacity":"","overlay-gradient":""}},"footnotes":""},"categories":[1],"tags":[],"class_list":["post-1025","post","type-post","status-publish","format-standard","has-post-thumbnail","hentry","category-general"],"post_mailing_queue_ids":[],"_links":{"self":[{"href":"https:\/\/agora.xtec.cat\/insquercus\/wp-json\/wp\/v2\/posts\/1025","targetHints":{"allow":["GET"]}}],"collection":[{"href":"https:\/\/agora.xtec.cat\/insquercus\/wp-json\/wp\/v2\/posts"}],"about":[{"href":"https:\/\/agora.xtec.cat\/insquercus\/wp-json\/wp\/v2\/types\/post"}],"author":[{"embeddable":true,"href":"https:\/\/agora.xtec.cat\/insquercus\/wp-json\/wp\/v2\/users\/7"}],"replies":[{"embeddable":true,"href":"https:\/\/agora.xtec.cat\/insquercus\/wp-json\/wp\/v2\/comments?post=1025"}],"version-history":[{"count":0,"href":"https:\/\/agora.xtec.cat\/insquercus\/wp-json\/wp\/v2\/posts\/1025\/revisions"}],"wp:featuredmedia":[{"embeddable":true,"href":"https:\/\/agora.xtec.cat\/insquercus\/wp-json\/wp\/v2\/media\/1068"}],"wp:attachment":[{"href":"https:\/\/agora.xtec.cat\/insquercus\/wp-json\/wp\/v2\/media?parent=1025"}],"wp:term":[{"taxonomy":"category","embeddable":true,"href":"https:\/\/agora.xtec.cat\/insquercus\/wp-json\/wp\/v2\/categories?post=1025"},{"taxonomy":"post_tag","embeddable":true,"href":"https:\/\/agora.xtec.cat\/insquercus\/wp-json\/wp\/v2\/tags?post=1025"}],"curies":[{"name":"wp","href":"https:\/\/api.w.org\/{rel}","templated":true}]}}