{"id":786,"date":"2019-11-06T15:00:30","date_gmt":"2019-11-06T14:00:30","guid":{"rendered":"https:\/\/agora.xtec.cat\/inspontdeldiable\/?p=786"},"modified":"2020-03-14T13:24:30","modified_gmt":"2020-03-14T12:24:30","slug":"taller-de-reaccions-quimiques","status":"publish","type":"post","link":"https:\/\/agora.xtec.cat\/inspontdeldiable\/eso\/eso-3\/taller-de-reaccions-quimiques\/","title":{"rendered":"Taller de reaccions qu\u00edmiques"},"content":{"rendered":"<p><span style=\"font-weight: 400\">Els alumnes 3r d\u2019ESO hem assistit a unes demostracions que ens introdueixen al m\u00f3n de la qu\u00edmica. Hem observat la diversitat de reaccions qu\u00edmiques plantejades de manera did\u00e0ctica i divulgativa.<\/span><\/p>\n<p><span style=\"font-weight: 400\">Qu\u00e8 \u00e9s una reacci\u00f3 qu\u00edmica? Per qu\u00e8 algunes reaccions qu\u00edmiques desprenen calor i d&#8217;altres n&#8217;absorbeixen? Qu\u00e8 \u00e9s una subst\u00e0ncia pura? I un compost? A trav\u00e9s de l&#8217;observaci\u00f3 i l&#8217;experimentaci\u00f3, hem pogut deduir les respostes a aquestes i altres preguntes relacionades amb les subst\u00e0ncies qu\u00edmiques i les seves reaccions.<\/span><\/p>\n<p><img loading=\"lazy\" decoding=\"async\" class=\"aligncenter size-medium wp-image-796\" src=\"https:\/\/agora.xtec.cat\/inspontdeldiable\/wp-content\/uploads\/usu2039\/2019\/11\/Caixa-F\u00f2rum-3rs-ESO-FOTO-Toni-Bara-300x169.jpg\" alt=\"\" width=\"300\" height=\"169\" srcset=\"https:\/\/agora.xtec.cat\/inspontdeldiable\/wp-content\/uploads\/usu2039\/2019\/11\/Caixa-F\u00f2rum-3rs-ESO-FOTO-Toni-Bara-300x169.jpg 300w, https:\/\/agora.xtec.cat\/inspontdeldiable\/wp-content\/uploads\/usu2039\/2019\/11\/Caixa-F\u00f2rum-3rs-ESO-FOTO-Toni-Bara-768x433.jpg 768w, https:\/\/agora.xtec.cat\/inspontdeldiable\/wp-content\/uploads\/usu2039\/2019\/11\/Caixa-F\u00f2rum-3rs-ESO-FOTO-Toni-Bara-1024x577.jpg 1024w\" sizes=\"auto, (max-width: 300px) 100vw, 300px\" \/><\/p>\n<p><img loading=\"lazy\" decoding=\"async\" class=\"wp-image-787 aligncenter\" src=\"https:\/\/agora.xtec.cat\/inspontdeldiable\/wp-content\/uploads\/usu2039\/2020\/03\/Caixa-F\u00f2rum-3rs-ESO-FOTO-Toni-Bara.jpg\" alt=\"\" width=\"432\" height=\"243\" \/><\/p>\n","protected":false},"excerpt":{"rendered":"<p>Els alumnes 3r d\u2019ESO hem assistit a unes demostracions que ens introdueixen al m\u00f3n de la qu\u00edmica. Hem observat la diversitat de reaccions qu\u00edmiques plantejades de manera did\u00e0ctica i divulgativa.<br \/>\nQu\u00e8 \u00e9s una reacci\u00f3 qu\u00edmica? Per qu\u00e8 algunes reaccions qu\u00edmiques desprenen calor i d&#8217;altres n&#8217;absorbeixen? Qu\u00e8&hellip;  <a href=\"https:\/\/agora.xtec.cat\/inspontdeldiable\/eso\/eso-3\/taller-de-reaccions-quimiques\/\" title=\"Read Taller de reaccions qu\u00edmiques\">Llegeix m\u00e9s\u00bb<\/a><\/p>\n","protected":false},"author":3,"featured_media":796,"comment_status":"open","ping_status":"closed","sticky":false,"template":"","format":"standard","meta":{"_bbp_topic_count":0,"_bbp_reply_count":0,"_bbp_total_topic_count":0,"_bbp_total_reply_count":0,"_bbp_voice_count":0,"_bbp_anonymous_reply_count":0,"_bbp_topic_count_hidden":0,"_bbp_reply_count_hidden":0,"_bbp_forum_subforum_count":0,"footnotes":""},"categories":[6,29],"tags":[112,111,39],"class_list":["post-786","post","type-post","status-publish","format-standard","has-post-thumbnail","hentry","category-eso-3","category-portada","tag-3eso","tag-ciencia","tag-sortides"],"post_mailing_queue_ids":[],"_links":{"self":[{"href":"https:\/\/agora.xtec.cat\/inspontdeldiable\/wp-json\/wp\/v2\/posts\/786","targetHints":{"allow":["GET"]}}],"collection":[{"href":"https:\/\/agora.xtec.cat\/inspontdeldiable\/wp-json\/wp\/v2\/posts"}],"about":[{"href":"https:\/\/agora.xtec.cat\/inspontdeldiable\/wp-json\/wp\/v2\/types\/post"}],"author":[{"embeddable":true,"href":"https:\/\/agora.xtec.cat\/inspontdeldiable\/wp-json\/wp\/v2\/users\/3"}],"replies":[{"embeddable":true,"href":"https:\/\/agora.xtec.cat\/inspontdeldiable\/wp-json\/wp\/v2\/comments?post=786"}],"version-history":[{"count":3,"href":"https:\/\/agora.xtec.cat\/inspontdeldiable\/wp-json\/wp\/v2\/posts\/786\/revisions"}],"predecessor-version":[{"id":799,"href":"https:\/\/agora.xtec.cat\/inspontdeldiable\/wp-json\/wp\/v2\/posts\/786\/revisions\/799"}],"wp:featuredmedia":[{"embeddable":true,"href":"https:\/\/agora.xtec.cat\/inspontdeldiable\/wp-json\/wp\/v2\/media\/796"}],"wp:attachment":[{"href":"https:\/\/agora.xtec.cat\/inspontdeldiable\/wp-json\/wp\/v2\/media?parent=786"}],"wp:term":[{"taxonomy":"category","embeddable":true,"href":"https:\/\/agora.xtec.cat\/inspontdeldiable\/wp-json\/wp\/v2\/categories?post=786"},{"taxonomy":"post_tag","embeddable":true,"href":"https:\/\/agora.xtec.cat\/inspontdeldiable\/wp-json\/wp\/v2\/tags?post=786"}],"curies":[{"name":"wp","href":"https:\/\/api.w.org\/{rel}","templated":true}]}}