{"id":2796,"date":"2026-04-07T12:15:19","date_gmt":"2026-04-07T10:15:19","guid":{"rendered":"https:\/\/agora.xtec.cat\/inspontdeldiable\/?p=2796"},"modified":"2026-04-07T12:15:43","modified_gmt":"2026-04-07T10:15:43","slug":"lalumnat-de-3r-deso-participa-en-litinerari-literari-veus-de-dona","status":"publish","type":"post","link":"https:\/\/agora.xtec.cat\/inspontdeldiable\/general\/lalumnat-de-3r-deso-participa-en-litinerari-literari-veus-de-dona\/","title":{"rendered":"L\u2019alumnat de 3r d\u2019ESO participa en l\u2019itinerari literari \u00abVeus de Dona\u00bb"},"content":{"rendered":"<p style=\"font-weight: 400;\">L\u2019alumnat de 3r d\u2019ESO ha recorregut els espais emblem\u00e0tics de la Part Alta de Tarragona en un itinerari literari per grups cooperatius. En cada parada, els estudiants han actuat com a guies, vinculant textos d&#8217;autores catalanes amb l&#8217;entorn i realitzant lectures expressives. Aquesta activitat ha perm\u00e8s redescobrir el patrimoni de la ciutat a trav\u00e9s de la veu i la mirada cr\u00edtica dels nostres joves.<\/p>\n<p><img loading=\"lazy\" decoding=\"async\" class=\"size-medium wp-image-2797 alignnone aligncenter\" src=\"https:\/\/agora.xtec.cat\/inspontdeldiable\/wp-content\/uploads\/usu2039\/2026\/04\/Al-Balco-300x226.jpg\" alt=\"\" width=\"300\" height=\"226\" srcset=\"https:\/\/agora.xtec.cat\/inspontdeldiable\/wp-content\/uploads\/usu2039\/2026\/04\/Al-Balco-300x226.jpg 300w, https:\/\/agora.xtec.cat\/inspontdeldiable\/wp-content\/uploads\/usu2039\/2026\/04\/Al-Balco-1024x771.jpg 1024w, https:\/\/agora.xtec.cat\/inspontdeldiable\/wp-content\/uploads\/usu2039\/2026\/04\/Al-Balco-768x578.jpg 768w, https:\/\/agora.xtec.cat\/inspontdeldiable\/wp-content\/uploads\/usu2039\/2026\/04\/Al-Balco-1536x1156.jpg 1536w, https:\/\/agora.xtec.cat\/inspontdeldiable\/wp-content\/uploads\/usu2039\/2026\/04\/Al-Balco-200x150.jpg 200w, https:\/\/agora.xtec.cat\/inspontdeldiable\/wp-content\/uploads\/usu2039\/2026\/04\/Al-Balco.jpg 1600w\" sizes=\"auto, (max-width: 300px) 100vw, 300px\" \/><\/p>\n<p><img loading=\"lazy\" decoding=\"async\" class=\"size-medium wp-image-2798 alignnone aligncenter\" src=\"https:\/\/agora.xtec.cat\/inspontdeldiable\/wp-content\/uploads\/usu2039\/2026\/04\/A-la-Catedral-200x300.jpg\" alt=\"\" width=\"200\" height=\"300\" srcset=\"https:\/\/agora.xtec.cat\/inspontdeldiable\/wp-content\/uploads\/usu2039\/2026\/04\/A-la-Catedral-200x300.jpg 200w, https:\/\/agora.xtec.cat\/inspontdeldiable\/wp-content\/uploads\/usu2039\/2026\/04\/A-la-Catedral-683x1024.jpg 683w, https:\/\/agora.xtec.cat\/inspontdeldiable\/wp-content\/uploads\/usu2039\/2026\/04\/A-la-Catedral-768x1152.jpg 768w, https:\/\/agora.xtec.cat\/inspontdeldiable\/wp-content\/uploads\/usu2039\/2026\/04\/A-la-Catedral-1024x1536.jpg 1024w, https:\/\/agora.xtec.cat\/inspontdeldiable\/wp-content\/uploads\/usu2039\/2026\/04\/A-la-Catedral-1365x2048.jpg 1365w, https:\/\/agora.xtec.cat\/inspontdeldiable\/wp-content\/uploads\/usu2039\/2026\/04\/A-la-Catedral-scaled.jpg 1707w\" sizes=\"auto, (max-width: 200px) 100vw, 200px\" \/><\/p>\n","protected":false},"excerpt":{"rendered":"<p>L\u2019alumnat de 3r d\u2019ESO ha recorregut els espais emblem\u00e0tics de la Part Alta de Tarragona en un itinerari literari per grups cooperatius. En cada parada, els estudiants han actuat com a guies, vinculant textos d&#8217;autores catalanes amb l&#8217;entorn i realitzant lectures expressives. Aquesta activitat ha&hellip;  <a href=\"https:\/\/agora.xtec.cat\/inspontdeldiable\/general\/lalumnat-de-3r-deso-participa-en-litinerari-literari-veus-de-dona\/\" title=\"Read L\u2019alumnat de 3r d\u2019ESO participa en l\u2019itinerari literari \u00abVeus de Dona\u00bb\">Llegeix m\u00e9s\u00bb<\/a><\/p>\n","protected":false},"author":1,"featured_media":2797,"comment_status":"open","ping_status":"open","sticky":false,"template":"","format":"standard","meta":{"_bbp_topic_count":0,"_bbp_reply_count":0,"_bbp_total_topic_count":0,"_bbp_total_reply_count":0,"_bbp_voice_count":0,"_bbp_anonymous_reply_count":0,"_bbp_topic_count_hidden":0,"_bbp_reply_count_hidden":0,"_bbp_forum_subforum_count":0,"footnotes":""},"categories":[3,6,1,29],"tags":[],"class_list":["post-2796","post","type-post","status-publish","format-standard","has-post-thumbnail","hentry","category-eso","category-eso-3","category-general","category-portada"],"post_mailing_queue_ids":[],"_links":{"self":[{"href":"https:\/\/agora.xtec.cat\/inspontdeldiable\/wp-json\/wp\/v2\/posts\/2796","targetHints":{"allow":["GET"]}}],"collection":[{"href":"https:\/\/agora.xtec.cat\/inspontdeldiable\/wp-json\/wp\/v2\/posts"}],"about":[{"href":"https:\/\/agora.xtec.cat\/inspontdeldiable\/wp-json\/wp\/v2\/types\/post"}],"author":[{"embeddable":true,"href":"https:\/\/agora.xtec.cat\/inspontdeldiable\/wp-json\/wp\/v2\/users\/1"}],"replies":[{"embeddable":true,"href":"https:\/\/agora.xtec.cat\/inspontdeldiable\/wp-json\/wp\/v2\/comments?post=2796"}],"version-history":[{"count":1,"href":"https:\/\/agora.xtec.cat\/inspontdeldiable\/wp-json\/wp\/v2\/posts\/2796\/revisions"}],"predecessor-version":[{"id":2799,"href":"https:\/\/agora.xtec.cat\/inspontdeldiable\/wp-json\/wp\/v2\/posts\/2796\/revisions\/2799"}],"wp:featuredmedia":[{"embeddable":true,"href":"https:\/\/agora.xtec.cat\/inspontdeldiable\/wp-json\/wp\/v2\/media\/2797"}],"wp:attachment":[{"href":"https:\/\/agora.xtec.cat\/inspontdeldiable\/wp-json\/wp\/v2\/media?parent=2796"}],"wp:term":[{"taxonomy":"category","embeddable":true,"href":"https:\/\/agora.xtec.cat\/inspontdeldiable\/wp-json\/wp\/v2\/categories?post=2796"},{"taxonomy":"post_tag","embeddable":true,"href":"https:\/\/agora.xtec.cat\/inspontdeldiable\/wp-json\/wp\/v2\/tags?post=2796"}],"curies":[{"name":"wp","href":"https:\/\/api.w.org\/{rel}","templated":true}]}}