{"id":2788,"date":"2026-03-16T09:42:18","date_gmt":"2026-03-16T08:42:18","guid":{"rendered":"https:\/\/agora.xtec.cat\/inspontdeldiable\/?p=2788"},"modified":"2026-03-16T09:42:57","modified_gmt":"2026-03-16T08:42:57","slug":"veus-silenciades-les-dones-medievals-de-la-corona-darago","status":"publish","type":"post","link":"https:\/\/agora.xtec.cat\/inspontdeldiable\/general\/veus-silenciades-les-dones-medievals-de-la-corona-darago\/","title":{"rendered":"Veus silenciades: les dones medievals de la Corona d\u2019Arag\u00f3"},"content":{"rendered":"<div dir=\"ltr\" style=\"text-align: justify;\">Amb motiu del 8 de mar\u00e7, Dia Internacional de les Dones, els alumnes de 2n d\u2019ESO han participat en un projecte interdisciplinari dedicat a descobrir i donar visibilitat a dones medievals de la Corona d\u2019Arag\u00f3. Tot i la seva influ\u00e8ncia en la pol\u00edtica, la cultura o la religi\u00f3, moltes d\u2019elles han quedat sovint fora dels relats hist\u00f2rics m\u00e9s coneguts.<\/div>\n<div dir=\"ltr\"><\/div>\n<div dir=\"ltr\" style=\"text-align: justify;\">A partir d\u2019un treball de recerca fet per parelles a l\u2019assignatura de Ci\u00e8ncies Socials, els alumnes han investigat la vida i el llegat d\u2019aquestes figures femenines. Posteriorment, a l\u2019assignatura d\u2019angl\u00e8s, han tradu\u00eft els textos i han preparat la versi\u00f3 en aquesta llengua.<\/div>\n<div dir=\"ltr\"><\/div>\n<div dir=\"ltr\" style=\"text-align: justify;\">El projecte ha culminat amb la gravaci\u00f3 d\u2019un p\u00f2dcast en catal\u00e0 i en angl\u00e8s, realitzat pels mateixos alumnes. Els \u00e0udios que acompanyen aquesta not\u00edcia s\u00f3n una mostra del treball fet a classe: la versi\u00f3 en catal\u00e0 del grup de 2n A i la versi\u00f3 en angl\u00e8s del grup de 2n B. A m\u00e9s, com a part del projecte, els alumnes tamb\u00e9 han elaborat una exposici\u00f3 visual sobre aquestes dones medievals, que actualment es pot veure a l\u2019entrada del centre.<\/div>\n<div dir=\"ltr\" style=\"text-align: justify;\"><\/div>\n<div dir=\"ltr\" style=\"text-align: justify;\">&#8211; <a href=\"https:\/\/drive.google.com\/file\/d\/1ZkktvS1oAMGOGdmUoqKWpvr3SZYZzIGx\/view?usp=sharing\">versi\u00f3 en catal\u00e0 del grup de 2n A<\/a><\/div>\n<div dir=\"ltr\" style=\"text-align: justify;\"><\/div>\n<div dir=\"ltr\" style=\"text-align: justify;\">&#8211; <a href=\"https:\/\/drive.google.com\/file\/d\/1TleoeOz_f5YW_nHMepzitOYmy3_WAJdm\/view?usp=sharing\">versi\u00f3 en angl\u00e8s del grup de 2n B\u00a0<\/a><\/div>\n","protected":false},"excerpt":{"rendered":"<p>Amb motiu del 8 de mar\u00e7, Dia Internacional de les Dones, els alumnes de 2n d\u2019ESO han participat en un projecte interdisciplinari dedicat a descobrir i donar visibilitat a dones medievals de la Corona d\u2019Arag\u00f3. Tot i la seva influ\u00e8ncia en la pol\u00edtica, la cultura&hellip;  <a href=\"https:\/\/agora.xtec.cat\/inspontdeldiable\/general\/veus-silenciades-les-dones-medievals-de-la-corona-darago\/\" title=\"Read Veus silenciades: les dones medievals de la Corona d\u2019Arag\u00f3\">Llegeix m\u00e9s\u00bb<\/a><\/p>\n","protected":false},"author":1,"featured_media":0,"comment_status":"open","ping_status":"open","sticky":false,"template":"","format":"standard","meta":{"_bbp_topic_count":0,"_bbp_reply_count":0,"_bbp_total_topic_count":0,"_bbp_total_reply_count":0,"_bbp_voice_count":0,"_bbp_anonymous_reply_count":0,"_bbp_topic_count_hidden":0,"_bbp_reply_count_hidden":0,"_bbp_forum_subforum_count":0,"footnotes":""},"categories":[3,5,1,29],"tags":[],"class_list":["post-2788","post","type-post","status-publish","format-standard","hentry","category-eso","category-eso-2","category-general","category-portada"],"post_mailing_queue_ids":[],"_links":{"self":[{"href":"https:\/\/agora.xtec.cat\/inspontdeldiable\/wp-json\/wp\/v2\/posts\/2788","targetHints":{"allow":["GET"]}}],"collection":[{"href":"https:\/\/agora.xtec.cat\/inspontdeldiable\/wp-json\/wp\/v2\/posts"}],"about":[{"href":"https:\/\/agora.xtec.cat\/inspontdeldiable\/wp-json\/wp\/v2\/types\/post"}],"author":[{"embeddable":true,"href":"https:\/\/agora.xtec.cat\/inspontdeldiable\/wp-json\/wp\/v2\/users\/1"}],"replies":[{"embeddable":true,"href":"https:\/\/agora.xtec.cat\/inspontdeldiable\/wp-json\/wp\/v2\/comments?post=2788"}],"version-history":[{"count":3,"href":"https:\/\/agora.xtec.cat\/inspontdeldiable\/wp-json\/wp\/v2\/posts\/2788\/revisions"}],"predecessor-version":[{"id":2791,"href":"https:\/\/agora.xtec.cat\/inspontdeldiable\/wp-json\/wp\/v2\/posts\/2788\/revisions\/2791"}],"wp:attachment":[{"href":"https:\/\/agora.xtec.cat\/inspontdeldiable\/wp-json\/wp\/v2\/media?parent=2788"}],"wp:term":[{"taxonomy":"category","embeddable":true,"href":"https:\/\/agora.xtec.cat\/inspontdeldiable\/wp-json\/wp\/v2\/categories?post=2788"},{"taxonomy":"post_tag","embeddable":true,"href":"https:\/\/agora.xtec.cat\/inspontdeldiable\/wp-json\/wp\/v2\/tags?post=2788"}],"curies":[{"name":"wp","href":"https:\/\/api.w.org\/{rel}","templated":true}]}}