{"id":2717,"date":"2025-06-30T12:51:40","date_gmt":"2025-06-30T10:51:40","guid":{"rendered":"https:\/\/agora.xtec.cat\/inspontdeldiable\/?p=2717"},"modified":"2025-07-01T11:30:11","modified_gmt":"2025-07-01T09:30:11","slug":"important-presentacio-i-acollida-primer-dia-del-curs-2025-26","status":"publish","type":"post","link":"https:\/\/agora.xtec.cat\/inspontdeldiable\/general\/important-presentacio-i-acollida-primer-dia-del-curs-2025-26\/","title":{"rendered":"IMPORTANT! Presentaci\u00f3 i acollida primer dia del curs 2025-26"},"content":{"rendered":"<p><img loading=\"lazy\" decoding=\"async\" class=\"alignnone size-medium wp-image-2718 aligncenter\" src=\"https:\/\/agora.xtec.cat\/inspontdeldiable\/wp-content\/uploads\/usu2039\/2025\/06\/Tornada-a-classe-212x300.png\" alt=\"\" width=\"212\" height=\"300\" srcset=\"https:\/\/agora.xtec.cat\/inspontdeldiable\/wp-content\/uploads\/usu2039\/2025\/06\/Tornada-a-classe-212x300.png 212w, https:\/\/agora.xtec.cat\/inspontdeldiable\/wp-content\/uploads\/usu2039\/2025\/06\/Tornada-a-classe-724x1024.png 724w, https:\/\/agora.xtec.cat\/inspontdeldiable\/wp-content\/uploads\/usu2039\/2025\/06\/Tornada-a-classe-768x1086.png 768w, https:\/\/agora.xtec.cat\/inspontdeldiable\/wp-content\/uploads\/usu2039\/2025\/06\/Tornada-a-classe-1086x1536.png 1086w, https:\/\/agora.xtec.cat\/inspontdeldiable\/wp-content\/uploads\/usu2039\/2025\/06\/Tornada-a-classe-1448x2048.png 1448w, https:\/\/agora.xtec.cat\/inspontdeldiable\/wp-content\/uploads\/usu2039\/2025\/06\/Tornada-a-classe.png 1587w\" sizes=\"auto, (max-width: 212px) 100vw, 212px\" \/><\/p>\n<p>&nbsp;<\/p>\n<p>Benvolgudes fam\u00edlies i alumnes,<\/p>\n<p>A continuaci\u00f3 trobareu l&#8217;enlla\u00e7 amb la informaci\u00f3 sobre l&#8217;horari de la presentaci\u00f3 del primer dia segons ensenyaments i nivells.<\/p>\n<p><a href=\"https:\/\/drive.google.com\/file\/d\/1BJab1h1TffVAtqNp4VITy_KZmcBJKhE8\/view?usp=sharing\">ESO Presentaci\u00f3 i acollida<\/a><\/p>\n<p><a href=\"https:\/\/drive.google.com\/file\/d\/1OW31zsC0DFdwSJG3AW7fAzA7DS0niuuo\/view?usp=drive_link\">CFGM Presentaci\u00f3 i acollida<\/a><\/p>\n","protected":false},"excerpt":{"rendered":"<p>&nbsp;<br \/>\nBenvolgudes fam\u00edlies i alumnes,<br \/>\nA continuaci\u00f3 trobareu l&#8217;enlla\u00e7 amb la informaci\u00f3 sobre l&#8217;horari de la presentaci\u00f3 del primer dia segons ensenyaments i nivells.<br \/>\n<a href=\"https:\/\/drive.google.com\/file\/d\/1BJab1h1TffVAtqNp4VITy_KZmcBJKhE8\/view?usp=sharing\">ESO Presentaci\u00f3 i acollida<\/a><br \/>\n<a href=\"https:\/\/drive.google.com\/file\/d\/1OW31zsC0DFdwSJG3AW7fAzA7DS0niuuo\/view?usp=drive_link\">CFGM Presentaci\u00f3 i acollida<\/a><\/p>\n","protected":false},"author":1,"featured_media":0,"comment_status":"open","ping_status":"open","sticky":false,"template":"","format":"standard","meta":{"_bbp_topic_count":0,"_bbp_reply_count":0,"_bbp_total_topic_count":0,"_bbp_total_reply_count":0,"_bbp_voice_count":0,"_bbp_anonymous_reply_count":0,"_bbp_topic_count_hidden":0,"_bbp_reply_count_hidden":0,"_bbp_forum_subforum_count":0,"footnotes":""},"categories":[1,29],"tags":[],"class_list":["post-2717","post","type-post","status-publish","format-standard","hentry","category-general","category-portada"],"post_mailing_queue_ids":[],"_links":{"self":[{"href":"https:\/\/agora.xtec.cat\/inspontdeldiable\/wp-json\/wp\/v2\/posts\/2717","targetHints":{"allow":["GET"]}}],"collection":[{"href":"https:\/\/agora.xtec.cat\/inspontdeldiable\/wp-json\/wp\/v2\/posts"}],"about":[{"href":"https:\/\/agora.xtec.cat\/inspontdeldiable\/wp-json\/wp\/v2\/types\/post"}],"author":[{"embeddable":true,"href":"https:\/\/agora.xtec.cat\/inspontdeldiable\/wp-json\/wp\/v2\/users\/1"}],"replies":[{"embeddable":true,"href":"https:\/\/agora.xtec.cat\/inspontdeldiable\/wp-json\/wp\/v2\/comments?post=2717"}],"version-history":[{"count":6,"href":"https:\/\/agora.xtec.cat\/inspontdeldiable\/wp-json\/wp\/v2\/posts\/2717\/revisions"}],"predecessor-version":[{"id":2722,"href":"https:\/\/agora.xtec.cat\/inspontdeldiable\/wp-json\/wp\/v2\/posts\/2717\/revisions\/2722"}],"wp:attachment":[{"href":"https:\/\/agora.xtec.cat\/inspontdeldiable\/wp-json\/wp\/v2\/media?parent=2717"}],"wp:term":[{"taxonomy":"category","embeddable":true,"href":"https:\/\/agora.xtec.cat\/inspontdeldiable\/wp-json\/wp\/v2\/categories?post=2717"},{"taxonomy":"post_tag","embeddable":true,"href":"https:\/\/agora.xtec.cat\/inspontdeldiable\/wp-json\/wp\/v2\/tags?post=2717"}],"curies":[{"name":"wp","href":"https:\/\/api.w.org\/{rel}","templated":true}]}}