{"id":2708,"date":"2025-06-30T11:33:10","date_gmt":"2025-06-30T09:33:10","guid":{"rendered":"https:\/\/agora.xtec.cat\/inspontdeldiable\/?p=2708"},"modified":"2025-06-30T13:18:02","modified_gmt":"2025-06-30T11:18:02","slug":"llibres-de-text-curs-2025-2026","status":"publish","type":"post","link":"https:\/\/agora.xtec.cat\/inspontdeldiable\/general\/llibres-de-text-curs-2025-2026\/","title":{"rendered":"Llibres de text curs 2025-2026"},"content":{"rendered":"<p>&nbsp;<\/p>\n<p><a href=\"https:\/\/drive.google.com\/file\/d\/1Apza7smVXxzH8mjBwBVXTSaZV_Uhy7EH\/view?usp=drive_link\"><strong><img loading=\"lazy\" decoding=\"async\" class=\"size-medium wp-image-2704 aligncenter\" src=\"https:\/\/agora.xtec.cat\/inspontdeldiable\/wp-content\/uploads\/usu2039\/2025\/06\/RECOLLIDA-LLIBRES-ESO1-212x300.png\" alt=\"\" width=\"212\" height=\"300\" srcset=\"https:\/\/agora.xtec.cat\/inspontdeldiable\/wp-content\/uploads\/usu2039\/2025\/06\/RECOLLIDA-LLIBRES-ESO1-212x300.png 212w, https:\/\/agora.xtec.cat\/inspontdeldiable\/wp-content\/uploads\/usu2039\/2025\/06\/RECOLLIDA-LLIBRES-ESO1-724x1024.png 724w, https:\/\/agora.xtec.cat\/inspontdeldiable\/wp-content\/uploads\/usu2039\/2025\/06\/RECOLLIDA-LLIBRES-ESO1-768x1086.png 768w, https:\/\/agora.xtec.cat\/inspontdeldiable\/wp-content\/uploads\/usu2039\/2025\/06\/RECOLLIDA-LLIBRES-ESO1-1086x1536.png 1086w, https:\/\/agora.xtec.cat\/inspontdeldiable\/wp-content\/uploads\/usu2039\/2025\/06\/RECOLLIDA-LLIBRES-ESO1.png 1414w\" sizes=\"auto, (max-width: 212px) 100vw, 212px\" \/><\/strong><\/a><\/p>\n<p>Benvolgudes fam\u00edlies,<\/p>\n<p>En aquest article teniu disponible els llistats dels llibres de text per cursos.<\/p>\n<p>El centre els facilita a trav\u00e9s del<strong> programa de socialitzaci\u00f3 de llibres<\/strong>, per\u00f2 tamb\u00e9 es poden comprar a qualsevol botiga. L&#8217;alumnat d&#8217;ESO haur\u00e0 de recollir els llibres socialitzats en els dies indicats a la imatge. A l&#8217;alumnat de CFGM\u00a0 se li facilitaran els llibres socialitzats el primer dia de classe.<\/p>\n<p><strong>Llibres per cursos:<\/strong><\/p>\n<p><a href=\"https:\/\/drive.google.com\/file\/d\/1fRbKCCic-XiWXhNg3EiKlggrTNkPAtGC\/view?usp=drive_link\">1r ESO llibres de text 2025-26<\/a><\/p>\n<p><a href=\"https:\/\/drive.google.com\/file\/d\/1tZETTGWZ4VpfJJWbYng8ddEVKJqv80xk\/view?usp=drive_link\">2n ESO llibres de text 2025-26<\/a><\/p>\n<p><a href=\"https:\/\/drive.google.com\/file\/d\/1Apza7smVXxzH8mjBwBVXTSaZV_Uhy7EH\/view?usp=drive_link\">3r ESO llibres de text 2025-26<\/a><\/p>\n<p><a href=\"https:\/\/drive.google.com\/file\/d\/1dqd_PJ6AbOpkuR79zXwHARmFmCV1c0EM\/view?usp=drive_link\">4t ESO llibres de text 2025-26<\/a><\/p>\n<p><a href=\"https:\/\/drive.google.com\/file\/d\/1rm7W_FFAqXrk8XHibehiu9NBxu_psZC9\/view?usp=drive_link\">Aula Oberta\u00a0 llibres de text 2025-26<\/a><\/p>\n","protected":false},"excerpt":{"rendered":"<p>&nbsp;<br \/>\n<a href=\"https:\/\/drive.google.com\/file\/d\/1Apza7smVXxzH8mjBwBVXTSaZV_Uhy7EH\/view?usp=drive_link\"><\/a><br \/>\nBenvolgudes fam\u00edlies,<br \/>\nEn aquest article teniu disponible els llistats dels llibres de text per cursos.<br \/>\nEl centre els facilita a trav\u00e9s del programa de socialitzaci\u00f3 de llibres, per\u00f2 tamb\u00e9 es poden comprar a qualsevol botiga. L&#8217;alumnat d&#8217;ESO haur\u00e0 de recollir els llibres socialitzats en els dies&hellip;  <a href=\"https:\/\/agora.xtec.cat\/inspontdeldiable\/general\/llibres-de-text-curs-2025-2026\/\" title=\"Read Llibres de text curs 2025-2026\">Llegeix m\u00e9s\u00bb<\/a><\/p>\n","protected":false},"author":1,"featured_media":0,"comment_status":"open","ping_status":"open","sticky":false,"template":"","format":"standard","meta":{"_bbp_topic_count":0,"_bbp_reply_count":0,"_bbp_total_topic_count":0,"_bbp_total_reply_count":0,"_bbp_voice_count":0,"_bbp_anonymous_reply_count":0,"_bbp_topic_count_hidden":0,"_bbp_reply_count_hidden":0,"_bbp_forum_subforum_count":0,"footnotes":""},"categories":[1,29],"tags":[],"class_list":["post-2708","post","type-post","status-publish","format-standard","hentry","category-general","category-portada"],"post_mailing_queue_ids":[],"_links":{"self":[{"href":"https:\/\/agora.xtec.cat\/inspontdeldiable\/wp-json\/wp\/v2\/posts\/2708","targetHints":{"allow":["GET"]}}],"collection":[{"href":"https:\/\/agora.xtec.cat\/inspontdeldiable\/wp-json\/wp\/v2\/posts"}],"about":[{"href":"https:\/\/agora.xtec.cat\/inspontdeldiable\/wp-json\/wp\/v2\/types\/post"}],"author":[{"embeddable":true,"href":"https:\/\/agora.xtec.cat\/inspontdeldiable\/wp-json\/wp\/v2\/users\/1"}],"replies":[{"embeddable":true,"href":"https:\/\/agora.xtec.cat\/inspontdeldiable\/wp-json\/wp\/v2\/comments?post=2708"}],"version-history":[{"count":3,"href":"https:\/\/agora.xtec.cat\/inspontdeldiable\/wp-json\/wp\/v2\/posts\/2708\/revisions"}],"predecessor-version":[{"id":2726,"href":"https:\/\/agora.xtec.cat\/inspontdeldiable\/wp-json\/wp\/v2\/posts\/2708\/revisions\/2726"}],"wp:attachment":[{"href":"https:\/\/agora.xtec.cat\/inspontdeldiable\/wp-json\/wp\/v2\/media?parent=2708"}],"wp:term":[{"taxonomy":"category","embeddable":true,"href":"https:\/\/agora.xtec.cat\/inspontdeldiable\/wp-json\/wp\/v2\/categories?post=2708"},{"taxonomy":"post_tag","embeddable":true,"href":"https:\/\/agora.xtec.cat\/inspontdeldiable\/wp-json\/wp\/v2\/tags?post=2708"}],"curies":[{"name":"wp","href":"https:\/\/api.w.org\/{rel}","templated":true}]}}