{"id":2665,"date":"2025-05-28T13:28:12","date_gmt":"2025-05-28T11:28:12","guid":{"rendered":"https:\/\/agora.xtec.cat\/inspontdeldiable\/?p=2665"},"modified":"2025-05-28T13:30:12","modified_gmt":"2025-05-28T11:30:12","slug":"4t-deso-viatge-de-final-detapa-a-cantabria","status":"publish","type":"post","link":"https:\/\/agora.xtec.cat\/inspontdeldiable\/general\/4t-deso-viatge-de-final-detapa-a-cantabria\/","title":{"rendered":"4t d\u2019ESO: Viatge de final d\u2019etapa a Cant\u00e0bria!"},"content":{"rendered":"<p><span style=\"font-weight: 400;\">L\u2019alumnat de 4t d\u2019ESO ja est\u00e0 a punt de tancar la seva etapa a l\u2019Institut Pont del Diable i ho ha fet de la millor manera possible: amb un viatge inoblidable de quatre dies a Cant\u00e0bria. Els nois i les noies han descobert les viles de Santillana del Mar, Comillas i Boo de Pi\u00e9lagos, han fet canoa a trav\u00e9s de la ria de Pi\u00e9lagos, han descobert Villapresente i el seu laberint, han visitat les Coves d\u2019Altamira, el parc natural de Cab\u00e1rceno, el Capricho modernista de Gaud\u00ed\u2026 i tamb\u00e9 han pogut gaudir de dues tardes diferents a les ciutats de Bilbao i Sant Sebasti\u00e0, al Pa\u00eds Basc.<\/span><\/p>\n<p>&nbsp;<\/p>\n<p><span style=\"font-weight: 400;\">Han gaudit de l\u2019experi\u00e8ncia i ara ja nom\u00e9s els queda el darrer esfor\u00e7 per acabar el curs. Molts \u00e0nims!<\/span><\/p>\n<p>Podeu veure algunes fotos clicant a la seg\u00fcent imatge:<\/p>\n<p><a href=\"https:\/\/drive.google.com\/drive\/folders\/1V5eiHjMSU2_ma9EumouuFaH2rrRE7efx?usp=sharing\"><img loading=\"lazy\" decoding=\"async\" class=\"wp-image-2666 aligncenter\" src=\"https:\/\/agora.xtec.cat\/inspontdeldiable\/wp-content\/uploads\/usu2039\/2025\/05\/IMG-20250515-WA00532-e1748431635798-300x167.jpg\" alt=\"\" width=\"498\" height=\"277\" srcset=\"https:\/\/agora.xtec.cat\/inspontdeldiable\/wp-content\/uploads\/usu2039\/2025\/05\/IMG-20250515-WA00532-e1748431635798-300x167.jpg 300w, https:\/\/agora.xtec.cat\/inspontdeldiable\/wp-content\/uploads\/usu2039\/2025\/05\/IMG-20250515-WA00532-e1748431635798-768x427.jpg 768w, https:\/\/agora.xtec.cat\/inspontdeldiable\/wp-content\/uploads\/usu2039\/2025\/05\/IMG-20250515-WA00532-e1748431635798.jpg 850w\" sizes=\"auto, (max-width: 498px) 100vw, 498px\" \/><\/a><\/p>\n","protected":false},"excerpt":{"rendered":"<p>L\u2019alumnat de 4t d\u2019ESO ja est\u00e0 a punt de tancar la seva etapa a l\u2019Institut Pont del Diable i ho ha fet de la millor manera possible: amb un viatge inoblidable de quatre dies a Cant\u00e0bria. Els nois i les noies han descobert les viles&hellip;  <a href=\"https:\/\/agora.xtec.cat\/inspontdeldiable\/general\/4t-deso-viatge-de-final-detapa-a-cantabria\/\" title=\"Read 4t d\u2019ESO: Viatge de final d\u2019etapa a Cant\u00e0bria!\">Llegeix m\u00e9s\u00bb<\/a><\/p>\n","protected":false},"author":1,"featured_media":2666,"comment_status":"open","ping_status":"closed","sticky":false,"template":"","format":"standard","meta":{"_bbp_topic_count":0,"_bbp_reply_count":0,"_bbp_total_topic_count":0,"_bbp_total_reply_count":0,"_bbp_voice_count":0,"_bbp_anonymous_reply_count":0,"_bbp_topic_count_hidden":0,"_bbp_reply_count_hidden":0,"_bbp_forum_subforum_count":0,"footnotes":""},"categories":[3,7,1,29],"tags":[],"class_list":["post-2665","post","type-post","status-publish","format-standard","has-post-thumbnail","hentry","category-eso","category-eso-4","category-general","category-portada"],"post_mailing_queue_ids":[],"_links":{"self":[{"href":"https:\/\/agora.xtec.cat\/inspontdeldiable\/wp-json\/wp\/v2\/posts\/2665","targetHints":{"allow":["GET"]}}],"collection":[{"href":"https:\/\/agora.xtec.cat\/inspontdeldiable\/wp-json\/wp\/v2\/posts"}],"about":[{"href":"https:\/\/agora.xtec.cat\/inspontdeldiable\/wp-json\/wp\/v2\/types\/post"}],"author":[{"embeddable":true,"href":"https:\/\/agora.xtec.cat\/inspontdeldiable\/wp-json\/wp\/v2\/users\/1"}],"replies":[{"embeddable":true,"href":"https:\/\/agora.xtec.cat\/inspontdeldiable\/wp-json\/wp\/v2\/comments?post=2665"}],"version-history":[{"count":3,"href":"https:\/\/agora.xtec.cat\/inspontdeldiable\/wp-json\/wp\/v2\/posts\/2665\/revisions"}],"predecessor-version":[{"id":2669,"href":"https:\/\/agora.xtec.cat\/inspontdeldiable\/wp-json\/wp\/v2\/posts\/2665\/revisions\/2669"}],"wp:featuredmedia":[{"embeddable":true,"href":"https:\/\/agora.xtec.cat\/inspontdeldiable\/wp-json\/wp\/v2\/media\/2666"}],"wp:attachment":[{"href":"https:\/\/agora.xtec.cat\/inspontdeldiable\/wp-json\/wp\/v2\/media?parent=2665"}],"wp:term":[{"taxonomy":"category","embeddable":true,"href":"https:\/\/agora.xtec.cat\/inspontdeldiable\/wp-json\/wp\/v2\/categories?post=2665"},{"taxonomy":"post_tag","embeddable":true,"href":"https:\/\/agora.xtec.cat\/inspontdeldiable\/wp-json\/wp\/v2\/tags?post=2665"}],"curies":[{"name":"wp","href":"https:\/\/api.w.org\/{rel}","templated":true}]}}